{"id":168813,"date":"2025-10-11T04:09:08","date_gmt":"2025-10-11T04:09:08","guid":{"rendered":"https:\/\/www.europesays.com\/es\/168813\/"},"modified":"2025-10-11T04:09:08","modified_gmt":"2025-10-11T04:09:08","slug":"la-edicion-en-2015-y-en-2025","status":"publish","type":"post","link":"https:\/\/www.europesays.com\/es\/168813\/","title":{"rendered":"La edici\u00f3n en 2015 y en 2025"},"content":{"rendered":"<p data-gtm-element-container=\"modulo-texto-link\" class=\"paragraph\">En sucesivos encuentros de las pasadas semanas, primero en el Forum Edita Barcelona y despu\u00e9s en las Conversaciones literarias de Formentor, celebradas en Aranjuez, hemos tenido oportunidad de comentar con editores en activo un tema sustancioso. \u00bfC\u00f3mo ha cambiado el mundo del libro en los \u00faltimos diez a\u00f1os?<\/p>\n<p data-gtm-element-container=\"modulo-texto-link\" class=\"paragraph\">En la cr\u00f3nica Pasi\u00f3n por editar, que se present\u00f3 en el Forum, consta que hace diez a\u00f1os preocupaban b\u00e1sicamente siete temas: c\u00f3mo superar la crisis econ\u00f3mica, que entonces a\u00fan brindaba serios coletazos; el descenso de la lectura entre la poblaci\u00f3n; la fragilidad de las librer\u00edas; \u00bfqu\u00e9 interesa al p\u00fablico joven? \u00bfVa a seguir leyendo?; \u00bfsustituir\u00e1 la lectura en formato digital a la de papel?; la pirater\u00eda editorial, y, por \u00faltimo: \u00bfc\u00f3mo proteger institucionalmente los contenidos culturales?<\/p>\n<p>\u2044 El Forum Edita y las Conversaciones de Formentor debaten el impacto de la IA en el mundo del libro<\/p>\n<p data-gtm-element-container=\"modulo-texto-link\" class=\"paragraph\">La cr\u00f3nica en cuesti\u00f3n recoge que en 2016, Jos\u00e9 Creuheras (Planeta) ya avisaba de que el mundo del libro \u201cestaba atravesando la mayor transformaci\u00f3n desde Gutenberg\u201d. En 2018, Markus Dohle ( Penguin Random House), manifestaba que el comercio electr\u00f3nico hab\u00eda mejorado el mercado, al permitir vender libros las 24 horas del d\u00eda, y el negocio de los audiolibros comenzaba a consolidarse. Carlo Feltrinelli, en 2019, carg\u00f3 contra Amazon y afirm\u00f3 que \u201chemos pasado de la era Gutenberg a la era Zuckenberg\u201d.<\/p>\n<p data-gtm-element-container=\"modulo-texto-link\" class=\"paragraph\">La pandemia aceler\u00f3 la transformaci\u00f3n del mundo del libro. En 2020 creci\u00f3 un 20% el comercio digital, se intensific\u00f3 notablemente el h\u00e1bito de la lectura, en las editoriales se impuso el teletrabajo. Hubo gran incremento en ventas en bolsillo y de literatura infantil; el mercado se diversific\u00f3.<\/p>\n<p data-gtm-element-container=\"modulo-texto-link\" class=\"paragraph\">En estos a\u00f1os se ha impuesto la ecoedici\u00f3n. En Francia, el 95% del papel de los libros ya es certificado o reciclado. La impresi\u00f3n bajo demanda permite responder r\u00e1pido a pedidos. Y hasta la red TikTok genera grandes ventas con sus recomendaciones.<\/p>\n<p data-gtm-element-container=\"modulo-texto-link\" class=\"paragraph\">Numerosas librer\u00edas, amenazadas por la transformaci\u00f3n de los centros urbanos, se han reinventado, fidelizando a la clientela con una atenci\u00f3n muy personal, espacios atractivos, actividades permanentes.\u00a0<\/p>\n<p data-gtm-element-container=\"modulo-texto-link\" class=\"paragraph\">En suma, de los temas que preocupaban en 2015, cuando se empieza a gestar el Foro Edita, tenemos que la crisis econ\u00f3mica en el sector se ha superado y Espa\u00f1a es el \u00fanico pa\u00eds europeo que lleva una d\u00e9cada de crecimiento ininterrumpido. Se crean nuevos modelos de librer\u00edas y se abren establecimientos en todo el pa\u00eds. Entre el p\u00fablico joven, el g\u00e9nero del romantasy arrasa.<\/p>\n<p data-gtm-element-container=\"modulo-texto-link\" class=\"paragraph\">\u00bfSustituir\u00e1 la lectura digital a la de papel? No, la est\u00e1 complementando. La protecci\u00f3n de los contenidos culturales contin\u00faa pendiente.\u00a0<\/p>\n<p data-gtm-element-container=\"modulo-texto-link\" class=\"paragraph\">Y aparece un nuevo tema de inquietud y\/o esperanza: la inteligencia artificial. Que es la que ahora piratea contenidos en forma masiva.<\/p>\n<p data-gtm-element-container=\"modulo-texto-link\" class=\"paragraph\">La IA estuvo muy presente en las Conversaciones de Formentor, que agruparon a una treintena de editores internacionales que hablan espa\u00f1ol. De lo mucho dicho en su transcurso, la relatora Berna Gonz\u00e1lez Harbour agrup\u00f3 varias ideas: la importancia irrenunciable del papel del editor; la exigencia de imprevisibilidad en los cat\u00e1logos; la necesidad de compartir informaci\u00f3n en la era de las redes; el gran nicho que ofrece el p\u00fablico infantil y juvenil.<\/p>\n<p data-gtm-element-container=\"modulo-texto-link\" class=\"paragraph\">Hay que estar atentos a las nuevas sensibilidades que promueven o condenan obras de forma muy diferente a las de una d\u00e9cada atr\u00e1s; y se propone la etiqueta \u201cedici\u00f3n humana en todo el proceso\u201d para conjurar el empleo indiscriminado de la IA, que a la vez puede brindar importantes avances al sector. Pero hay que saber gobernarla.<\/p>\n<p data-gtm-element-container=\"modulo-texto-link\" class=\"paragraph\">En el coloquio se pidi\u00f3 poner en valor la cultura europea, con alg\u00fan tipo de excepcionalidad. Me gust\u00f3 la intervenci\u00f3n de la editora de Gallimard Aurore Touya, que frente a visiones m\u00e1s oscuras lanz\u00f3 un mensaje de compromiso personal y reclam\u00f3 optimismo sobre el futuro editorial: \u201cMe basta con ver filas de gente dispuesta a esperar a que Chimamanda Ngozi Adichie firme libros con sus dedos y su tinta , y espero que la IA nunca lo pueda lograr\u201d.<\/p>\n","protected":false},"excerpt":{"rendered":"En sucesivos encuentros de las pasadas semanas, primero en el Forum Edita Barcelona y despu\u00e9s en las Conversaciones&hellip;\n","protected":false},"author":2,"featured_media":168814,"comment_status":"","ping_status":"","sticky":false,"template":"","format":"standard","meta":{"footnotes":""},"categories":[172],"tags":[224,146,147,25,24,225,23],"class_list":{"0":"post-168813","1":"post","2":"type-post","3":"status-publish","4":"format-standard","5":"has-post-thumbnail","7":"category-libros","8":"tag-books","9":"tag-entertainment","10":"tag-entretenimiento","11":"tag-es","12":"tag-espana","13":"tag-libros","14":"tag-spain"},"share_on_mastodon":{"url":"","error":""},"_links":{"self":[{"href":"https:\/\/www.europesays.com\/es\/wp-json\/wp\/v2\/posts\/168813","targetHints":{"allow":["GET"]}}],"collection":[{"href":"https:\/\/www.europesays.com\/es\/wp-json\/wp\/v2\/posts"}],"about":[{"href":"https:\/\/www.europesays.com\/es\/wp-json\/wp\/v2\/types\/post"}],"author":[{"embeddable":true,"href":"https:\/\/www.europesays.com\/es\/wp-json\/wp\/v2\/users\/2"}],"replies":[{"embeddable":true,"href":"https:\/\/www.europesays.com\/es\/wp-json\/wp\/v2\/comments?post=168813"}],"version-history":[{"count":0,"href":"https:\/\/www.europesays.com\/es\/wp-json\/wp\/v2\/posts\/168813\/revisions"}],"wp:featuredmedia":[{"embeddable":true,"href":"https:\/\/www.europesays.com\/es\/wp-json\/wp\/v2\/media\/168814"}],"wp:attachment":[{"href":"https:\/\/www.europesays.com\/es\/wp-json\/wp\/v2\/media?parent=168813"}],"wp:term":[{"taxonomy":"category","embeddable":true,"href":"https:\/\/www.europesays.com\/es\/wp-json\/wp\/v2\/categories?post=168813"},{"taxonomy":"post_tag","embeddable":true,"href":"https:\/\/www.europesays.com\/es\/wp-json\/wp\/v2\/tags?post=168813"}],"curies":[{"name":"wp","href":"https:\/\/api.w.org\/{rel}","templated":true}]}}