{"id":168819,"date":"2025-10-11T04:13:06","date_gmt":"2025-10-11T04:13:06","guid":{"rendered":"https:\/\/www.europesays.com\/es\/168819\/"},"modified":"2025-10-11T04:13:06","modified_gmt":"2025-10-11T04:13:06","slug":"ana-alonso-tras-ser-atropellada-en-bicicleta-aun-con-la-rodilla-rota-espero-estar-a-punto-para-los-juegos-deportes","status":"publish","type":"post","link":"https:\/\/www.europesays.com\/es\/168819\/","title":{"rendered":"Ana Alonso, tras ser atropellada en bicicleta: \u201cAun con la rodilla rota, espero estar a punto para los Juegos\u201d | Deportes"},"content":{"rendered":"<p class=\"\">Cuando apenas entendi\u00f3 que el impacto era inevitable, no pens\u00f3 en los Juegos de Invierno que se perder\u00eda, sino en algo mucho m\u00e1s definitivo, el fin de todo. Entonces, tens\u00f3 su cuerpo fibroso al m\u00e1ximo, cerr\u00f3 los ojos y esper\u00f3: su bici choc\u00f3 contra el parachoques del todoterreno y ella sali\u00f3 despedida, rebotando contra el parabrisas para aterrizar sobre el asfalto. <a href=\"https:\/\/elpais.com\/deportes\/el-montanista\/2025-03-03\/ana-alonso-subcampeona-del-mundo-de-skimo-hasta-2023-compaginaba-el-deporte-con-mi-trabajo-de-guia-y-profesora-de-esqui-ahora-puedo-descansar.html\" target=\"_self\" rel=\"nofollow noopener\" title=\"https:\/\/elpais.com\/deportes\/el-montanista\/2025-03-03\/ana-alonso-subcampeona-del-mundo-de-skimo-hasta-2023-compaginaba-el-deporte-con-mi-trabajo-de-guia-y-profesora-de-esqui-ahora-puedo-descansar.html\">Ana Alonso intent\u00f3 levantarse de inmediato<\/a>: no sent\u00eda dolor, no hab\u00eda sangre. Pero no pudo. Su pierna izquierda no respond\u00eda. Se tumb\u00f3 y, entonces s\u00ed, la rabia lo inund\u00f3 todo: el sue\u00f1o de una vida se esfumaba. La esquiadora de monta\u00f1a logr\u00f3 el pasado invierno el billete para los Juegos de Mil\u00e1n-Cortina 2026, donde su disciplina se estrenar\u00e1 en una cita ol\u00edmpica y en la que ella deber\u00eda partir como una de las favoritas para obtener medalla en la prueba individual y en el relevo mixto por parejas, junto a Oriol Cardona. <\/p>\n<p class=\"\">Tras un verano de entrenamientos en bicicleta, Ana Alonso (30 a\u00f1os, actual subcampeona del mundo en relevo mixto) y el resto del equipo nacional espa\u00f1ol apuraban unos d\u00edas de concentraci\u00f3n <a href=\"https:\/\/elpais.com\/deportes\/2024-09-29\/el-semillero-del-balonmano-espanol-en-la-cumbre-de-sierra-nevada.html\" target=\"_self\" rel=\"nofollow noopener\" title=\"https:\/\/elpais.com\/deportes\/2024-09-29\/el-semillero-del-balonmano-espanol-en-la-cumbre-de-sierra-nevada.html\">en Sierra Nevada cuando el 24 de septiembre <\/a>un veh\u00edculo se cruz\u00f3 con la deportista de Granada. Trasladada al hospital, las primeras placas no revelaron nada grave, pero d\u00edas despu\u00e9s, nuevos an\u00e1lisis arrojaron un balance desolador: rotura del ligamento cruzado anterior y del ligamento lateral interno, edema \u00f3seo y fisura en el maleolo, as\u00ed como una luxaci\u00f3n acromioclavicular de grado 3 en el hombro izquierdo. Para su enorme sorpresa, los traumat\u00f3logos le animaron: con un tratamiento conservador, sin cirug\u00eda, podr\u00eda llegar en condiciones a la cita ol\u00edmpica. De haber optado por una intervenci\u00f3n quir\u00fargica, no habr\u00eda podido volver a esquiar en un plazo de un a\u00f1o, as\u00ed que con una aparatosa rodillera y el brazo en cabestrillo, Ana trabaja cerca de cuatro horas diarias en el gimnasio, una pelea para ganar tiempo al tiempo y desfilar en la ceremonia inaugural de los Juegos, que se celebran entre el 6 y el 22 de febrero. <\/p>\n<p>M\u00e1s informaci\u00f3n<\/p>\n<p class=\"\">\u201cMe toca competir los d\u00edas 19 y 21, con lo cual tengo un margen a\u00fan mayor\u201d, se felicita. \u201cDe momento, tengo que estar cinco semanas haciendo un trabajo muy cauto para que el ligamento lateral interno, que tiene capacidad de regenerarse, lo haga. Y a partir de ah\u00ed me tocar\u00e1 fortalecer y estabilizar toda la pierna para ser capaz de esquiar con garant\u00edas sin el cruzado. Lo bueno es que hay muchos esquiadores de <a href=\"https:\/\/elpais.com\/deportes\/el-montanista\/2025-02-02\/oriol-cardona-y-ana-alonso-lideran-en-boi-taull-a-una-soberbia-seleccion-espanola-de-esqui-de-montana.html\" target=\"_self\" rel=\"nofollow noopener\" title=\"https:\/\/elpais.com\/deportes\/el-montanista\/2025-02-02\/oriol-cardona-y-ana-alonso-lideran-en-boi-taull-a-una-soberbia-seleccion-espanola-de-esqui-de-montana.html\">Copa del Mundo<\/a> de esqu\u00ed alpino que compiten sin cruzado\u201d, aventura. En el formato ol\u00edmpico de esqu\u00ed de monta\u00f1a, los descensos apenas duran un minuto, pero son cruciales para no arruinar el puesto logrado en la fase de ascenso en carreras que apenas duran tres minutos, en el formato individual y cerca de 20 en el de relevos. <\/p>\n<p class=\"\">\u201cHe tenido la suerte de contar con uno de los mejores traumat\u00f3logos, Jos\u00e9 Luis Mart\u00edn Alguacil, que ha sido quien me ha animado a seguir adelante, porque yo pensaba que el quir\u00f3fano era obligatorio. Me dice que hay posibilidades reales de llegar a los Juegos, aunque va a ser un reto para m\u00ed y todo el equipo a mi alrededor. El seleccionador tambi\u00e9n me ha dicho que apure mis opciones, que la plaza me la he ganado a pulso\u201d, <a href=\"https:\/\/elpais.com\/deportes\/2025-04-06\/ana-alonso-y-oriol-cardona-ganan-la-ultima-cita-de-la-copa-del-mundo-de-relevos-mixtos-y-se-llevan-tambien-la-general.html\" target=\"_self\" rel=\"nofollow noopener\" title=\"https:\/\/elpais.com\/deportes\/2025-04-06\/ana-alonso-y-oriol-cardona-ganan-la-ultima-cita-de-la-copa-del-mundo-de-relevos-mixtos-y-se-llevan-tambien-la-general.html\">explica Ana Alonso<\/a>. \u201cPero si no me veo bien, renunciar\u00e9 porque no quiero ir a pasear, sino a pelear por las medallas\u201d. <\/p>\n<p class=\"\">La esquiadora sabe bien lo que supone empezar de cero, salir de un cuadro m\u00e9dico complicado: en 2017 se fractur\u00f3 tibia y peron\u00e9 en la prueba reina del esqu\u00ed de monta\u00f1a, la <a href=\"https:\/\/elpais.com\/deportes\/2025-02-23\/el-esqui-de-montana-entre-la-profesionalizacion-olimpica-y-su-esencia-romantica.html\" target=\"_self\" rel=\"nofollow noopener\" title=\"https:\/\/elpais.com\/deportes\/2025-02-23\/el-esqui-de-montana-entre-la-profesionalizacion-olimpica-y-su-esencia-romantica.html\">Pierra Menta<\/a>. En 2018, todav\u00eda en fase de recuperaci\u00f3n, tuvo que operarse de dos ablaciones cardiacas, circunstancia que estuvo cerca de apartarle de la competici\u00f3n para siempre. Una llamada del seleccionador le permiti\u00f3 reintegrar la rutina de la \u00e9lite, y cuando se anunci\u00f3 que el skimo ser\u00eda ol\u00edmpico, su horizonte a corto plazo se despej\u00f3: por fin pod\u00eda vivir para entrenar y reposar, sin tener que trabajar los veranos como gu\u00eda de monta\u00f1a o impartiendo clases de esqu\u00ed en invierno gracias a las becas ol\u00edmpicas y al apoyo de patrocinadores como Scarpa o Atomic.<\/p>\n<p class=\"\">\u201cSi me olvido del tema deportivo, solo puedo estar agradecida porque mi accidente podr\u00eda haber sido mucho m\u00e1s grave. Prefiero pensar que he sido muy afortunada y centrarme en el trabajo. De momento, ya pedaleo con una pierna; y en cuanto recupere la extensi\u00f3n de la pierna izquierda, volver\u00e9 a la bici\u201d, explica. <\/p>\n<p class=\"\">Su rodilla afectada apenas se inflam\u00f3 y la movilidad del hombro afectado mejora a gran velocidad: \u201cTengo un colch\u00f3n enorme con el trabajo que he llevado a cabo este verano, un margen que permite estar tranquila\u201d, afirma. Ana Alonso tiene, adem\u00e1s, con un compromiso con <a href=\"https:\/\/elpais.com\/deportes\/el-montanista\/2025-03-03\/ana-alonso-subcampeona-del-mundo-de-skimo-hasta-2023-compaginaba-el-deporte-con-mi-trabajo-de-guia-y-profesora-de-esqui-ahora-puedo-descansar.html\" target=\"_self\" rel=\"nofollow noopener\" title=\"https:\/\/elpais.com\/deportes\/el-montanista\/2025-03-03\/ana-alonso-subcampeona-del-mundo-de-skimo-hasta-2023-compaginaba-el-deporte-con-mi-trabajo-de-guia-y-profesora-de-esqui-ahora-puedo-descansar.html\">su compa\u00f1ero en el relevo mixto Oriol Cardona<\/a>: \u201cSoy capaz de dar mucho m\u00e1s por la pareja que por m\u00ed misma\u201d. Pocos dudan, en su entorno, que en febrero estar\u00e1 lista para tratar de hacer historia.<\/p>\n","protected":false},"excerpt":{"rendered":"Cuando apenas entendi\u00f3 que el impacto era inevitable, no pens\u00f3 en los Juegos de Invierno que se perder\u00eda,&hellip;\n","protected":false},"author":2,"featured_media":168820,"comment_status":"","ping_status":"","sticky":false,"template":"","format":"standard","meta":{"footnotes":""},"categories":[93],"tags":[49262,5168,168,25,24,49265,49266,49264,16250,10409,10976,49263,23,167],"class_list":{"0":"post-168819","1":"post","2":"type-post","3":"status-publish","4":"format-standard","5":"has-post-thumbnail","7":"category-deportes","8":"tag-ana-alonso-rodriguez","9":"tag-bicicletas","10":"tag-deportes","11":"tag-es","12":"tag-espana","13":"tag-esqui-alpino","14":"tag-esqui-montana","15":"tag-gimnasios","16":"tag-invierno","17":"tag-juegos-olimpicos","18":"tag-lesiones-deportivas","19":"tag-sierra-nevada","20":"tag-spain","21":"tag-sports"},"share_on_mastodon":{"url":"","error":""},"_links":{"self":[{"href":"https:\/\/www.europesays.com\/es\/wp-json\/wp\/v2\/posts\/168819","targetHints":{"allow":["GET"]}}],"collection":[{"href":"https:\/\/www.europesays.com\/es\/wp-json\/wp\/v2\/posts"}],"about":[{"href":"https:\/\/www.europesays.com\/es\/wp-json\/wp\/v2\/types\/post"}],"author":[{"embeddable":true,"href":"https:\/\/www.europesays.com\/es\/wp-json\/wp\/v2\/users\/2"}],"replies":[{"embeddable":true,"href":"https:\/\/www.europesays.com\/es\/wp-json\/wp\/v2\/comments?post=168819"}],"version-history":[{"count":0,"href":"https:\/\/www.europesays.com\/es\/wp-json\/wp\/v2\/posts\/168819\/revisions"}],"wp:featuredmedia":[{"embeddable":true,"href":"https:\/\/www.europesays.com\/es\/wp-json\/wp\/v2\/media\/168820"}],"wp:attachment":[{"href":"https:\/\/www.europesays.com\/es\/wp-json\/wp\/v2\/media?parent=168819"}],"wp:term":[{"taxonomy":"category","embeddable":true,"href":"https:\/\/www.europesays.com\/es\/wp-json\/wp\/v2\/categories?post=168819"},{"taxonomy":"post_tag","embeddable":true,"href":"https:\/\/www.europesays.com\/es\/wp-json\/wp\/v2\/tags?post=168819"}],"curies":[{"name":"wp","href":"https:\/\/api.w.org\/{rel}","templated":true}]}}