{"id":168821,"date":"2025-10-11T04:14:10","date_gmt":"2025-10-11T04:14:10","guid":{"rendered":"https:\/\/www.europesays.com\/es\/168821\/"},"modified":"2025-10-11T04:14:10","modified_gmt":"2025-10-11T04:14:10","slug":"enfermedades-corazon-mujer-cordoba-aspacacor-dedica-en-cordoba-unas-jornadas-a-las-enfermedades-cardiacas-de-la-mujer","status":"publish","type":"post","link":"https:\/\/www.europesays.com\/es\/168821\/","title":{"rendered":"ENFERMEDADES CORAZ\u00d3N MUJER C\u00d3RDOBA | Aspacacor dedica en C\u00f3rdoba unas jornadas a las enfermedades cardiacas de la mujer"},"content":{"rendered":"<p class=\"ft-text\"><strong>La <\/strong><a class=\"ft-link ft-link--decoration\" href=\"https:\/\/www.diariocordoba.com\/tags\/diputacion-de-cordoba\/\" rel=\"nofollow noopener\" target=\"_blank\"><strong>Diputaci\u00f3n de C\u00f3rdoba<\/strong><\/a><strong> acoger\u00e1 el 15 de octubre las sextas Jornadas sobre<\/strong><a class=\"ft-link ft-link--decoration\" href=\"https:\/\/www.diariocordoba.com\/tags\/enfermedades-cardiovasculares\/\" rel=\"nofollow noopener\" target=\"_blank\"> salud cardiovascular, <\/a>organizadas por la Asociaci\u00f3n de Pacientes Card\u00edacos de <a class=\"ft-link ft-link--decoration\" href=\"https:\/\/www.diariocordoba.com\/cordoba\/cordoba\/\" rel=\"nofollow noopener\" target=\"_blank\">C\u00f3rdoba<\/a> y Provincia <strong>(Aspacacor<\/strong>), bajo el lema<strong> \u2018Las enfermedades card\u00edacas en la mujer, una realidad oculta\u2019.<\/strong> La delegada de Presidencia de la instituci\u00f3n provincial, Marta Siles, destac\u00f3, en la presentaci\u00f3n del encuentro, \u00abla importancia de poner el foco en una problem\u00e1tica sanitaria de gran relevancia social y cient\u00edfica como es la invisibilizaci\u00f3n del riesgo cardiovascular en las mujeres,<strong> primera causa de <\/strong><a class=\"ft-link ft-link--decoration\" href=\"https:\/\/www.diariocordoba.com\/tags\/muerte\/\" rel=\"nofollow noopener\" target=\"_blank\"><strong>muerte<\/strong><\/a><strong>, seguida del <\/strong><a class=\"ft-link ft-link--decoration\" href=\"https:\/\/www.diariocordoba.com\/tags\/cancer\/\" rel=\"nofollow noopener\" target=\"_blank\"><strong>c\u00e1ncer<\/strong><\/a><strong>\u00bb.<\/strong><\/p>\n<p class=\"ft-text\">Por su parte, el presidente de Aspacacor, Alfonso Otero, insisti\u00f3 en que \u00abes necesario concienciar a la sociedad y a la propia comunidad m\u00e9dica sobre el hecho de que las enfermedades cardiovasculares no son exclusivas del hombre\u00bb. Las jornadas contar\u00e1n con la <strong>participaci\u00f3n de Mar\u00eda del Mar Malag\u00f3n, sudirectora cientifica del <\/strong><a class=\"ft-link ft-link--decoration\" href=\"https:\/\/www.diariocordoba.com\/tags\/imibic-cordoba\/\" rel=\"nofollow noopener\" target=\"_blank\"><strong>Imibic<\/strong><\/a><strong>,<\/strong> que hablar\u00e1 sobre la relaci\u00f3n entre salud cardiovascular y obesidad.<\/p>\n<p><img decoding=\"async\" src=\"https:\/\/www.europesays.com\/es\/wp-content\/uploads\/2025\/10\/588e2446-aae9-4da9-b380-9d8d5b69dc01_alta-libre-aspect-ratio_default_0.jpg\" width=\"1200\" height=\"800\" alt=\"Presentaci\u00f3n de las sextas jornadas de Aspacacor, que acoger\u00e1 la Diputaci\u00f3n el 15 de octubre.\" class=\"ft-helper-img-rd\" loading=\"lazy\" hasdataaida=\"true\"\/><\/p>\n<p class=\"ft-helper-fontColor-quaternary ft-helper-fontSize-body-S ft-helper-spacer-t-xxs\">Presentaci\u00f3n de las sextas jornadas de Aspacacor, que acoger\u00e1 la Diputaci\u00f3n el 15 de octubre.  \/ C\u00d3RDOBA<\/p>\n<p class=\"ft-text\">A continuaci\u00f3n, <strong> el tema \u2018Mujer y cardiopat\u00eda\u2019, <\/strong>ser\u00e1 abordado por M\u00f3nica Delgado, especialista en Cardi\u00f3loga del <a class=\"ft-link ft-link--decoration\" href=\"https:\/\/www.diariocordoba.com\/tags\/hospital-reina-sofia\/\" rel=\"nofollow noopener\" target=\"_blank\">hospital Reina Sof\u00eda<\/a>. Tambi\u00e9n intervendr\u00e1n, por parte del Reina Sof\u00eda, las enfermeras Antonia Cepas y Ana Bel\u00e9n Mu\u00f1oz, el especialista en Salud Mental Adri\u00e1n <a class=\"ft-link ft-link--decoration\" href=\"https:\/\/www.diariocordoba.com\/tags\/fernando-tejero\/\" rel=\"nofollow noopener\" target=\"_blank\">Tejero<\/a> y el cardi\u00f3logo Javier Moya, as\u00ed como la fisioterapeuta Carmen de la Torre.<\/p>\n","protected":false},"excerpt":{"rendered":"La Diputaci\u00f3n de C\u00f3rdoba acoger\u00e1 el 15 de octubre las sextas Jornadas sobre salud cardiovascular, organizadas por la&hellip;\n","protected":false},"author":2,"featured_media":168822,"comment_status":"","ping_status":"","sticky":false,"template":"","format":"standard","meta":{"footnotes":""},"categories":[92],"tags":[49267,1066,2760,3747,1739,49268,1293,25,24,165,3746,10101,4044,15913,166,23],"class_list":{"0":"post-168821","1":"post","2":"type-post","3":"status-publish","4":"format-standard","5":"has-post-thumbnail","7":"category-salud","8":"tag-aspacacor","9":"tag-cancer","10":"tag-cordoba","11":"tag-cordoba-salud","12":"tag-dedica","13":"tag-diputacion-de-cordoba","14":"tag-enfermedades","15":"tag-es","16":"tag-espana","17":"tag-health","18":"tag-hospital-reina-sofia","19":"tag-jornadas","20":"tag-mujeres","21":"tag-presidencia","22":"tag-salud","23":"tag-spain"},"share_on_mastodon":{"url":"","error":""},"_links":{"self":[{"href":"https:\/\/www.europesays.com\/es\/wp-json\/wp\/v2\/posts\/168821","targetHints":{"allow":["GET"]}}],"collection":[{"href":"https:\/\/www.europesays.com\/es\/wp-json\/wp\/v2\/posts"}],"about":[{"href":"https:\/\/www.europesays.com\/es\/wp-json\/wp\/v2\/types\/post"}],"author":[{"embeddable":true,"href":"https:\/\/www.europesays.com\/es\/wp-json\/wp\/v2\/users\/2"}],"replies":[{"embeddable":true,"href":"https:\/\/www.europesays.com\/es\/wp-json\/wp\/v2\/comments?post=168821"}],"version-history":[{"count":0,"href":"https:\/\/www.europesays.com\/es\/wp-json\/wp\/v2\/posts\/168821\/revisions"}],"wp:featuredmedia":[{"embeddable":true,"href":"https:\/\/www.europesays.com\/es\/wp-json\/wp\/v2\/media\/168822"}],"wp:attachment":[{"href":"https:\/\/www.europesays.com\/es\/wp-json\/wp\/v2\/media?parent=168821"}],"wp:term":[{"taxonomy":"category","embeddable":true,"href":"https:\/\/www.europesays.com\/es\/wp-json\/wp\/v2\/categories?post=168821"},{"taxonomy":"post_tag","embeddable":true,"href":"https:\/\/www.europesays.com\/es\/wp-json\/wp\/v2\/tags?post=168821"}],"curies":[{"name":"wp","href":"https:\/\/api.w.org\/{rel}","templated":true}]}}