{"id":168823,"date":"2025-10-11T04:15:13","date_gmt":"2025-10-11T04:15:13","guid":{"rendered":"https:\/\/www.europesays.com\/es\/168823\/"},"modified":"2025-10-11T04:15:13","modified_gmt":"2025-10-11T04:15:13","slug":"las-fotos-de-la-romantica-boda-de-diandra-douglas-y-el-hermanastro-de-lady-di-en-gibraltar","status":"publish","type":"post","link":"https:\/\/www.europesays.com\/es\/168823\/","title":{"rendered":"Las fotos de la rom\u00e1ntica boda de Diandra Douglas y el hermanastro de Lady Di en Gibraltar"},"content":{"rendered":"<p class=\"HOLA-TEMAS_5--TEXTO-1er-PARRAFO\" id=\"eyVDSozlsYr\" data-wc=\"194\"><strong>Ocurri\u00f3\u00a0a primeros de septiembre, bajo el mayor de los secretos y en la m\u00e1s absoluta de las intimidades.\u00a0<\/strong>La pareja, los testigos y el juez de paz. De hecho, han sido ellos, cedi\u00e9ndonos en exclusiva estas im\u00e1genes, los que <strong>nos han hecho part\u00edcipes de su amor y de su enlace.\u00a0<\/strong>Sucedi\u00f3 en <strong>Gibraltar, en las columnas de H\u00e9rcules o las puertas del Mediterr\u00e1neo<\/strong>, que para esta americana su fidelidad al <a class=\"hm-link ho-link\" href=\"https:\/\/www.hola.com\/actualidad\/20210809304257\/michael-douglas-sestaca-mansion-mallorca\/\" data-mrf-recirculation=\"article-body-link\" rel=\"nofollow noopener\" target=\"_blank\">mar que rodea su querida Mallorca<\/a> es como el salitre, muy dif\u00edcil de sacar. Diandra Luker, conocida mundialmente como Diandra Douglas, pese a <strong>h<\/strong><strong>aberse separado hace ya la friolera de 30 a\u00f1os de Michael (Douglas),<\/strong> se acaba de casar. Ha abandonado el linaje de la realeza del cine, que comenz\u00f3 el bueno de Kirk, para, ahora, entroncar con otra aristocracia, la brit\u00e1nica. <a class=\"hm-link ho-link\" href=\"https:\/\/www.hola.com\/actualidad\/20250923857397\/diandra-exmujer-de-michael-douglas-se-casa-en-gibraltar-con-el-hermanastro-de-lady-di\/\" data-mrf-recirculation=\"article-body-link\" rel=\"nofollow noopener\" target=\"_blank\">Su marido tiene m\u00e1s credenciales hist\u00f3ricas que una biblioteca. Como que es William Legge.<\/a> Por un lado, heredero de una estirpe \u00abpop\u00bb de alta alcurnia,<strong>\u00a0nieto de la escritora rosa Barbara Cartland y hermanastro de Lady Di,<\/strong> y por otro, es<strong>\u00a0X conde de Dartmouth, bar\u00f3n de Dartmouth, vizconde Lewisham<\/strong> y, en su momento, eurodiputado en el Parlamento Europeo por Gibraltar.<\/p>\n<p>  <img src=\"https:\/\/www.europesays.com\/es\/wp-content\/uploads\/2025\/10\/894b43157648-img4371.jpg\"   width=\"1080\" height=\"1080\" loading=\"lazy\" decoding=\"async\" alt=\"Media Image\" fetchpriority=\"auto\" class=\"image ho-image\"\/><\/p>\n<p>Amistad y romance<\/p>\n<p class=\"HOLA-TEMAS_5a--TEXTO-NORMAL\" id=\"edRe6px06Cj\" data-wc=\"134\">La pareja intercambi\u00f3 sus votos en una<strong>\u00a0ceremonia privada, pero emocionante; minimalista, pero exuberante; sobria y reducida, pero llena de gestos y ternura<\/strong>. Una ceremonia que se sell\u00f3 en la oficina del registro civil del Pe\u00f1\u00f3n y que serv\u00eda de marco para una nueva vida en com\u00fan, tras un a\u00f1o y medio de relaci\u00f3n, <a class=\"hm-link ho-link\" href=\"https:\/\/www.hola.com\/realeza\/20241018724921\/raine-spencer-madrastra-diana-de-gales-mansion\/\" data-mrf-recirculation=\"article-body-link\" rel=\"nofollow noopener\" target=\"_blank\">aunque William y Diandra se conocen desde hace ya casi dos d\u00e9cadas<\/a>. 18 a\u00f1os, para ser exactos. Los presentaron <strong>amigos comunes y les un\u00eda tambi\u00e9n que William y Diandra tienen hijos de la misma edad:<\/strong> Gerald, fruto de la relaci\u00f3n del brit\u00e1nico con la productora de TV Claire Kavanagh, y los gemelos Hawk y Hudson, que Diandra tuvo con el financiero Zach Bacon III. Solo que el romance comenz\u00f3 hace un a\u00f1o y medio, cuando ambos se encontraron sin pareja.<\/p>\n<p> <img src=\"https:\/\/www.europesays.com\/es\/wp-content\/uploads\/2025\/10\/d0db2e210ee3-img4368cut.jpg\"   width=\"1080\" height=\"1800\" loading=\"lazy\" decoding=\"async\" alt=\"Con un ramo de rosas blancas en sus manos y un jard\u00edn verde dibujado en su vestido, Diandra Luker se daba el &quot;s\u00ed, quiero&quot; con William Legge en Gibraltar. Lo hac\u00eda sin olvidar la isla que conoci\u00f3 de ni\u00f1a, junto a su madre, y en la que vivi\u00f3 los a\u00f1os en que estuvo casada con Michael Douglas (del 77 al 95): Mallorca. Y es que su Frances Valentine y sus Manolos en verde recordaban su compromiso ecologista con Gob, la asociaci\u00f3n medioambiental mallorquina con la que colabora\" fetchpriority=\"auto\" class=\"image ho-image\"\/>Con un ramo de rosas blancas en sus manos y un jard\u00edn verde dibujado en su vestido, Diandra Luker se daba el \u00abs\u00ed, quiero\u00bb con William Legge en Gibraltar. Lo hac\u00eda sin olvidar la isla que conoci\u00f3 de ni\u00f1a, junto a su madre, y en la que vivi\u00f3 los a\u00f1os en que estuvo casada con Michael Douglas (del 77 al 95): Mallorca. Y es que su Frances Valentine y sus Manolos en verde recordaban su compromiso ecologista con Gob, la asociaci\u00f3n medioambiental mallorquina con la que colabora<\/p>\n<blockquote class=\"ho-bl-1081603 -no-figcaption\" cite=\"\">\n<p>Se conocieron hace casi 20 a\u00f1os, cuando los presentaron amigos comunes; sus hijos respectivos son amigos y de la misma edad, pero su romance comenz\u00f3 hace tan solo un a\u00f1o y medio cuando los dos volvieron a ser solteros<\/p>\n<\/blockquote>\n<p class=\"HOLA-TEMAS_5a--TEXTO-NORMAL\" id=\"ev4G6o9yeL3\" data-wc=\"146\"><strong>Esta es la tercera vez que Diandra pasa por la vicar\u00eda.\u00a0<\/strong>Antes fueron Michael Klein y, despu\u00e9s, el <a class=\"hm-link ho-link\" href=\"https:\/\/www.hola.com\/actualidad\/20191016151769\/michael-douglas-hijo-cameron-lucha-drogadiccion\/\" data-mrf-recirculation=\"article-body-link\" rel=\"nofollow noopener\" target=\"_blank\">actor de\u00a0Instinto B\u00e1sico, con quien tuvo a Cameron<\/a> y comparti\u00f3 vida y muchos veranos en Sa Estaca. <strong>Para William es la segunda,\u00a0<\/strong>ya que en el pasado estuvo casado con la modelo Fiona Campbell. Y para esta nueva primera vez, Diandra, <strong>fil\u00e1ntropa, cineasta, empresaria y mallorquina de coraz\u00f3n,<\/strong> pese a llevar ya seis a\u00f1os sin pisar suelo isle\u00f1o, demostr\u00f3 una vez m\u00e1s que lleva la sierra de Tramontana en su coraz\u00f3n. Lo hizo a trav\u00e9s de su vestido, un dise\u00f1o de Frances Valentine, con corte \u00abmidi\u00bb, solapa de muesca y manga francesa, con <strong>estampado floral en negro y verde que reconocida es su labor y apoyo en favor de Gob<\/strong>, la asociaci\u00f3n ecologista mallorquina fundada en 1973, dedicada al estudio, divulgaci\u00f3n y defensa del medio ambiente balear.<\/p>\n<p> <img src=\"https:\/\/www.europesays.com\/es\/wp-content\/uploads\/2025\/10\/5ffc03b84f6d-img4374.jpg\"   width=\"1080\" height=\"1080\" loading=\"lazy\" decoding=\"async\" alt=\"Media Image\" fetchpriority=\"auto\" class=\"image ho-image\"\/><\/p>\n<p> <img src=\"https:\/\/www.europesays.com\/es\/wp-content\/uploads\/2025\/10\/f73f1b94bf43-img4373.jpg\"   width=\"1080\" height=\"1080\" loading=\"lazy\" decoding=\"async\" alt=\"Media Image\" fetchpriority=\"auto\" class=\"image ho-image\"\/><\/p>\n","protected":false},"excerpt":{"rendered":"Ocurri\u00f3\u00a0a primeros de septiembre, bajo el mayor de los secretos y en la m\u00e1s absoluta de las intimidades.\u00a0La&hellip;\n","protected":false},"author":2,"featured_media":168824,"comment_status":"","ping_status":"","sticky":false,"template":"","format":"standard","meta":{"footnotes":""},"categories":[91],"tags":[3900,517,3164,3899,146,147,25,24,23],"class_list":{"0":"post-168823","1":"post","2":"type-post","3":"status-publish","4":"format-standard","5":"has-post-thumbnail","7":"category-entretenimiento","8":"tag-hola","9":"tag-actualidad","10":"tag-bodas","11":"tag-contenido-sensible","12":"tag-entertainment","13":"tag-entretenimiento","14":"tag-es","15":"tag-espana","16":"tag-spain"},"share_on_mastodon":{"url":"","error":""},"_links":{"self":[{"href":"https:\/\/www.europesays.com\/es\/wp-json\/wp\/v2\/posts\/168823","targetHints":{"allow":["GET"]}}],"collection":[{"href":"https:\/\/www.europesays.com\/es\/wp-json\/wp\/v2\/posts"}],"about":[{"href":"https:\/\/www.europesays.com\/es\/wp-json\/wp\/v2\/types\/post"}],"author":[{"embeddable":true,"href":"https:\/\/www.europesays.com\/es\/wp-json\/wp\/v2\/users\/2"}],"replies":[{"embeddable":true,"href":"https:\/\/www.europesays.com\/es\/wp-json\/wp\/v2\/comments?post=168823"}],"version-history":[{"count":0,"href":"https:\/\/www.europesays.com\/es\/wp-json\/wp\/v2\/posts\/168823\/revisions"}],"wp:featuredmedia":[{"embeddable":true,"href":"https:\/\/www.europesays.com\/es\/wp-json\/wp\/v2\/media\/168824"}],"wp:attachment":[{"href":"https:\/\/www.europesays.com\/es\/wp-json\/wp\/v2\/media?parent=168823"}],"wp:term":[{"taxonomy":"category","embeddable":true,"href":"https:\/\/www.europesays.com\/es\/wp-json\/wp\/v2\/categories?post=168823"},{"taxonomy":"post_tag","embeddable":true,"href":"https:\/\/www.europesays.com\/es\/wp-json\/wp\/v2\/tags?post=168823"}],"curies":[{"name":"wp","href":"https:\/\/api.w.org\/{rel}","templated":true}]}}