{"id":168829,"date":"2025-10-11T04:18:08","date_gmt":"2025-10-11T04:18:08","guid":{"rendered":"https:\/\/www.europesays.com\/es\/168829\/"},"modified":"2025-10-11T04:18:08","modified_gmt":"2025-10-11T04:18:08","slug":"melania-trump-logra-el-regreso-de-ninos-ucranianos-tras-negociar-con-putin","status":"publish","type":"post","link":"https:\/\/www.europesays.com\/es\/168829\/","title":{"rendered":"Melania Trump logra el regreso de ni\u00f1os ucranianos tras negociar con Putin"},"content":{"rendered":"<p>Washington (EFE).- La primera dama de Estados Unidos, Melania Trump, anunci\u00f3 este viernes que ocho ni\u00f1os ucranianos que se encontraban en Rusia han regresado con sus familias en las \u00faltimas 24 horas gracias a un \u00abcanal de comunicaci\u00f3n\u00bb que ella ha mantenido con el presidente de Rusia, Vlad\u00edmir Putin.<\/p>\n<p>\u00abMi equipo ha trabajado directamente con el equipo del presidente Putin para garantizar la reunificaci\u00f3n segura de los ni\u00f1os con sus familias entre Rusia y Ucrania. De hecho, ocho ni\u00f1os se han reunido con sus familias durante las \u00faltimas 24 horas\u00bb, asegur\u00f3 la primera dama en una declaraci\u00f3n institucional desde la Casa Blanca.<\/p>\n<p>Seg\u00fan explic\u00f3, la comunicaci\u00f3n entre ambos equipos se ha dado de manera muy fluida desde que el pasado mes de agosto, durante su encuentro en Alaska, el presidente, Donald Trump, le hizo entrega a su hom\u00f3logo ruso de una carta firmada por Melania en la que le ped\u00eda proteger a los ni\u00f1os de la guerra.<\/p>\n<p>\u00abCuando el presidente <a href=\"https:\/\/efe.com\/mundo\/2025-08-17\/trump-putin-carta-melania\/\" rel=\"nofollow noopener\" target=\"_blank\">Putin recibi\u00f3 mi carta<\/a> el pasado agosto respondi\u00f3 por escrito mostrando disposici\u00f3n de entablar un di\u00e1logo directo conmigo y detallando informaci\u00f3n sobre los ni\u00f1os ucranianos que residen en Rusia. Desde entonces, el presidente Putin y yo hemos mantenido un canal de comunicaci\u00f3n abierto sobre el bienestar de estos ni\u00f1os\u00bb, asegur\u00f3.<\/p>\n<p><img loading=\"lazy\" data-recalc-dims=\"1\" decoding=\"async\" width=\"900\" height=\"600\" src=\"https:\/\/www.europesays.com\/es\/wp-content\/uploads\/2025\/10\/Melania-Trump-ninos-ucranianos-2.webp\" alt=\"Melania Trump anuncia el regreso de ni\u00f1os ucranianos con sus familias tras negociar con Putin\" class=\"wp-image-2210859\" style=\"width:980px;height:auto\"  \/>La primera dama de Estados Unidos, Melania Trump, durante un anuncio sobre el regreso de ni\u00f1os ucranianos con sus familias, este 10 de octubre de 2025, en Washington. EFE\/Shawn Thew<\/p>\n<p>La primera dama apunt\u00f3 que en los \u00faltimos meses ambas partes han mantenido llamadas y reuniones en las que han acordado \u00abcooperar mutuamente en beneficio de todas las personas involucradas en esta guerra\u00bb.<\/p>\n<p>El trabajo por los ni\u00f1os ucranianos contin\u00faa<\/p>\n<p>De los ocho ni\u00f1os que ya se encuentran con sus familias, explic\u00f3 que tres fueron trasladados a Rusia sin sus padres por \u00ablos combates en la l\u00ednea del frente\u00bb y los otros cinco fueron \u00abseparados de sus familiares a trav\u00e9s de las fronteras a causa del conflicto\u00bb.<\/p>\n<blockquote class=\"instagram-media\" data-instgrm-permalink=\"https:\/\/www.instagram.com\/reel\/DPorQBIjQ1j\/?utm_source=ig_embed&amp;utm_campaign=loading\" data-instgrm-version=\"14\" style=\" background:#FFF; border:0; border-radius:3px; box-shadow:0 0 1px 0 rgba(0,0,0,0.5),0 1px 10px 0 rgba(0,0,0,0.15); margin: 1px; max-width:540px; min-width:326px; padding:0; width:99.375%; width:-webkit-calc(100% - 2px); width:calc(100% - 2px);\"\/>\n<p>\u00abRusia ha demostrado disposici\u00f3n a divulgar informaci\u00f3n objetiva y detallada que refleje la situaci\u00f3n actual. La Federaci\u00f3n Rusa proporcion\u00f3 biograf\u00edas y fotograf\u00edas de cada ni\u00f1o involucrado en la certificaci\u00f3n de esta semana, junto con un resumen de los servicios sociales, m\u00e9dicos y psicol\u00f3gicos brindados a los ni\u00f1os ucranianos\u00bb, a\u00f1adi\u00f3.<\/p>\n<p>Melania afirm\u00f3 que <a href=\"https:\/\/efe.com\/mundo\/2024-12-04\/rusia-ninos-ucranianos-adopcion-forzada-investigacion-yale\/\" rel=\"nofollow noopener\" target=\"_blank\">Rusia <\/a>tambi\u00e9n ha aceptado reunir con sus familiar a aquellos que j\u00f3venes forzados a ir al pa\u00eds cuando eran menores de edad y que ahora ya tienen 18 a\u00f1os.<\/p>\n<p>\u00abEste sigue siendo un esfuerzo en proceso. Ya est\u00e1n en marcha los planes para reunificar a m\u00e1s ni\u00f1os en un futuro inmediato. Espero que la paz llegue pronto; puede comenzar con nuestros ni\u00f1os\u00bb, concluy\u00f3.<\/p>\n<p>\t\t<script async src=\"\/\/www.instagram.com\/embed.js\"><\/script><\/p>\n","protected":false},"excerpt":{"rendered":"Washington (EFE).- La primera dama de Estados Unidos, Melania Trump, anunci\u00f3 este viernes que ocho ni\u00f1os ucranianos que&hellip;\n","protected":false},"author":2,"featured_media":168830,"comment_status":"","ping_status":"","sticky":false,"template":"","format":"standard","meta":{"footnotes":""},"categories":[42],"tags":[17,18,13,14,12905,11,61,62,63,64,19,20,9,2932,10,15,16,10981,1614,12,936,21,22,65,66,67],"class_list":{"0":"post-168829","1":"post","2":"type-post","3":"status-publish","4":"format-standard","5":"has-post-thumbnail","7":"category-internacional","8":"tag-breaking-news","9":"tag-breakingnews","10":"tag-featured-news","11":"tag-featurednews","12":"tag-guerra-de-ucrania","13":"tag-headlines","14":"tag-internacional","15":"tag-international","16":"tag-international-news","17":"tag-internationalnews","18":"tag-latest-news","19":"tag-latestnews","20":"tag-news","21":"tag-ninos","22":"tag-noticias","23":"tag-noticias-destacadas","24":"tag-noticiasdestacadas","25":"tag-putin","26":"tag-rusia","27":"tag-titulares","28":"tag-trump","29":"tag-ultimas-noticias","30":"tag-ultimasnoticias","31":"tag-world","32":"tag-world-news","33":"tag-worldnews"},"share_on_mastodon":{"url":"","error":""},"_links":{"self":[{"href":"https:\/\/www.europesays.com\/es\/wp-json\/wp\/v2\/posts\/168829","targetHints":{"allow":["GET"]}}],"collection":[{"href":"https:\/\/www.europesays.com\/es\/wp-json\/wp\/v2\/posts"}],"about":[{"href":"https:\/\/www.europesays.com\/es\/wp-json\/wp\/v2\/types\/post"}],"author":[{"embeddable":true,"href":"https:\/\/www.europesays.com\/es\/wp-json\/wp\/v2\/users\/2"}],"replies":[{"embeddable":true,"href":"https:\/\/www.europesays.com\/es\/wp-json\/wp\/v2\/comments?post=168829"}],"version-history":[{"count":0,"href":"https:\/\/www.europesays.com\/es\/wp-json\/wp\/v2\/posts\/168829\/revisions"}],"wp:featuredmedia":[{"embeddable":true,"href":"https:\/\/www.europesays.com\/es\/wp-json\/wp\/v2\/media\/168830"}],"wp:attachment":[{"href":"https:\/\/www.europesays.com\/es\/wp-json\/wp\/v2\/media?parent=168829"}],"wp:term":[{"taxonomy":"category","embeddable":true,"href":"https:\/\/www.europesays.com\/es\/wp-json\/wp\/v2\/categories?post=168829"},{"taxonomy":"post_tag","embeddable":true,"href":"https:\/\/www.europesays.com\/es\/wp-json\/wp\/v2\/tags?post=168829"}],"curies":[{"name":"wp","href":"https:\/\/api.w.org\/{rel}","templated":true}]}}