{"id":168831,"date":"2025-10-11T04:19:14","date_gmt":"2025-10-11T04:19:14","guid":{"rendered":"https:\/\/www.europesays.com\/es\/168831\/"},"modified":"2025-10-11T04:19:14","modified_gmt":"2025-10-11T04:19:14","slug":"la-dana-alice-vuelve-a-activar-el-aviso-por-fuertes-lluvias-este-sabado-en-la-region-de-murcia","status":"publish","type":"post","link":"https:\/\/www.europesays.com\/es\/168831\/","title":{"rendered":"La dana &#8216;Alice&#8217; vuelve a activar el aviso por fuertes lluvias este s\u00e1bado en la Regi\u00f3n de Murcia"},"content":{"rendered":"<p class=\"v-mdl-ath__p v-mdl-ath__p--6\">\nViernes, 10 de octubre 2025, 18:58<\/p>\n<p>| Actualizado 20:03h.<\/p>\n<p class=\"v-p\">La <a href=\"https:\/\/www.laverdad.es\/murcia\/directo-media-region-murcia-alerta-roja-hoy-20251010074828-di.html\" data-voc-vtm-id=\"in-text-traffic\" title=\"tormenta &#039;Alice&#039;\" data-mrf-link=\"www.laverdad.es\" rel=\"nofollow noopener\" target=\"_blank\">tormenta &#8216;Alice&#8217;<\/a> seguir\u00e1 por tercer d\u00eda consecutivo afectando a la Regi\u00f3n de Murcia. Aunque lo peor de las precipitaciones que arrastra esta dana lleg\u00f3 este viernes, todav\u00eda se producir\u00e1n lluvias significativas a lo largo de este s\u00e1bado, especialmente durante la madrugada. <\/p>\n<p class=\"v-p\">As\u00ed, la Agencia Estatal de Meteorolog\u00eda mantiene activo el aviso naranja por fuertes lluvias, que estar\u00edan acompa\u00f1adas de tormentas, hasta las ocho de la ma\u00f1ana para las zonas del Mar Menor, Cartagena y Mazarr\u00f3n. Estas \u00e1reas fueron las m\u00e1s afectadas de todo el pa\u00eds por la dana durante el viernes, cuando estuvo activa una <a href=\"https:\/\/www.laverdad.es\/murcia\/cartagena\/dana-sacude-cartagena-ayuntamiento-ordena-desalojo-villas-20251010104936-nt.html\" data-voc-vtm-id=\"in-text-traffic\" title=\"alerta roja por precipitaciones\" data-mrf-link=\"www.laverdad.es\" rel=\"nofollow noopener\" target=\"_blank\">alerta roja por precipitaciones<\/a> intensas que dejaron inundaciones en varios puntos y carreteras cortadas en las zonas del litoral, as\u00ed como el <a href=\"https:\/\/www.laverdad.es\/murcia\/cartagena\/pabellon-cabezo-beaza-cartagena-llena-desalojados-agua-20251010132234-nt.html\" data-voc-vtm-id=\"in-text-traffic\" title=\"desalojo de varios puntos\" data-mrf-link=\"www.laverdad.es\" rel=\"nofollow noopener\" target=\"_blank\">desalojo de varios puntos<\/a> de la costa de Cartagena ante la posibilidad de riadas que afectaran a las viviendas. <\/p>\n<p><a href=\"http:\/\/www.laverdad.es\/murcia\/los-alcazares\/maxima-atencion-mayores-alcazares-quiere-pasar-noche-20251010194641-nt.html#vtm_modulosEngag=mod-rel:Murcia:noticia:1:cmp:1-not\" class=\"v-a-link\" aria-label=\"Imagen\" rel=\"nofollow noopener\" target=\"_blank\"><\/p>\n<p><img decoding=\"async\" loading=\"lazy\" src=\"https:\/\/www.europesays.com\/es\/wp-content\/uploads\/2025\/10\/1501754121-klUC--366x256@La Verdad.jpg\" class=\"v-a-img\" width=\"258\" height=\"180\" alt=\"\" data-voc-vtm-id=\"in-text-traffic\"\/><\/p>\n<p><\/a><\/p>\n<p class=\"v-p\">A partir de esa hora, el aviso pasar\u00e1 a ser amarillo, ya que la borrasca ir\u00e1 alej\u00e1ndose de la Regi\u00f3n de Murcia conforme pasen las horas. La alerta amarilla continuar\u00e1 activa hasta las 14.00 horas en la comarca del Campo de Cartagena, y tambi\u00e9n en la Vega del Segura, aunque en este caso ser\u00e1 hasta las ocho de la ma\u00f1ana y con especial precauci\u00f3n en la zona del sureste de esta comarca. En ambas se podr\u00e1n producir precipitaciones, con una probabilidad de entre el 40 y el 70%, que pueden ser localmente fuertes ya que los cielos continuar\u00e1n cubiertos durante casi toda la jornada. <\/p>\n<p><img decoding=\"async\" loading=\"lazy\" src=\"https:\/\/www.europesays.com\/es\/wp-content\/uploads\/2025\/10\/G26R7j4XkAAemqX-kSDI-U23033387612650eF-650x455@La Verdad.png\" class=\"v-a-img\" width=\"650\" height=\"455\" alt=\"Avisos activos este s\u00e1bado.\" data-voc-vtm-id=\"in-text-traffic\"\/><\/p>\n<p>Avisos activos este s\u00e1bado.<\/p>\n<p>Aemet<\/p>\n<p><img loading=\"lazy\" decoding=\"async\" src=\"https:\/\/www.europesays.com\/es\/wp-content\/uploads\/2025\/10\/G26R7j4XkAAemqX.png\" class=\"v-mdl__img-z\" width=\"1920\" height=\"1344\" alt=\"\"\/><\/p>\n<p class=\"v-p\">Las temperaturas remontar\u00e1n en comparaci\u00f3n con el d\u00eda fr\u00edo y desapacible del vienes, en el que hubo un ambiente fresco al no superarse en ning\u00fan punto de la Regi\u00f3n de Murcia los 20 grados. Este s\u00e1bado apenas se sobrepasar\u00e1n los 24 grados en Lorca, mientras que en Cartagena y en Murcia se quedar\u00e1n en 23; en las comarcas del Noroeste y el Altiplano no alcanzar\u00e1n los 20 grados. Por otra parte, las m\u00ednimas caer\u00e1n hasta los 16 grados de Lorca y los 17 de Murcia, mientras que en Caravaca la bajada ser\u00e1 m\u00e1s pronunciada y se quedar\u00e1n en 12. <\/p>\n<p class=\"v-p\">Ser\u00e1 a partir de la tarde del s\u00e1bado cuando las lluvias disminuyan, aunque todav\u00eda podr\u00e1n producirse chubascos ocasionales, aunque estos no provocar\u00e1n que se active ning\u00fan aviso por parte de la Aemet durante el final del d\u00eda. Durante el domingo las nubes seguir\u00e1n sobre los cielos de la Regi\u00f3n de Murcia, por lo que no se puede descartar alg\u00fan chaparr\u00f3n, especialmente en la mitad sur de la Comunidad y durante las primeras horas de ese d\u00eda festivo. <\/p>\n<p class=\"v-p\">Las temperaturas m\u00e1ximas subir\u00e1n hasta sobrepasar los 25 grados en casi todos los puntos de la Regi\u00f3n, con excepci\u00f3n de las comarcas del norte; sin embargo, las m\u00ednimas contin\u00faan bajando y se quedar\u00e1n en 16 grados en Murcia y 15 en Lorca, cuatro grados m\u00e1s que en Caravaca de la Cruz. Cartagena, por su cercan\u00eda al mar, se beneficiar\u00e1 de una media mucho m\u00e1s suave, ya que no descender\u00e1n de 20 grados. <\/p>\n<p class=\"v-p\">Por la tarde volver\u00e1 a asomar alg\u00fan rayo t\u00edmido de sol, pero habr\u00e1 que esperar hasta el lunes para que las nubes pierdan protagonismo.<\/p>\n<p>Reporta un error<\/p>\n","protected":false},"excerpt":{"rendered":"Viernes, 10 de octubre 2025, 18:58 | Actualizado 20:03h. La tormenta &#8216;Alice&#8217; seguir\u00e1 por tercer d\u00eda consecutivo afectando&hellip;\n","protected":false},"author":2,"featured_media":168832,"comment_status":"","ping_status":"","sticky":false,"template":"","format":"standard","meta":{"footnotes":""},"categories":[8],"tags":[2977,17,18,10600,25,24,13,14,11,315,19,20,6194,10553,9,10,15,16,23,12,21,22],"class_list":{"0":"post-168831","1":"post","2":"type-post","3":"status-publish","4":"format-standard","5":"has-post-thumbnail","7":"category-espana","8":"tag-aviso","9":"tag-breaking-news","10":"tag-breakingnews","11":"tag-continua","12":"tag-es","13":"tag-espana","14":"tag-featured-news","15":"tag-featurednews","16":"tag-headlines","17":"tag-hoy","18":"tag-latest-news","19":"tag-latestnews","20":"tag-lluvias","21":"tag-mediodia","22":"tag-news","23":"tag-noticias","24":"tag-noticias-destacadas","25":"tag-noticiasdestacadas","26":"tag-spain","27":"tag-titulares","28":"tag-ultimas-noticias","29":"tag-ultimasnoticias"},"share_on_mastodon":{"url":"","error":""},"_links":{"self":[{"href":"https:\/\/www.europesays.com\/es\/wp-json\/wp\/v2\/posts\/168831","targetHints":{"allow":["GET"]}}],"collection":[{"href":"https:\/\/www.europesays.com\/es\/wp-json\/wp\/v2\/posts"}],"about":[{"href":"https:\/\/www.europesays.com\/es\/wp-json\/wp\/v2\/types\/post"}],"author":[{"embeddable":true,"href":"https:\/\/www.europesays.com\/es\/wp-json\/wp\/v2\/users\/2"}],"replies":[{"embeddable":true,"href":"https:\/\/www.europesays.com\/es\/wp-json\/wp\/v2\/comments?post=168831"}],"version-history":[{"count":0,"href":"https:\/\/www.europesays.com\/es\/wp-json\/wp\/v2\/posts\/168831\/revisions"}],"wp:featuredmedia":[{"embeddable":true,"href":"https:\/\/www.europesays.com\/es\/wp-json\/wp\/v2\/media\/168832"}],"wp:attachment":[{"href":"https:\/\/www.europesays.com\/es\/wp-json\/wp\/v2\/media?parent=168831"}],"wp:term":[{"taxonomy":"category","embeddable":true,"href":"https:\/\/www.europesays.com\/es\/wp-json\/wp\/v2\/categories?post=168831"},{"taxonomy":"post_tag","embeddable":true,"href":"https:\/\/www.europesays.com\/es\/wp-json\/wp\/v2\/tags?post=168831"}],"curies":[{"name":"wp","href":"https:\/\/api.w.org\/{rel}","templated":true}]}}