{"id":168837,"date":"2025-10-11T04:22:20","date_gmt":"2025-10-11T04:22:20","guid":{"rendered":"https:\/\/www.europesays.com\/es\/168837\/"},"modified":"2025-10-11T04:22:20","modified_gmt":"2025-10-11T04:22:20","slug":"feria-del-pilar-morante-indignacion-por-la-mas-que-probable-baja-de-morante-en-zaragoza-soy-muy-morantista-pero-no-tonto-ni-palmero","status":"publish","type":"post","link":"https:\/\/www.europesays.com\/es\/168837\/","title":{"rendered":"Feria del Pilar Morante | Indignaci\u00f3n por la m\u00e1s que probable baja de Morante en Zaragoza: \u00abSoy muy &#8216;morantista pero no tonto ni palmero\u00bb"},"content":{"rendered":"<p class=\"ft-text\">La m\u00e1s que probable baja de <strong>Morante de la Puebla<\/strong> en la corrida de este viernes 10 de octubre en la plaza de <strong>La Misericordia de Zaragoza<\/strong> donde estaba anunciado en un principio con Jos\u00e9 Mar\u00eda Manzanares (que fue el primero que se dio de baja de la cita) y el aragon\u00e9s Cristiano Torres, que tomar\u00eda la alternativa, ha levantado pol\u00e9mica en las redes sociales.<\/p>\n<p class=\"ft-text\">\u00abSoy muy &#8216;morantista <strong>pero no tonto ni palmero\u00bb,<\/strong> asegura en X el usuario @jon90537481 en uno de los mensajes que se puede leer en la red social. \u00abQuien no respeta al aficionado, pierde todo mi respeto. Se llame <strong>Morante<\/strong> o Manolete. F\u00famate otro purito, maestro\u00bb, le apela directamente @federicoav, mientras que otros van directamente a lo que creen que es la causa de su baja: \u00abNo tiene justificaci\u00f3n, para que se acartela si sabe que tiene a los dos d\u00edas una corrida. Darse de baja para reservarse para Madrid <strong>es de ser un sinverg\u00fcenza<\/strong> y no tener respeto al aficionado. El empresario tiene culpa pero <strong>Morante<\/strong> es el principal culpable. Y lo suelo defender\u00bb, denuncia @Ignaciarias.<\/p>\n<p class=\"ft-text\">Y es que lo que los aficionados creen que subyace en esta baja que parece cantada es que tienen un doble compromiso en Madrid este domingo as\u00ed como el s\u00e1bado ha convocado para<strong> inaugurar la estatua homenaje a Anto\u00f1ete<\/strong> (que ha promovido el diestro) a las 13.00 horas enfrentre de Las Ventas de Madrid.<\/p>\n<p class=\"ft-text\">Seg\u00fan ha adelantado &#8216;Mundotoro&#8217;, Morante de la Puebla ha alegado que <strong>\u00absufre molestias y fuertes dolores en la cadera y en su rodilla derecha<\/strong>\u00ab, consecuencia de los \u00faltimos percances que ha sufrido, el \u00faltimo en \u00dabeda el s\u00e1bado pasado.<\/p>\n<p class=\"ft-text\">Est\u00e1 por ver la <strong>confirmaci\u00f3n oficial de la baja<\/strong> y c\u00f3mo quedar\u00e1 configurado el cartel para la corrida de este viernes en La Misericordia.<\/p>\n","protected":false},"excerpt":{"rendered":"La m\u00e1s que probable baja de Morante de la Puebla en la corrida de este viernes 10 de&hellip;\n","protected":false},"author":2,"featured_media":168838,"comment_status":"","ping_status":"","sticky":false,"template":"","format":"standard","meta":{"footnotes":""},"categories":[277],"tags":[373,168,25,24,49269,23,167,374],"class_list":{"0":"post-168837","1":"post","2":"type-post","3":"status-publish","4":"format-standard","5":"has-post-thumbnail","7":"category-toreo","8":"tag-bullfighting","9":"tag-deportes","10":"tag-es","11":"tag-espana","12":"tag-indignacion-por-la-mas-que-probable-baja-de-morante-en-zaragoza","13":"tag-spain","14":"tag-sports","15":"tag-toreo"},"share_on_mastodon":{"url":"","error":""},"_links":{"self":[{"href":"https:\/\/www.europesays.com\/es\/wp-json\/wp\/v2\/posts\/168837","targetHints":{"allow":["GET"]}}],"collection":[{"href":"https:\/\/www.europesays.com\/es\/wp-json\/wp\/v2\/posts"}],"about":[{"href":"https:\/\/www.europesays.com\/es\/wp-json\/wp\/v2\/types\/post"}],"author":[{"embeddable":true,"href":"https:\/\/www.europesays.com\/es\/wp-json\/wp\/v2\/users\/2"}],"replies":[{"embeddable":true,"href":"https:\/\/www.europesays.com\/es\/wp-json\/wp\/v2\/comments?post=168837"}],"version-history":[{"count":0,"href":"https:\/\/www.europesays.com\/es\/wp-json\/wp\/v2\/posts\/168837\/revisions"}],"wp:featuredmedia":[{"embeddable":true,"href":"https:\/\/www.europesays.com\/es\/wp-json\/wp\/v2\/media\/168838"}],"wp:attachment":[{"href":"https:\/\/www.europesays.com\/es\/wp-json\/wp\/v2\/media?parent=168837"}],"wp:term":[{"taxonomy":"category","embeddable":true,"href":"https:\/\/www.europesays.com\/es\/wp-json\/wp\/v2\/categories?post=168837"},{"taxonomy":"post_tag","embeddable":true,"href":"https:\/\/www.europesays.com\/es\/wp-json\/wp\/v2\/tags?post=168837"}],"curies":[{"name":"wp","href":"https:\/\/api.w.org\/{rel}","templated":true}]}}