{"id":168839,"date":"2025-10-11T04:25:15","date_gmt":"2025-10-11T04:25:15","guid":{"rendered":"https:\/\/www.europesays.com\/es\/168839\/"},"modified":"2025-10-11T04:25:15","modified_gmt":"2025-10-11T04:25:15","slug":"cuando-se-juega-el-six-kings-slam-2025-fechas-horarios-tv-y-como-ver-el-torneo-en-directo","status":"publish","type":"post","link":"https:\/\/www.europesays.com\/es\/168839\/","title":{"rendered":"\u00bfCu\u00e1ndo se juega el Six Kings Slam 2025? Fechas, horarios, TV y c\u00f3mo ver el torneo en directo"},"content":{"rendered":"<p class=\"\"><b>Arabia Saud\u00ed<\/b> volver\u00e1 a centrar todas las miradas del tenis mundial con la celebraci\u00f3n del <a href=\"https:\/\/as.com\/noticias\/six-kings-slam\/\" target=\"_self\" rel=\"nofollow noopener\" title=\"https:\/\/as.com\/noticias\/six-kings-slam\/\">Six Kings Slam<\/a>, torneo de exhibici\u00f3n que contar\u00e1 con algunos de los mejores tenistas del planeta. En concreto, con <b>Carlos Alcaraz, Jannik Sinner, Novak Djokovic, Alexander Zverev, Taylor Fritz y un Stefanos Tsitsipas<\/b> <a href=\"https:\/\/as.com\/tenis\/tsitsipas-reemplaza-a-draper-en-el-six-kings-slam-n\/\" target=\"_self\" rel=\"nofollow noopener\" title=\"https:\/\/as.com\/tenis\/tsitsipas-reemplaza-a-draper-en-el-six-kings-slam-n\/\">que reemplazar\u00e1 a Jack Draper<\/a>, quien dijo adi\u00f3s a la temporada tras sufrir una lesi\u00f3n en el <a href=\"https:\/\/as.com\/noticias\/us-open\/\" target=\"_self\" rel=\"nofollow noopener\" title=\"https:\/\/as.com\/noticias\/us-open\/\">US Open<\/a>. El que no estar\u00e1 en esta ocasi\u00f3n ser\u00e1 <b>Rafael Nadal<\/b>, que se visti\u00f3 de corto en Riad <a href=\"\" rel=\"\" title=\"\">apenas un mes antes de retirarse en la Copa Davis de M\u00e1laga<\/a>.<\/p>\n<p class=\"\">Cabe recordar que la primera edici\u00f3n del torneo, que se celebr\u00f3 el a\u00f1o pasado, <a href=\"https:\/\/as.com\/tenis\/alcaraz-sinner-en-directo-final-del-six-kings-slam-hoy-en-vivo-n\/\" target=\"_self\" rel=\"nofollow noopener\" title=\"https:\/\/as.com\/tenis\/alcaraz-sinner-en-directo-final-del-six-kings-slam-hoy-en-vivo-n\/\">acab\u00f3 siendo para Sinner tras derrotar en tres sets a Alcaraz (6-7, 6-3 y 6-3)<\/a>. El de San C\u00e1ndido competir\u00e1 en el ANB Arena tras protagonizar <a href=\"https:\/\/as.com\/tenis\/las-condiciones-extremas-revientan-a-sinner-retirado-entre-calambres-n\/\" target=\"_self\" rel=\"nofollow noopener\" title=\"https:\/\/as.com\/tenis\/las-condiciones-extremas-revientan-a-sinner-retirado-entre-calambres-n\/\">una de las im\u00e1genes negativas de la temporada<\/a> en el Masters 1.000 de Shangh\u00e1i, <b>al que no ha acudido su m\u00e1ximo rival y n\u00famero uno <\/b><a href=\"https:\/\/as.com\/tenis\/alcaraz-renuncia-a-shanghai-n\/\" target=\"_self\" rel=\"nofollow noopener\" title=\"https:\/\/as.com\/tenis\/alcaraz-renuncia-a-shanghai-n\/\">por \u201cunas dolencias f\u00edsicas\u201d<\/a> <b>pero s\u00ed Djokovic<\/b>, que este mismo s\u00e1bado <a href=\"https:\/\/as.com\/tenis\/masters_1000\/djokovic-80-semifinales-de-masters-1000-f202510-n\/\" target=\"_self\" rel=\"nofollow noopener\" title=\"https:\/\/as.com\/tenis\/masters_1000\/djokovic-80-semifinales-de-masters-1000-f202510-n\/\">pelear\u00e1 por un hueco en la final ante Valentin Vacherot<\/a>.<\/p>\n<p>Fechas y horarios \u00bfCu\u00e1ndo se celebra el Six Kings Slam?<\/p>\n<p class=\"\">El torneo de exhibici\u00f3n <b>Six Kings Slam empezar\u00e1 el mi\u00e9rcoles 15 de octubre<\/b>, d\u00eda en el que se disputar\u00e1n los cuartos de final entre <b>Sinner-Tsitsipas y Fritz-Zverev<\/b>. El jueves 16, el ganador del primer duelo de cuartos se ver\u00e1 las caras ante <b>Djokovic<\/b> y el del segundo ante <b>Alcaraz<\/b>, mientras que la gran final y el partido por el tercer y cuarto puesto del torneo <b>se celebrar\u00e1n el s\u00e1bado 18<\/b>.<\/p>\n<p class=\"\"><b>Cuartos de final (mi\u00e9rcoles 15 de octubre)<\/b><\/p>\n<p class=\"\">Taylor Fritz &#8211; Alexander Zverev (18:30 horas)<\/p>\n<p class=\"\">Jannik Sinner &#8211; Stefanos Tsitsipas (a continuaci\u00f3n)<\/p>\n<p class=\"\"><b>Semifinales (jueves 16 de octubre)<\/b><\/p>\n<p class=\"\">Alcaraz &#8211; Fritz\/Zverev (14:00 horas)<\/p>\n<p class=\"\">Djokovic &#8211; Sinner\/Tsitsipas (a continuaci\u00f3n)<\/p>\n<p class=\"\"><b>Tercer y cuarto puesto y final (s\u00e1bado 18 de octubre, a partir de las 14:00 horas)<\/b><\/p>\n<p>TV: \u00bfC\u00f3mo ver el Six Kings Slam por televisi\u00f3n?<\/p>\n<p class=\"\">Los partidos del torneo de exhibici\u00f3n del Six Kings Slam <b>se podr\u00e1n seguir en televisi\u00f3n tan solo a trav\u00e9s de Netflix<\/b>, plataforma de streaming que cuenta con sus derechos de retransmisi\u00f3n.<\/p>\n<p>Internet: \u00bfD\u00f3nde seguir Six Kings Slam?Noticias relacionadas<a href=\"https:\/\/as.com\/tenis\/mas_tenis\/jugar-con-rafa-nadal-en-paris-es-la-peor-experiencia-de-mi-vida-f202510-n\/\" class=\"s_m_w\" title=\"Dominic Thiem dice que enfrentarse con el balear en Roland Garros es muy duro: \u201cEl speaker le presenta y el p\u00fablico enloquece... sientes que has perdido el partido\u201d.\" data-tb-link=\"\" rel=\"nofollow noopener\" target=\"_blank\"><img decoding=\"async\" src=\"https:\/\/www.europesays.com\/es\/wp-content\/uploads\/2025\/10\/1760156714_587_DQS7MTIGNZJMFIESCIH6FAVCHM.jpg\" alt=\"\u201cJugar con Rafa Nadal en Par\u00eds es la peor experiencia de mi vida\u201d\" class=\"\" height=\"1\" width=\"1\"   loading=\"lazy\" data-tb-thumbnail=\"\"\/><\/a><a href=\"https:\/\/as.com\/tenis\/masters_1000\/rinderknech-sigue-a-su-primo-vacherot-hasta-las-semifinales-f202510-n\/\" class=\"s_m_w\" title=\"El franc\u00e9s vence en dos sets al canadiense Auger-Aliassime y se enfrentar\u00e1 el s\u00e1bado al ruso Medvedev, que puede con el australiano De Mi\u00f1aur. \" data-tb-link=\"\" rel=\"nofollow noopener\" target=\"_blank\"><img decoding=\"async\" src=\"https:\/\/www.europesays.com\/es\/wp-content\/uploads\/2025\/10\/1760156715_405_YSJSLFSDUVISRFWMPFVGKMLS7I.jpg\" alt=\"Rinderknech sigue a su primo Vacherot hasta las semifinales\" class=\"\" height=\"1\" width=\"1\"   loading=\"lazy\" data-tb-thumbnail=\"\"\/><\/a><\/p>\n<p class=\"\"><b>En AS tambi\u00e9n tendr\u00e1s una amplia cobertura de todo lo que suceda en el Six Kings Slam. <\/b>Con nosotros tendr\u00e1s el mejor directo con el minuto a minuto y punto a punto de los partidos, las im\u00e1genes m\u00e1s curiosas y los v\u00eddeos con los puntos clave y los momentos m\u00e1s espectaculares, as\u00ed como la cr\u00f3nica y las declaraciones de los protagonistas nada m\u00e1s terminar los partidos.<\/p>\n<p class=\"\">Sigue el <a href=\"https:\/\/www.whatsapp.com\/channel\/0029VaAasdA7j6g745nz9M10\" rel=\"nofollow noopener\" target=\"_blank\">canal de Diario AS en WhatsApp<\/a>, donde encontrar\u00e1s todo el deporte en un solo espacio: la actualidad del d\u00eda, la agenda con la \u00faltima hora de los eventos deportivos m\u00e1s importantes, las im\u00e1genes m\u00e1s destacadas, la opini\u00f3n de las mejores firmas de AS, reportajes, v\u00eddeos, y algo de humor de vez en cuando.<\/p>\n","protected":false},"excerpt":{"rendered":"Arabia Saud\u00ed volver\u00e1 a centrar todas las miradas del tenis mundial con la celebraci\u00f3n del Six Kings Slam,&hellip;\n","protected":false},"author":2,"featured_media":168840,"comment_status":"","ping_status":"","sticky":false,"template":"","format":"standard","meta":{"footnotes":""},"categories":[274],"tags":[168,25,24,23,167,327,326],"class_list":{"0":"post-168839","1":"post","2":"type-post","3":"status-publish","4":"format-standard","5":"has-post-thumbnail","7":"category-tenis","8":"tag-deportes","9":"tag-es","10":"tag-espana","11":"tag-spain","12":"tag-sports","13":"tag-tenis","14":"tag-tennis"},"share_on_mastodon":{"url":"","error":""},"_links":{"self":[{"href":"https:\/\/www.europesays.com\/es\/wp-json\/wp\/v2\/posts\/168839","targetHints":{"allow":["GET"]}}],"collection":[{"href":"https:\/\/www.europesays.com\/es\/wp-json\/wp\/v2\/posts"}],"about":[{"href":"https:\/\/www.europesays.com\/es\/wp-json\/wp\/v2\/types\/post"}],"author":[{"embeddable":true,"href":"https:\/\/www.europesays.com\/es\/wp-json\/wp\/v2\/users\/2"}],"replies":[{"embeddable":true,"href":"https:\/\/www.europesays.com\/es\/wp-json\/wp\/v2\/comments?post=168839"}],"version-history":[{"count":0,"href":"https:\/\/www.europesays.com\/es\/wp-json\/wp\/v2\/posts\/168839\/revisions"}],"wp:featuredmedia":[{"embeddable":true,"href":"https:\/\/www.europesays.com\/es\/wp-json\/wp\/v2\/media\/168840"}],"wp:attachment":[{"href":"https:\/\/www.europesays.com\/es\/wp-json\/wp\/v2\/media?parent=168839"}],"wp:term":[{"taxonomy":"category","embeddable":true,"href":"https:\/\/www.europesays.com\/es\/wp-json\/wp\/v2\/categories?post=168839"},{"taxonomy":"post_tag","embeddable":true,"href":"https:\/\/www.europesays.com\/es\/wp-json\/wp\/v2\/tags?post=168839"}],"curies":[{"name":"wp","href":"https:\/\/api.w.org\/{rel}","templated":true}]}}