{"id":168843,"date":"2025-10-11T04:29:08","date_gmt":"2025-10-11T04:29:08","guid":{"rendered":"https:\/\/www.europesays.com\/es\/168843\/"},"modified":"2025-10-11T04:29:08","modified_gmt":"2025-10-11T04:29:08","slug":"me-voy-con-la-tranquilidad-de-haber-dado-absolutamente-todo","status":"publish","type":"post","link":"https:\/\/www.europesays.com\/es\/168843\/","title":{"rendered":"Me voy con la tranquilidad de haber dado absolutamente todo"},"content":{"rendered":"<p data-mrf-recirculation=\"Links P\u00e1rrafos\" class=\"ue-c-article__paragraph paragraph ue-c-article--first-letter-highlighted\">Un d\u00eda despu\u00e9s de su <strong><a href=\"https:\/\/www.marca.com\/futbol\/oviedo\/2025\/10\/09\/oviedo-destituye-paunovic.html\" rel=\"nofollow noopener\" target=\"_blank\">sorprendente destituci\u00f3n<\/a><\/strong>, <strong>Veljko Paunovic <\/strong>se despide de la afici\u00f3n del Real Oviedo, equipo al que llev\u00f3 a Primera Divisi\u00f3n. El serbio se\u00f1ala que se va con la \u00abtranquilidad de haber dado absolutamente todo\u00bb y con la <strong>\u00abesperanza de que el futuro sea brillante para todos\u00bb<\/strong>.<\/p>\n<p data-mrf-recirculation=\"Links P\u00e1rrafos\" class=\"ue-c-article__paragraph paragraph\">El balc\u00e1nico, destituido tras ocho jornadas y con el equipo cuarto por la cola (fuera del descenso), <strong>emiti\u00f3 un comunicado<\/strong> a trav\u00e9s de sus redes sociales. <strong>Veljko habla con el coraz\u00f3n<\/strong>.\u00a0<\/p>\n<p>Comunicado de Paunovic<\/p>\n<p data-mrf-recirculation=\"Links P\u00e1rrafos\" class=\"ue-c-article__paragraph paragraph\">\u00abHoy me toca despedirme inesperadamente de un lugar que siento como mi casa. No es f\u00e1cil poner en palabras lo que ha significado para m\u00ed volver al Real Oviedo y vivir junto a vosotros una de las p\u00e1ginas m\u00e1s emocionantes de nuestra historia reciente.<\/p>\n<p data-mrf-recirculation=\"Links P\u00e1rrafos\" class=\"ue-c-article__paragraph paragraph\">Cuando llegu\u00e9 en marzo de 2025, sab\u00eda que este club ten\u00eda una deuda pendiente con su pasado. Lo sent\u00eda en la ciudad, en la gente, en cada mirada&#8230; Ascender no fue s\u00f3lo un objetivo deportivo: fue sanar una herida que llevaba abierta 24 a\u00f1os. Por eso, aquel 21 de junio no s\u00f3lo subimos de categor\u00eda; devolvimos al oviedismo el lugar que merec\u00eda.<\/p>\n<p data-mrf-recirculation=\"Links P\u00e1rrafos\" class=\"ue-c-article__paragraph paragraph\">Me voy con la tranquilidad de haber dado absolutamente todo. Cada entrenamiento, cada charla, cada jornada en El Requex\u00f3n pensando en c\u00f3mo hacer mejor al equipo. Ha sido un honor dirigir a un grupo de futbolistas que demostraron tener actitud, calidad y un compromiso que hace grande a este club. Estoy convencido de que el Real Oviedo tiene en ellos la fuerza y el talento para seguir siendo equipo de Primera.<\/p>\n<p data-mrf-recirculation=\"Links P\u00e1rrafos\" class=\"ue-c-article__paragraph paragraph\">Quiero agradecer a los due\u00f1os y la direcci\u00f3n del club por abrirme la puerta a regresar, y de un modo muy especial a todas las personas que forman parte del Real Oviedo: empleados, direcci\u00f3n, cuerpo m\u00e9dico, utileros, personal de oficina y de mantenimiento\u2026 Ellos sostienen el d\u00eda a d\u00eda del club con una dedicaci\u00f3n que emociona y que muchas veces pasa desapercibida. Han sido parte fundamental de cada logro y siempre los llevar\u00e9 conmigo.<\/p>\n<p data-mrf-recirculation=\"Links P\u00e1rrafos\" class=\"ue-c-article__paragraph paragraph\">Y, sobre todo, gracias a la afici\u00f3n. Por creer, por empujar, por llenar el Tartiere incluso en los momentos m\u00e1s dif\u00edciles. Sentir vuestro aliento fue la energ\u00eda que nos impuls\u00f3 a no rendirnos nunca.<\/p>\n<p data-mrf-recirculation=\"Links P\u00e1rrafos\" class=\"ue-c-article__paragraph paragraph\">El Real Oviedo forma parte de mi historia y de mi coraz\u00f3n. Me voy con la satisfacci\u00f3n de haber cumplido una misi\u00f3n y con la esperanza de que el futuro sea brillante para todos.<\/p>\n<p data-mrf-recirculation=\"Links P\u00e1rrafos\" class=\"ue-c-article__paragraph paragraph\">Con gratitud y orgullo,\u00a0Veljko Paunovi\u0107\u00bb.<\/p>\n","protected":false},"excerpt":{"rendered":"Un d\u00eda despu\u00e9s de su sorprendente destituci\u00f3n, Veljko Paunovic se despide de la afici\u00f3n del Real Oviedo, equipo&hellip;\n","protected":false},"author":2,"featured_media":168844,"comment_status":"","ping_status":"","sticky":false,"template":"","format":"standard","meta":{"footnotes":""},"categories":[268],"tags":[168,25,24,280,282,281,23,167],"class_list":{"0":"post-168843","1":"post","2":"type-post","3":"status-publish","4":"format-standard","5":"has-post-thumbnail","7":"category-futbol","8":"tag-deportes","9":"tag-es","10":"tag-espana","11":"tag-football","12":"tag-futbol","13":"tag-soccer","14":"tag-spain","15":"tag-sports"},"share_on_mastodon":{"url":"","error":""},"_links":{"self":[{"href":"https:\/\/www.europesays.com\/es\/wp-json\/wp\/v2\/posts\/168843","targetHints":{"allow":["GET"]}}],"collection":[{"href":"https:\/\/www.europesays.com\/es\/wp-json\/wp\/v2\/posts"}],"about":[{"href":"https:\/\/www.europesays.com\/es\/wp-json\/wp\/v2\/types\/post"}],"author":[{"embeddable":true,"href":"https:\/\/www.europesays.com\/es\/wp-json\/wp\/v2\/users\/2"}],"replies":[{"embeddable":true,"href":"https:\/\/www.europesays.com\/es\/wp-json\/wp\/v2\/comments?post=168843"}],"version-history":[{"count":0,"href":"https:\/\/www.europesays.com\/es\/wp-json\/wp\/v2\/posts\/168843\/revisions"}],"wp:featuredmedia":[{"embeddable":true,"href":"https:\/\/www.europesays.com\/es\/wp-json\/wp\/v2\/media\/168844"}],"wp:attachment":[{"href":"https:\/\/www.europesays.com\/es\/wp-json\/wp\/v2\/media?parent=168843"}],"wp:term":[{"taxonomy":"category","embeddable":true,"href":"https:\/\/www.europesays.com\/es\/wp-json\/wp\/v2\/categories?post=168843"},{"taxonomy":"post_tag","embeddable":true,"href":"https:\/\/www.europesays.com\/es\/wp-json\/wp\/v2\/tags?post=168843"}],"curies":[{"name":"wp","href":"https:\/\/api.w.org\/{rel}","templated":true}]}}