{"id":168847,"date":"2025-10-11T04:32:08","date_gmt":"2025-10-11T04:32:08","guid":{"rendered":"https:\/\/www.europesays.com\/es\/168847\/"},"modified":"2025-10-11T04:32:08","modified_gmt":"2025-10-11T04:32:08","slug":"la-estacion-azul-la-sangre-esta-cayendo-con-elvira-navarro","status":"publish","type":"post","link":"https:\/\/www.europesays.com\/es\/168847\/","title":{"rendered":"La estaci\u00f3n azul &#8211; La sangre est\u00e1 cayendo&#8230;, con Elvira Navarro"},"content":{"rendered":"<p>Hablamos de periferias e impulsos autodestructivos con<strong> Elvira Navarro<\/strong>. La autora nos presenta su nuevo e inquietante libro de relatos, <strong>La sangre est\u00e1 cayendo al patio<\/strong> (Ed. Random House), nueve historias que bucean en la zona cero de nuestra conciencia, ese lugar remoto del que surgen los inexplicables impulsos que tantas veces nos abocan a la desgracia. <\/p>\n<p>Luego, <strong>Javier Lostal\u00e9<\/strong> abre su ventanita po\u00e9tica a <strong>C\u00f3mo enterrar al padre en un poema<\/strong> (Ed. Tusquets), el tercer poemario de la escritora rumana<strong> Corina Oproae<\/strong>, conocida sobre todo por su faceta como novelista.<\/p>\n<p>Adem\u00e1s,<strong> Ignacio Elguero<\/strong> nos pone tras la pista de dos t\u00edtulos que profundizan en distintas etapas del siglo XX espa\u00f1ol: <strong>Franco en los pupitres. La II Rep\u00fablica y la Santa Cruzada en las aulas<\/strong> (Ed. El mono libre), libro en el que la profesora <strong>Mar\u00eda Jes\u00fas Mart\u00edn-D\u00edaz <\/strong>analiza -a partir de los cuadernos escolares de su madre- la involuci\u00f3n que sufri\u00f3 la educaci\u00f3n espa\u00f1ola tras la guerra civil, y <strong>Los a\u00f1os decisivos<\/strong> (Ed. Pre-Textos), novela de <strong>Jos\u00e9 Mateos<\/strong> ambientada en el efervescente Madrid de la transici\u00f3n.<\/p>\n<p>En su secci\u00f3n, <strong>Sergio C. Fanjul <\/strong>nos recomienda <strong>163 cent\u00edmetros <\/strong>(Ed. Arrebato), ensayo de <strong>Abraham Boba <\/strong>en el que el m\u00fasico explora los condicionantes de ser una persona de baja estatura entreverando su experiencia personal con datos de car\u00e1cter hist\u00f3rico, psicol\u00f3gico y cient\u00edfico.<\/p>\n<p>Terminamos en compa\u00f1\u00eda de <strong>Mariano Peyrou<\/strong>, que esta vez nos propone la lectura de varios poemarios publicados por la editorial barcelonesa La Gar\u00faa: <strong>Palabras sedimentarias<\/strong>, de<strong> M\u00aa Carmen Ruiz Guerrero<\/strong> y <strong>Seronda,<\/strong> de <strong>Ana P\u00e9rez Ca\u00f1amares<\/strong>.<\/p>\n","protected":false},"excerpt":{"rendered":"Hablamos de periferias e impulsos autodestructivos con Elvira Navarro. La autora nos presenta su nuevo e inquietante libro&hellip;\n","protected":false},"author":2,"featured_media":168848,"comment_status":"","ping_status":"","sticky":false,"template":"","format":"standard","meta":{"footnotes":""},"categories":[172],"tags":[224,49273,146,147,25,24,49271,49272,225,133,1448,1986,1987,23],"class_list":{"0":"post-168847","1":"post","2":"type-post","3":"status-publish","4":"format-standard","5":"has-post-thumbnail","7":"category-libros","8":"tag-books","9":"tag-con-elvira-navarro","10":"tag-entertainment","11":"tag-entretenimiento","12":"tag-es","13":"tag-espana","14":"tag-la-estacion-azul","15":"tag-la-sangre-esta-cayendo","16":"tag-libros","17":"tag-online","18":"tag-radio","19":"tag-rne","20":"tag-rtve-play","21":"tag-spain"},"share_on_mastodon":{"url":"","error":""},"_links":{"self":[{"href":"https:\/\/www.europesays.com\/es\/wp-json\/wp\/v2\/posts\/168847","targetHints":{"allow":["GET"]}}],"collection":[{"href":"https:\/\/www.europesays.com\/es\/wp-json\/wp\/v2\/posts"}],"about":[{"href":"https:\/\/www.europesays.com\/es\/wp-json\/wp\/v2\/types\/post"}],"author":[{"embeddable":true,"href":"https:\/\/www.europesays.com\/es\/wp-json\/wp\/v2\/users\/2"}],"replies":[{"embeddable":true,"href":"https:\/\/www.europesays.com\/es\/wp-json\/wp\/v2\/comments?post=168847"}],"version-history":[{"count":0,"href":"https:\/\/www.europesays.com\/es\/wp-json\/wp\/v2\/posts\/168847\/revisions"}],"wp:featuredmedia":[{"embeddable":true,"href":"https:\/\/www.europesays.com\/es\/wp-json\/wp\/v2\/media\/168848"}],"wp:attachment":[{"href":"https:\/\/www.europesays.com\/es\/wp-json\/wp\/v2\/media?parent=168847"}],"wp:term":[{"taxonomy":"category","embeddable":true,"href":"https:\/\/www.europesays.com\/es\/wp-json\/wp\/v2\/categories?post=168847"},{"taxonomy":"post_tag","embeddable":true,"href":"https:\/\/www.europesays.com\/es\/wp-json\/wp\/v2\/tags?post=168847"}],"curies":[{"name":"wp","href":"https:\/\/api.w.org\/{rel}","templated":true}]}}