{"id":168851,"date":"2025-10-11T04:34:09","date_gmt":"2025-10-11T04:34:09","guid":{"rendered":"https:\/\/www.europesays.com\/es\/168851\/"},"modified":"2025-10-11T04:34:09","modified_gmt":"2025-10-11T04:34:09","slug":"videoanalisis-un-premio-nobel-de-la-paz-que-aterriza-en-un-momento-de-maxima-tension-politica","status":"publish","type":"post","link":"https:\/\/www.europesays.com\/es\/168851\/","title":{"rendered":"Videoan\u00e1lisis | Un premio Nobel de la Paz que aterriza en un momento de m\u00e1xima tensi\u00f3n pol\u00edtica"},"content":{"rendered":"<p>Foto: Gaby Oraa | V\u00eddeo: EPV<\/p>\n<p class=\"a_st\">El reconocimiento a Mar\u00eda Corina Machado refuerza su autoridad y liderazgo en el campo democr\u00e1tico en Venezuela<\/p>\n<p class=\"\">El premio Nobel de la Paz otorgado a <a href=\"https:\/\/elpais.com\/america\/2025-10-10\/maria-corina-machado-maduro-decide-si-lo-toma-o-lo-deja-pero-va-a-salir-con-o-sin-negociacion.html\" target=\"_self\" rel=\"nofollow noopener\" title=\"https:\/\/elpais.com\/america\/2025-10-10\/maria-corina-machado-maduro-decide-si-lo-toma-o-lo-deja-pero-va-a-salir-con-o-sin-negociacion.html\">Mar\u00eda Corina Machado<\/a> ha tomado por sorpresa a los venezolanos y ha generado un j\u00fabilo entre dientes en un pa\u00eds en el cual ha ido cambiando la censura en estos meses. Es una circunstancia noticiosa silenciada en los medios masivos de Venezuela y no comentada por el Gobierno.<\/p>\n<p><a class=\"a_com_l\" href=\"https:\/\/elpais.com\/info\/normas-de-participacion\/\" rel=\"nofollow noopener\" target=\"_blank\">Normas \u203a<\/a>M\u00e1s informaci\u00f3n<a href=\"https:\/\/elpais.com\/america\/2025-10-10\/maria-corina-machado-maduro-decide-si-lo-toma-o-lo-deja-pero-va-a-salir-con-o-sin-negociacion.html#?rel=mas\" title=\"Mar\u00eda Corina Machado: \u201cMaduro decide, pero va a salir con o sin negociaci\u00f3n\u201d \" class=\"_db _pr\" rel=\"nofollow noopener\" target=\"_blank\"><img decoding=\"auto\" class=\"_re lazyload a_m-h\" height=\"311\" width=\"414\" src=\"https:\/\/www.europesays.com\/es\/wp-content\/uploads\/2025\/10\/HMMKPNISL5HD5OQSXQ6RL3EVRM.jpg\" loading=\"lazy\"\/><\/a><a href=\"https:\/\/elpais.com\/america\/2025-10-10\/cinco-momentos-clave-que-alzaron-a-maria-corina-machado-hasta-el-nobel.html#?rel=mas\" title=\"Cinco momentos clave que alzaron a Mar\u00eda Corina Machado hasta el Nobel\" class=\"_db _pr\" rel=\"nofollow noopener\" target=\"_blank\"><img decoding=\"auto\" class=\"_re lazyload a_m-h\" height=\"311\" width=\"414\" src=\"https:\/\/www.europesays.com\/es\/wp-content\/uploads\/2025\/10\/RTKGNVMA3FHRDDMKB5MREJTIGA.jpg\" loading=\"lazy\"\/><\/a>Archivado EnSi est\u00e1 interesado en licenciar este contenido, pinche <a class=\"a_tp_si_l\" href=\"https:\/\/profesional.elpais.com\/soluciones-sindicacion\/?utm_medium=interno&amp;utm_source=crosslinking&amp;utm_campaign=sindicacion_ep_pie_articulos\" target=\"_blank\" rel=\"noopener noreferrer nofollow\">aqu\u00ed<\/a><\/p>\n","protected":false},"excerpt":{"rendered":"Foto: Gaby Oraa | V\u00eddeo: EPV El reconocimiento a Mar\u00eda Corina Machado refuerza su autoridad y liderazgo en&hellip;\n","protected":false},"author":2,"featured_media":168852,"comment_status":"","ping_status":"","sticky":false,"template":"","format":"standard","meta":{"footnotes":""},"categories":[170],"tags":[889,4373,146,147,25,24,1804,4371,184,185,1194,25064,958,23,1192],"class_list":{"0":"post-168851","1":"post","2":"type-post","3":"status-publish","4":"format-standard","5":"has-post-thumbnail","7":"category-musica","8":"tag-america","9":"tag-elecciones-venezuela","10":"tag-entertainment","11":"tag-entretenimiento","12":"tag-es","13":"tag-espana","14":"tag-latinoamerica","15":"tag-maria-corina-machado","16":"tag-music","17":"tag-musica","18":"tag-nicolas-maduro","19":"tag-nobel-de-la-paz","20":"tag-oposicion-politica","21":"tag-spain","22":"tag-venezuela"},"share_on_mastodon":{"url":"","error":""},"_links":{"self":[{"href":"https:\/\/www.europesays.com\/es\/wp-json\/wp\/v2\/posts\/168851","targetHints":{"allow":["GET"]}}],"collection":[{"href":"https:\/\/www.europesays.com\/es\/wp-json\/wp\/v2\/posts"}],"about":[{"href":"https:\/\/www.europesays.com\/es\/wp-json\/wp\/v2\/types\/post"}],"author":[{"embeddable":true,"href":"https:\/\/www.europesays.com\/es\/wp-json\/wp\/v2\/users\/2"}],"replies":[{"embeddable":true,"href":"https:\/\/www.europesays.com\/es\/wp-json\/wp\/v2\/comments?post=168851"}],"version-history":[{"count":0,"href":"https:\/\/www.europesays.com\/es\/wp-json\/wp\/v2\/posts\/168851\/revisions"}],"wp:featuredmedia":[{"embeddable":true,"href":"https:\/\/www.europesays.com\/es\/wp-json\/wp\/v2\/media\/168852"}],"wp:attachment":[{"href":"https:\/\/www.europesays.com\/es\/wp-json\/wp\/v2\/media?parent=168851"}],"wp:term":[{"taxonomy":"category","embeddable":true,"href":"https:\/\/www.europesays.com\/es\/wp-json\/wp\/v2\/categories?post=168851"},{"taxonomy":"post_tag","embeddable":true,"href":"https:\/\/www.europesays.com\/es\/wp-json\/wp\/v2\/tags?post=168851"}],"curies":[{"name":"wp","href":"https:\/\/api.w.org\/{rel}","templated":true}]}}