{"id":168855,"date":"2025-10-11T04:36:10","date_gmt":"2025-10-11T04:36:10","guid":{"rendered":"https:\/\/www.europesays.com\/es\/168855\/"},"modified":"2025-10-11T04:36:10","modified_gmt":"2025-10-11T04:36:10","slug":"alta-tension-politica-en-el-noruega-israel-de-oslo-futbol-deportes","status":"publish","type":"post","link":"https:\/\/www.europesays.com\/es\/168855\/","title":{"rendered":"Alta tensi\u00f3n pol\u00edtica en el Noruega &#8211; Israel de Oslo | F\u00fatbol | Deportes"},"content":{"rendered":"<p class=\"\">\u201cDel mismo modo que Rusia est\u00e1 fuera del Mundial, Israel tambi\u00e9n deber\u00eda estar fuera de la competici\u00f3n\u201d, dijo Lise Klaveness. La presidenta de la federaci\u00f3n de f\u00fatbol de Noruega se aline\u00f3 con las condenas de su Gobierno cuando este verano le preguntaron por la visita de la selecci\u00f3n de Israel al Ullevaal Stadium de Oslo, prevista para hoy a las 18.00 (RTVE Play). Los decibelios de manifestaciones callejeras y declaraciones de dirigentes contra la masacre de Gaza, no dejaron de escalar en torno a un partido que en circunstancias normales el calendario de clasificaci\u00f3n para la Copa del Mundo jam\u00e1s habr\u00eda reservado al casillero rojo de la m\u00e1xima tensi\u00f3n. Solo<a href=\"https:\/\/elpais.com\/expres\/2025-10-09\/claves-para-entender-el-acuerdo-entre-israel-y-hamas-sobre-el-plan-de-paz-de-trump-para-gaza-que-implica-y-que-queda-pendiente.html\" target=\"_self\" rel=\"nofollow noopener\" title=\"https:\/\/elpais.com\/expres\/2025-10-09\/claves-para-entender-el-acuerdo-entre-israel-y-hamas-sobre-el-plan-de-paz-de-trump-para-gaza-que-implica-y-que-queda-pendiente.html\"> la firma del acuerdo de paz<\/a> entre Israel y Ham\u00e1s, el jueves, ha rebajado la crispaci\u00f3n de un cruce que para Noruega puede suponer el \u00faltimo escollo en el camino a la clasificaci\u00f3n directa tras 26 a\u00f1os de espera.<\/p>\n<p class=\"\">Klaveness, que en agosto anunci\u00f3 que donar\u00eda la recaudaci\u00f3n del partido a M\u00e9dicos Sin Fronteras por su trabajo en la franja de Gaza, en donde el ej\u00e9rcito de Israel ha matado a cerca de 70.000 personas, provoc\u00f3 la ira de su contraparte hebrea. \u201cSer\u00eda deseable que parte de esta suma se destinara a condenar la masacre del 7 de octubre de 2023, que cost\u00f3 la vida a cientos de ciudadanos y ni\u00f1os israel\u00edes [cerca de 1.200 muertos y 251 secuestrados]\u201d, dijo Moshe Zuares en Le Parisien. <\/p>\n<p class=\"\">La suma de Haaland, Sorloth y Odegaard ha impulsado una clasificaci\u00f3n arrolladora. Con cinco victorias en cinco partidos y 23 goles a favor por tres en contra, Noruega encabeza el Grupo I con seis puntos de ventaja sobre Italia e Israel. Ahora los perseguidores luchan por el segundo puesto, con acceso al playoff. Cada punto puede ser vital a falta de tres jornadas por disputarse. La lesi\u00f3n de rodilla que sufre Odegaard debilita a Noruega y equilibra el reparto de poderes en un partido que de otro modo sit\u00faa a Israel en clara desventaja. La hinchada noruega acaricia el regreso a la Copa del Mundo por primera vez desde 1998. El ambiente en Oslo es inh\u00f3spito para el equipo de Oriente Pr\u00f3ximo, por m\u00e1s que Klaveness tienda la mano a su hom\u00f3logo.<\/p>\n<p class=\"\">\u201cSiempre me re\u00fano con los otros presidentes de federaci\u00f3n antes de los partidos\u201d, declar\u00f3 ayer la presidenta de la federaci\u00f3n noruega a Reuters. \u201cEstoy convencida de la necesidad del di\u00e1logo. Cuanto m\u00e1s dif\u00edcil, m\u00e1s necesario es que nos reunamos\u201d.<\/p>\n<p class=\"\">Ayer el Gobierno israel\u00ed ratific\u00f3 el alto el fuego con Ham\u00e1s, allanando el camino para una suspensi\u00f3n de las hostilidades en 24 horas y un la liberaci\u00f3n de los rehenes israel\u00edes en 72. Las circunstancias contribuyen a aproximar las dos delegaciones en el palco de Oslo. \u201cEstamos, por supuesto, muy contentos con el acuerdo de alto el fuego\u201d, se\u00f1al\u00f3 Klaveness. \u201cAhora es crucial que todos los l\u00edderes del f\u00fatbol demos energ\u00eda e impulso a este plan de paz\u201d. <\/p>\n<p>Una granada en casa del embajador<\/p>\n<p class=\"\">\u201cLos aficionados israel\u00edes son bienvenidos\u201d, a\u00f1adi\u00f3, \u201cy nada de lo que decimos o afirmamos debe interpretarse como dirigido contra ellos o como que no sentimos compasi\u00f3n por lo que vivieron durante el terrible trauma del 7 de octubre de 2023. Condenar la matanza en Gaza no significa que condenemos menos el ataque contra Israel\u201d. <\/p>\n<p class=\"\">Noruega fue, junto con Espa\u00f1a e Irlanda, uno de los primeros pa\u00edses de la UE en reconocer el Estado Palestino, en 2024. El ministro de exteriores israel\u00ed, Israel Katz, alz\u00f3 su dedo: \u201cNoruega eligi\u00f3 recompensar a los asesinos de Ham\u00e1s\u201d. El Gobierno noruego no ha dejado de <a href=\"https:\/\/elpais.com\/economia\/2025-08-11\/el-fondo-noruego-el-mayor-del-mundo-vende-todas-sus-inversiones-en-11-empresas-de-israel-a-causa-de-la-guerra-de-gaza.html\" target=\"_self\" rel=\"nofollow noopener\" title=\"https:\/\/elpais.com\/economia\/2025-08-11\/el-fondo-noruego-el-mayor-del-mundo-vende-todas-sus-inversiones-en-11-empresas-de-israel-a-causa-de-la-guerra-de-gaza.html\">presionar en todos los frentes. <\/a>Las manifestaciones propalestinas se suceden en Oslo al tiempo que desconocidos arrojaron una granada en la casa del embajador noruego en Tel Aviv.<\/p>\n","protected":false},"excerpt":{"rendered":"\u201cDel mismo modo que Rusia est\u00e1 fuera del Mundial, Israel tambi\u00e9n deber\u00eda estar fuera de la competici\u00f3n\u201d, dijo&hellip;\n","protected":false},"author":2,"featured_media":168856,"comment_status":"","ping_status":"","sticky":false,"template":"","format":"standard","meta":{"footnotes":""},"categories":[93],"tags":[1540,68,168,1539,25,24,282,1538,41660,32463,76,49274,49275,23,167,6674],"class_list":{"0":"post-168855","1":"post","2":"type-post","3":"status-publish","4":"format-standard","5":"has-post-thumbnail","7":"category-deportes","8":"tag-competiciones","9":"tag-conflicto-arabe-israeli","10":"tag-deportes","11":"tag-entrenadores","12":"tag-es","13":"tag-espana","14":"tag-futbol","15":"tag-futbolistas","16":"tag-haaland","17":"tag-mundial-2026","18":"tag-palestina","19":"tag-seleccion-futbol-israel","20":"tag-seleccion-noruega-futbol","21":"tag-spain","22":"tag-sports","23":"tag-uefa"},"share_on_mastodon":{"url":"","error":""},"_links":{"self":[{"href":"https:\/\/www.europesays.com\/es\/wp-json\/wp\/v2\/posts\/168855","targetHints":{"allow":["GET"]}}],"collection":[{"href":"https:\/\/www.europesays.com\/es\/wp-json\/wp\/v2\/posts"}],"about":[{"href":"https:\/\/www.europesays.com\/es\/wp-json\/wp\/v2\/types\/post"}],"author":[{"embeddable":true,"href":"https:\/\/www.europesays.com\/es\/wp-json\/wp\/v2\/users\/2"}],"replies":[{"embeddable":true,"href":"https:\/\/www.europesays.com\/es\/wp-json\/wp\/v2\/comments?post=168855"}],"version-history":[{"count":0,"href":"https:\/\/www.europesays.com\/es\/wp-json\/wp\/v2\/posts\/168855\/revisions"}],"wp:featuredmedia":[{"embeddable":true,"href":"https:\/\/www.europesays.com\/es\/wp-json\/wp\/v2\/media\/168856"}],"wp:attachment":[{"href":"https:\/\/www.europesays.com\/es\/wp-json\/wp\/v2\/media?parent=168855"}],"wp:term":[{"taxonomy":"category","embeddable":true,"href":"https:\/\/www.europesays.com\/es\/wp-json\/wp\/v2\/categories?post=168855"},{"taxonomy":"post_tag","embeddable":true,"href":"https:\/\/www.europesays.com\/es\/wp-json\/wp\/v2\/tags?post=168855"}],"curies":[{"name":"wp","href":"https:\/\/api.w.org\/{rel}","templated":true}]}}