{"id":168857,"date":"2025-10-11T04:37:11","date_gmt":"2025-10-11T04:37:11","guid":{"rendered":"https:\/\/www.europesays.com\/es\/168857\/"},"modified":"2025-10-11T04:37:11","modified_gmt":"2025-10-11T04:37:11","slug":"medicos-centinela-en-albacete-vigilan-ondas-epidemicas-y-estas-infecciones-irag-vrs-e-ira","status":"publish","type":"post","link":"https:\/\/www.europesays.com\/es\/168857\/","title":{"rendered":"M\u00e9dicos centinela en Albacete, vigilan ondas epid\u00e9micas y estas infecciones: \u00abIRAG, VRS e IRA\u00bb"},"content":{"rendered":"<p>La Direcci\u00f3n General de Salud P\u00fablica de Castilla-La Mancha ha puesto en marcha un protocolo operativo actualizado para la red de m\u00e9dicos centinela integrada en el Sistema Nacional de Vigilancia de Infecci\u00f3n Respiratoria Aguda (SiVIRA), seg\u00fan inform\u00f3 el Servicio de Epidemiolog\u00eda tras una reuni\u00f3n celebrada en la Consejer\u00eda de Sanidad. Forman esta red regional 33 m\u00e9dicos de familia y 11 pediatras, siendo varios los profesionales de <a href=\"https:\/\/www.eldigitaldealbacete.com\" rel=\"nofollow noopener\" target=\"_blank\">Albacete<\/a> que forman parte de este total.<\/p>\n<p>SiVIRA, consolidado tras la pandemia de COVID-19, integra la vigilancia de las infecciones respiratorias agudas leves (IRA) y graves (IRAG), con especial atenci\u00f3n a gripe, <a href=\"https:\/\/www.eldigitaldealbacete.com\/2025\/07\/12\/el-infierno-de-juan-un-vecino-de-albacete-y-su-lucha-contra-el-covid-persistente\/\" rel=\"nofollow noopener\" target=\"_blank\">COVID-19<\/a> y virus respiratorio sincitial (VRS). En Albacete y el resto de Castilla-La Mancha, la red est\u00e1 formada por 44 profesionales \u201433 de medicina de familia y 11 pediatras\u2014 que monitorizan una poblaci\u00f3n de referencia superior a 51.000 personas.<\/p>\n<p>Virus respiratorios y ondas epid\u00e9micas en Albacete<\/p>\n<p>La temporada de vigilancia permanece activa todo el a\u00f1o y se estructura de la semana 40 de cada a\u00f1o a la semana 39 del siguiente, lo que permite una observaci\u00f3n continua del comportamiento de los virus respiratorios y sus posibles ondas epid\u00e9micas en Albacete y el resto de la regi\u00f3n.<\/p>\n<p><img loading=\"lazy\" decoding=\"async\" width=\"1200\" height=\"800\" src=\"https:\/\/www.europesays.com\/es\/wp-content\/uploads\/2025\/10\/p1j744ipk3efc1vpn19b6133q9q24.jpeg\" alt=\"\" class=\"wp-image-1079713\"  \/><\/p>\n<p>El nuevo protocolo fija un procedimiento asistencial y de vigilancia en tres pasos: selecci\u00f3n de casos con criterios cl\u00ednicos, registro estandarizado en el formulario centinela (Turriano) y toma de muestras respiratorias para an\u00e1lisis mediante RT-PCR. Las muestras con resultado positivo se remiten a laboratorios de referencia para su caracterizaci\u00f3n gen\u00e9tica, con el objetivo de detectar variantes circulantes y aportar evidencia \u00fatil para el dise\u00f1o y la actualizaci\u00f3n de futuras vacunas.<\/p>\n<p>Tasa de incidencia semanal en Albacete<\/p>\n<p>Entre los principales indicadores que generar\u00e1 el sistema figuran la tasa de incidencia semanal en Albacete y el resto de Castilla-La Mancha desagregada por edad y sexo, la positividad por tipo de virus y la caracterizaci\u00f3n cl\u00ednica y gen\u00e9tica de los casos detectados. De acuerdo con Salud P\u00fablica, esta informaci\u00f3n permitir\u00e1 anticipar picos de presi\u00f3n asistencial y hospitalaria, activar alertas tempranas y respaldar la toma de decisiones en materia de salud p\u00fablica.<\/p>\n<p>La directora general de Salud P\u00fablica, Laura Ruiz, agradeci\u00f3 el trabajo de los profesionales participantes y subray\u00f3 que su labor constituye \u201cla primera l\u00ednea de defensa frente a las amenazas respiratorias emergentes\u201d.<\/p>\n","protected":false},"excerpt":{"rendered":"La Direcci\u00f3n General de Salud P\u00fablica de Castilla-La Mancha ha puesto en marcha un protocolo operativo actualizado para&hellip;\n","protected":false},"author":2,"featured_media":168858,"comment_status":"","ping_status":"","sticky":false,"template":"","format":"standard","meta":{"footnotes":""},"categories":[92],"tags":[2545,25,24,165,166,23],"class_list":{"0":"post-168857","1":"post","2":"type-post","3":"status-publish","4":"format-standard","5":"has-post-thumbnail","7":"category-salud","8":"tag-albacete","9":"tag-es","10":"tag-espana","11":"tag-health","12":"tag-salud","13":"tag-spain"},"share_on_mastodon":{"url":"","error":""},"_links":{"self":[{"href":"https:\/\/www.europesays.com\/es\/wp-json\/wp\/v2\/posts\/168857","targetHints":{"allow":["GET"]}}],"collection":[{"href":"https:\/\/www.europesays.com\/es\/wp-json\/wp\/v2\/posts"}],"about":[{"href":"https:\/\/www.europesays.com\/es\/wp-json\/wp\/v2\/types\/post"}],"author":[{"embeddable":true,"href":"https:\/\/www.europesays.com\/es\/wp-json\/wp\/v2\/users\/2"}],"replies":[{"embeddable":true,"href":"https:\/\/www.europesays.com\/es\/wp-json\/wp\/v2\/comments?post=168857"}],"version-history":[{"count":0,"href":"https:\/\/www.europesays.com\/es\/wp-json\/wp\/v2\/posts\/168857\/revisions"}],"wp:featuredmedia":[{"embeddable":true,"href":"https:\/\/www.europesays.com\/es\/wp-json\/wp\/v2\/media\/168858"}],"wp:attachment":[{"href":"https:\/\/www.europesays.com\/es\/wp-json\/wp\/v2\/media?parent=168857"}],"wp:term":[{"taxonomy":"category","embeddable":true,"href":"https:\/\/www.europesays.com\/es\/wp-json\/wp\/v2\/categories?post=168857"},{"taxonomy":"post_tag","embeddable":true,"href":"https:\/\/www.europesays.com\/es\/wp-json\/wp\/v2\/tags?post=168857"}],"curies":[{"name":"wp","href":"https:\/\/api.w.org\/{rel}","templated":true}]}}