{"id":168859,"date":"2025-10-11T04:38:20","date_gmt":"2025-10-11T04:38:20","guid":{"rendered":"https:\/\/www.europesays.com\/es\/168859\/"},"modified":"2025-10-11T04:38:20","modified_gmt":"2025-10-11T04:38:20","slug":"el-nuevo-vestido-de-la-reina-letizia-inspirado-en-un-look-de-leonor","status":"publish","type":"post","link":"https:\/\/www.europesays.com\/es\/168859\/","title":{"rendered":"El nuevo vestido de la Reina Letizia inspirado en un &#8216;look&#8217; de Leonor"},"content":{"rendered":"<p>La Reina Letizia ha sorprendido en el \u00faltimo acto de su agenda oficial en esta semana con un look que nos resultaba un tanto familiar. <strong>Do\u00f1a Letizia ha estrenado un vestido midi de manga corta y silueta ligeramente evas\u00e9 de la firma Adolfo Dom\u00ednguez en un intenso y favorecedor color rojo. Un dise\u00f1o que tambi\u00e9n tiene la princesa de Asturias en su armario, aunque en su caso, en color verde.<\/strong> Tanto el de la Reina como el de Leonor pertenecen a una colecci\u00f3n anterior de la marca y no est\u00e1n disponibles en los puntos de venta habituales. no obstante, en el caso del rojo es posible encontrarlo todav\u00eda en tiendas outlet en algunas tallas.<\/p>\n<p>La hija mayor de los Reyes lo llev\u00f3 en el a\u00f1o 2023, en el acto de apertura de la 15 legislatura en el Congreso de los Diputados. La<a href=\"https:\/\/okdiario.com\/look\/casa-real\/rey-felipe-desvela-leonor-vuela-cabina-delantera-pilatus-2398419\" rel=\"nofollow noopener\" target=\"_blank\"> princesa Leonor<\/a> lo combin\u00f3 con unos zapatos de tac\u00f3n cuadrado en color camel y bolso a tono, de Carolina Herrera.<\/p>\n<p>\n<img decoding=\"async\" loading=\"lazy\" class=\"size-full wp-image-2399430\" alt=\"Princesa Leonor\" width=\"1013\" height=\"1800\"  src=\"https:\/\/www.europesays.com\/es\/wp-content\/uploads\/2025\/09\/1758214691_923_placeholder.jpg\"  bad-src=\"https:\/\/www.europesays.com\/es\/wp-content\/uploads\/2025\/09\/1758214691_923_placeholder.jpg\"\/><\/p>\n<p><img decoding=\"async\" loading=\"lazy\" class=\"size-full wp-image-2399430\" src=\"https:\/\/www.europesays.com\/es\/wp-content\/uploads\/2025\/10\/leonor.jpg\" alt=\"Princesa Leonor\" width=\"1013\" height=\"1800\"  \/><\/p>\n<p> La princesa Leonor con un vestido verde. (Foto: Gtres)\n<\/p>\n<p>En esta ocasi\u00f3n, do\u00f1a Letizia no ha querido romper la armon\u00eda crom\u00e1tica del look y lo ha completado con complementos en el mismo tono. La Reina ha elegido unos bonitos zapatos de punta cuadrada, destalonados y con tac\u00f3n c\u00f3modo, as\u00ed como una cartera de mano.<\/p>\n<p>En cuanto a las joyas, la esposa de Felipe VI ha llevado su inseparable sortija de oro de Coreterno y unos pendientes sencillos con forma de aro en oro. La Reina ha llevado el cabello suelto y un maquillaje suave.<\/p>\n<p>Una cita importante<\/p>\n<p>El de hoy ha sido uno de los compromisos m\u00e1s importantes en la agenda oficial de la Reina. Do\u00f1a Letizia no ha querido perder la oportunidad de demostrar un a\u00f1o m\u00e1s su compromiso con la salud mental en una jornada dedicada a esta cuesti\u00f3n.<\/p>\n<p>\n<img decoding=\"async\" loading=\"lazy\" class=\"size-full wp-image-2399455\" alt=\"Reina Letizia\" width=\"1013\" height=\"1800\"  src=\"https:\/\/www.europesays.com\/es\/wp-content\/uploads\/2025\/09\/1758214691_923_placeholder.jpg\"  bad-src=\"https:\/\/www.europesays.com\/es\/wp-content\/uploads\/2025\/09\/1758214691_923_placeholder.jpg\"\/><\/p>\n<p><img decoding=\"async\" loading=\"lazy\" class=\"size-full wp-image-2399455\" src=\"https:\/\/www.europesays.com\/es\/wp-content\/uploads\/2025\/10\/vest.jpg\" alt=\"Reina Letizia\" width=\"1013\" height=\"1800\"  \/><\/p>\n<p> La Reina Letizia con un vestido rojo. (Foto: Gtres)\n<\/p>\n<p>En esta ocasi\u00f3n, do\u00f1a Letizia se ha dirigido a la audiencia y ha querido agradecer el trabajo que realizan en materia de salud mental las organizaciones con las que colabora de manera recurrente. Un trabajo que es fundamental, sobre todo, en situaciones de crisis o de cat\u00e1strofes naturales como las que hemos vivido en los \u00faltimos tiempos -los incendios en diferentes zonas de Espa\u00f1a, la erupci\u00f3n del volc\u00e1n en La Palma o las riadas en Valencia, que dejaron m\u00e1s de 200 muertos-.<\/p>\n<p>\n<img decoding=\"async\" loading=\"lazy\" class=\"size-full wp-image-2399446\" alt=\"Reina Letizia\" width=\"1800\" height=\"1013\"  src=\"https:\/\/www.europesays.com\/es\/wp-content\/uploads\/2025\/09\/1758214691_923_placeholder.jpg\"  bad-src=\"https:\/\/www.europesays.com\/es\/wp-content\/uploads\/2025\/09\/1758214691_923_placeholder.jpg\"\/><\/p>\n<p><img decoding=\"async\" loading=\"lazy\" class=\"size-full wp-image-2399446\" src=\"https:\/\/www.europesays.com\/es\/wp-content\/uploads\/2025\/10\/pal.jpg\" alt=\"Reina Letizia\" width=\"1800\" height=\"1013\"  \/><\/p>\n<p> La Reina Letizia en un acto en Madrid. (Foto: Gtres)\n<\/p>\n<p>Adem\u00e1s, en un momento en el que estamos rodeados constantemente por las pantallas, <strong>do\u00f1a Letizia ha vuelto a insistir en la importancia de la lectura, como medio que nos ayuda a encontrar la manera de expresarnos y a refugiarnos cuando m\u00e1s lo necesitamos.<\/strong> La Reina ha recordado una an\u00e9cdota que vivi\u00f3 con un psicopedagogo canario, que le coment\u00f3 que los j\u00f3venes est\u00e1n perdiendo la capacidad de poner palabras cuando viven una situaci\u00f3n extrema. Do\u00f1a Letizia ha dicho que la herramienta fundamental para seguir encontrando palabras y poder contar las cosas no es otra que leer libros:<strong> \u00abAl final, todos los caminos llevan a los libros\u00bb,<\/strong> ha sentenciado.<\/p>\n","protected":false},"excerpt":{"rendered":"La Reina Letizia ha sorprendido en el \u00faltimo acto de su agenda oficial en esta semana con un&hellip;\n","protected":false},"author":2,"featured_media":168860,"comment_status":"","ping_status":"","sticky":false,"template":"","format":"standard","meta":{"footnotes":""},"categories":[91],"tags":[146,147,25,24,11362,23],"class_list":{"0":"post-168859","1":"post","2":"type-post","3":"status-publish","4":"format-standard","5":"has-post-thumbnail","7":"category-entretenimiento","8":"tag-entertainment","9":"tag-entretenimiento","10":"tag-es","11":"tag-espana","12":"tag-reina-letizia","13":"tag-spain"},"share_on_mastodon":{"url":"","error":""},"_links":{"self":[{"href":"https:\/\/www.europesays.com\/es\/wp-json\/wp\/v2\/posts\/168859","targetHints":{"allow":["GET"]}}],"collection":[{"href":"https:\/\/www.europesays.com\/es\/wp-json\/wp\/v2\/posts"}],"about":[{"href":"https:\/\/www.europesays.com\/es\/wp-json\/wp\/v2\/types\/post"}],"author":[{"embeddable":true,"href":"https:\/\/www.europesays.com\/es\/wp-json\/wp\/v2\/users\/2"}],"replies":[{"embeddable":true,"href":"https:\/\/www.europesays.com\/es\/wp-json\/wp\/v2\/comments?post=168859"}],"version-history":[{"count":0,"href":"https:\/\/www.europesays.com\/es\/wp-json\/wp\/v2\/posts\/168859\/revisions"}],"wp:featuredmedia":[{"embeddable":true,"href":"https:\/\/www.europesays.com\/es\/wp-json\/wp\/v2\/media\/168860"}],"wp:attachment":[{"href":"https:\/\/www.europesays.com\/es\/wp-json\/wp\/v2\/media?parent=168859"}],"wp:term":[{"taxonomy":"category","embeddable":true,"href":"https:\/\/www.europesays.com\/es\/wp-json\/wp\/v2\/categories?post=168859"},{"taxonomy":"post_tag","embeddable":true,"href":"https:\/\/www.europesays.com\/es\/wp-json\/wp\/v2\/tags?post=168859"}],"curies":[{"name":"wp","href":"https:\/\/api.w.org\/{rel}","templated":true}]}}