{"id":168877,"date":"2025-10-11T04:52:08","date_gmt":"2025-10-11T04:52:08","guid":{"rendered":"https:\/\/www.europesays.com\/es\/168877\/"},"modified":"2025-10-11T04:52:08","modified_gmt":"2025-10-11T04:52:08","slug":"minzer-y-casademont-separan-caminos","status":"publish","type":"post","link":"https:\/\/www.europesays.com\/es\/168877\/","title":{"rendered":"Minzer y Casademont separan caminos"},"content":{"rendered":"<p>El jugador argentino y nuestra entidad han llegado a un acuerdo para rescindir el contrato que un\u00eda al jugador argentino con Casademont Zaragoza.<\/p>\n<p><strong>Felipe Minzer<\/strong> lleg\u00f3 a las categor\u00edas de formaci\u00f3n del club en febrero de 2023. En septiembre de ese mismo a\u00f1o, el escolta debut\u00f3 en ACB con el primer equipo frente al Real Madrid siendo con 16 a\u00f1os el jugador argentino m\u00e1s joven de la historia en debutar en la competici\u00f3n. Tambi\u00e9n es el segundo jugador m\u00e1s joven en debutar con nuestro equipo tras <strong>Carlos Aloc\u00e9n<\/strong>.<\/p>\n<p>Casademont Zaragoza agradece su trabajo todo este tiempo y le desea, tanto al jugador como a su familia, la mayor de las suertes en su nueva andadura profesional.<\/p>\n","protected":false},"excerpt":{"rendered":"El jugador argentino y nuestra entidad han llegado a un acuerdo para rescindir el contrato que un\u00eda al&hellip;\n","protected":false},"author":2,"featured_media":168878,"comment_status":"","ping_status":"","sticky":false,"template":"","format":"standard","meta":{"footnotes":""},"categories":[269],"tags":[299,298,168,25,24,23,167],"class_list":{"0":"post-168877","1":"post","2":"type-post","3":"status-publish","4":"format-standard","5":"has-post-thumbnail","7":"category-baloncesto","8":"tag-baloncesto","9":"tag-basketball","10":"tag-deportes","11":"tag-es","12":"tag-espana","13":"tag-spain","14":"tag-sports"},"share_on_mastodon":{"url":"","error":""},"_links":{"self":[{"href":"https:\/\/www.europesays.com\/es\/wp-json\/wp\/v2\/posts\/168877","targetHints":{"allow":["GET"]}}],"collection":[{"href":"https:\/\/www.europesays.com\/es\/wp-json\/wp\/v2\/posts"}],"about":[{"href":"https:\/\/www.europesays.com\/es\/wp-json\/wp\/v2\/types\/post"}],"author":[{"embeddable":true,"href":"https:\/\/www.europesays.com\/es\/wp-json\/wp\/v2\/users\/2"}],"replies":[{"embeddable":true,"href":"https:\/\/www.europesays.com\/es\/wp-json\/wp\/v2\/comments?post=168877"}],"version-history":[{"count":0,"href":"https:\/\/www.europesays.com\/es\/wp-json\/wp\/v2\/posts\/168877\/revisions"}],"wp:featuredmedia":[{"embeddable":true,"href":"https:\/\/www.europesays.com\/es\/wp-json\/wp\/v2\/media\/168878"}],"wp:attachment":[{"href":"https:\/\/www.europesays.com\/es\/wp-json\/wp\/v2\/media?parent=168877"}],"wp:term":[{"taxonomy":"category","embeddable":true,"href":"https:\/\/www.europesays.com\/es\/wp-json\/wp\/v2\/categories?post=168877"},{"taxonomy":"post_tag","embeddable":true,"href":"https:\/\/www.europesays.com\/es\/wp-json\/wp\/v2\/tags?post=168877"}],"curies":[{"name":"wp","href":"https:\/\/api.w.org\/{rel}","templated":true}]}}