{"id":168879,"date":"2025-10-11T04:53:14","date_gmt":"2025-10-11T04:53:14","guid":{"rendered":"https:\/\/www.europesays.com\/es\/168879\/"},"modified":"2025-10-11T04:53:14","modified_gmt":"2025-10-11T04:53:14","slug":"espana-deja-a-de-frutos-sin-pregon-tardara-en-darlo-porque-seguira-yendo-con-la-roja","status":"publish","type":"post","link":"https:\/\/www.europesays.com\/es\/168879\/","title":{"rendered":"Espa\u00f1a deja a De Frutos sin preg\u00f3n: \u201cTardar\u00e1 en darlo porque seguir\u00e1 yendo con La Roja\u201d"},"content":{"rendered":"<p class=\"\">Navares de Enmedio est\u00e1 inmerso en los preparativos de sus fiestas, las de la patrona, la Virgen del Pilar. <b>Este viernes dar\u00e1n comienzo \u2014hasta el pr\u00f3ximo lunes\u2014 con un preg\u00f3n que iba a dar su vecino m\u00e1s ilustre: Jorge de Frutos<\/b>. Sin embargo, la nueva convocatoria con Espa\u00f1a ha trastocado todos los planes. Esos que se hab\u00edan fraguado <b>hace un a\u00f1o, cuando el alcalde, Francisco Guti\u00e9rrez Matos, se lo propuso al extremo del Rayo<\/b>. \u201cYa desde septiembre le di por perdido. Hemos buscado una soluci\u00f3n de emergencia para el preg\u00f3n. Nos hubiera gustado tenerle, porque siempre lleva en la boca a su pueblo, pero es bueno no verle por la Selecci\u00f3n. <b>Ah\u00ed, es donde tiene que estar\u201d, reivindica el alcalde de esta localidad segoviana \u2014de apenas 100 habitantes\u2014 desde hace casi 15 a\u00f1os.<\/b><\/p>\n<p><a href=\"https:\/\/as.com\/resultados\/ficha\/equipo\/rayo\/2\/\" rel=\"nofollow noopener\" target=\"_blank\"><img decoding=\"async\" src=\"https:\/\/www.europesays.com\/es\/wp-content\/uploads\/2025\/10\/1760158390_20_2.png\" alt=\"Espa\u00f1a deja a De Frutos sin preg\u00f3n: \u201cTardar\u00e1 en darlo porque seguir\u00e1 yendo con La Roja\u201d\" height=\"80\" width=\"80\"  loading=\"lazy\" data-error-image=\"https:\/\/static.as.com\/dist\/resources\/images\/placeholder-team.png\"\/><\/a><\/p>\n<p class=\"\">De Frutos es el orgullo de Navares y el mejor representante de la Espa\u00f1a vaciada. \u201c<b>Todos los vecinos estamos muy contentos. Deber\u00eda haber ido antes con La Roja.<\/b> Le ha llegado tarde la convocatoria, pero al final se lo han reconocido. Tiene mucho m\u00e9rito porque no ha pasado por las categor\u00edas inferiores, sino que ha debutado directamente con la Absoluta. Se lo ha ganado a pulso\u201d, se emociona Francisco, que ve en el futbolista franjirrojo al <b>\u201cmejor embajador de su tierra\u201d<\/b>. No se olvida de sus ra\u00edces y, cada vez que puede, se escapa al pueblo. Son muchos los vecinos que le recuerdan de cr\u00edo con el bal\u00f3n en los pies y jugando en el front\u00f3n, usando unas piedras y unas chaquetas como porter\u00eda.<b> \u201cEs muy amigo de mis hijos. Le he visto crecer\u201d, explica el alcalde a AS.<\/b><\/p>\n<blockquote class=\"a_q\">\n<p>\u201cViene m\u00e1s gente a visitarnos, sobre todo, desde Segovia. A los vecinos les dicen: \u2018\u00bfEres de donde De Frutos?\u00bb<\/p>\n<p>El alcalde<\/p><\/blockquote>\n<p class=\"\">\u201cAprendi\u00f3 a dar patadas a la pelota en el front\u00f3n, participaba en los campeonatos de verano de los pueblos y empez\u00f3 en el Sep\u00falveda.<b> Alguna vez yo le llev\u00e9 a jugar, porque eran cuatro chicos y los padres nos turn\u00e1bamos. Tendr\u00eda 13-14 a\u00f1os e iba con mi hijo Mario<\/b>\u201d, recuerda Francisco, que confirma que la camiseta del debut con Espa\u00f1a ya luce en el Bar Faustino, regentado por la familia De Frutos. El \u00fanico de la localidad. Faustino y Mar\u00eda Jes\u00fas, sus padres, no se mover\u00e1n durante estas fiestas, as\u00ed que el bar ser\u00e1 punto de reuni\u00f3n para ver a su Jorge y a la Selecci\u00f3n (S\u00e1bado, a las 20:45, en La1). \u201c<b>Es lo primero que se ve al entrar. A la derecha est\u00e1 la barra y a la izquierda, la camiseta\u201d, ratifica el alcalde<\/b>.<\/p>\n<blockquote class=\"a_q\">\n<p>\u201cDe Frutos es mejor que Vinicius\u201d<\/p>\n<p>El alcalde<\/p><\/blockquote>\n<p class=\"\">Navares de Enmedio est\u00e1 en el mapa gracias al internacional. <b>\u201cHemos notado que viene m\u00e1s gente a visitarnos,<\/b> sobre todo, desde Segovia. Y a los vecinos les dicen: \u2018\u00bfEres de donde De Frutos?\u2019. <b>Seguir\u00e1 yendo con Espa\u00f1a, as\u00ed que tardar\u00e1 en dar el preg\u00f3n unos cuantos a\u00f1os.<\/b> El Ayuntamiento ya encontrar\u00e1 la manera de reconocerle\u201d, asegura Francisco, que siente el cari\u00f1o de todo el pueblo hacia el extremo y su familia: \u201cSon muy queridos, desde sus abuelos, que ten\u00edan el mismo bar\u201d. Una de las grandes virtudes del segoviano es su humildad y su naturalidad. Es un vecino m\u00e1s paseando por las calles de la localidad. \u201cSigue viniendo y actuando igual. Es un im\u00e1n. Todo el mundo quiere saludarle\u201d, desvela el alcalde, que lo tiene claro:<b> \u201cDe Frutos es mejor que Vinicius. El brasile\u00f1o es bueno t\u00e9cnicamente, pero le pierden cosas en las que Jorge es bueno. \u00c9l piensa antes de hablar\u201d<\/b>.<\/p>\n<p><a href=\"https:\/\/as.com\/resultados\/ficha\/deportista\/jorge_de_frutos\/42500\/\" rel=\"nofollow noopener\" target=\"_blank\"><img decoding=\"async\" src=\"https:\/\/www.europesays.com\/es\/wp-content\/uploads\/2025\/10\/42500.png\" alt=\"Espa\u00f1a deja a De Frutos sin preg\u00f3n: \u201cTardar\u00e1 en darlo porque seguir\u00e1 yendo con La Roja\u201d\" height=\"80\" width=\"80\"  loading=\"lazy\" data-error-image=\"https:\/\/static.as.com\/dist\/resources\/images\/placeholder-player.png\"\/><\/a>Noticias relacionadas<a href=\"https:\/\/as.com\/futbol\/primera\/de-frutos-ser-un-currante-me-ha-llevado-a-jugar-en-europa-n\/\" class=\"s_m_w\" title=\"El extremo (Navares de Enmedio, Segovia, 1997) fue el gran protagonista de la primera jornada y particip\u00f3 en los tres goles de la Franja en Montilivi. P\u00f3lvora para Europa.\" data-tb-link=\"\" rel=\"nofollow noopener\" target=\"_blank\"><img decoding=\"async\" src=\"https:\/\/www.europesays.com\/es\/wp-content\/uploads\/2025\/10\/HTAOWNAKXVMRPJE5VFYEO2N7B4.jpg\" alt=\"De Frutos: \u201cSer un currante me ha llevado a jugar en Europa\u201d\" class=\"\" height=\"1\" width=\"1\"   loading=\"lazy\" data-tb-thumbnail=\"\"\/><\/a><a href=\"https:\/\/as.com\/futbol\/primera\/de-frutos-la-nueva-apuesta-de-de-la-fuente-ademas-de-bueno-es-decisivo-n\/\" class=\"s_m_w\" title=\"As\u00ed vieron Anero y Luis Cembranos, dos hist\u00f3ricos internacionales con el Rayo, el debut del extremo segoviano. \u201cLa palabra que le define es humildad\u201d, coinciden.\" data-tb-link=\"\" rel=\"nofollow noopener\" target=\"_blank\"><img decoding=\"async\" src=\"https:\/\/www.europesays.com\/es\/wp-content\/uploads\/2025\/10\/75DXLZVIBRCTJJZ5HYYYTSTUSE.jpg\" alt=\"De Frutos, la nueva apuesta de De la Fuente: \u201cAdem\u00e1s de bueno, es decisivo\u201d\" class=\"\" height=\"1\" width=\"1\"   loading=\"lazy\" data-tb-thumbnail=\"\"\/><\/a><\/p>\n<p class=\"\">Su camino no ha sido f\u00e1cil, pero ha llegado desde el Sep\u00falveda a la Selecci\u00f3n. \u201c<b>De Frutos ha aprovechado el sacrificio de sus padres. Es un buen chico.<\/b> Siempre habla de lo mucho que aprendi\u00f3 con Iriondo. \u00c9l empez\u00f3 tarde, no sab\u00eda de t\u00e1ctica, pero se lo ha currado. Ir\u00e1 mucho tiempo con De la Fuente\u201d, sentencia Francisco, que <b>no hay un d\u00eda en que pasee por el front\u00f3n y reconozca la cara de Jorge en los ni\u00f1os que juegan con la pelota y sue\u00f1an con ser De Frutos. <\/b>El de los cromos. El hijo de los del bar. El vecino de justo al lado.<\/p>\n<p class=\"\"><b>\u00a1Tus opiniones importan!<\/b> Comenta en los art\u00edculos y suscr\u00edbete gratis a nuestra <a href=\"https:\/\/asfan.as.com\/newsletters\/\" target=\"_blank\" rel=\"nofollow noopener\" title=\"https:\/\/asfan.as.com\/newsletters\/\">newsletter<\/a> y a las alertas informativas en la <a href=\"https:\/\/as.com\/aplicacion-de-as-n\/\" target=\"_blank\" rel=\"nofollow noopener\" title=\"https:\/\/as.com\/aplicacion-de-as-n\/\">App<\/a> o el canal de <a href=\"https:\/\/www.whatsapp.com\/channel\/0029VaAasdA7j6g745nz9M10\" target=\"_blank\" rel=\"nofollow noopener\" title=\"https:\/\/www.whatsapp.com\/channel\/0029VaAasdA7j6g745nz9M10\">WhatsApp<\/a>. \u00bfBuscas licenciar contenido? Haz clic <a href=\"https:\/\/profesional.elpais.com\/soluciones-sindicacion?utm_medium=interno&amp;utm_source=crosslinking&amp;utm_campaign=sindicacion_as_pie_articulos\" target=\"_blank\" rel=\"nofollow noopener\" title=\"https:\/\/profesional.elpais.com\/soluciones-sindicacion?utm_medium=interno&amp;utm_source=crosslinking&amp;utm_campaign=sindicacion_as_pie_articulos\">aqu\u00ed<\/a><\/p>\n","protected":false},"excerpt":{"rendered":"Navares de Enmedio est\u00e1 inmerso en los preparativos de sus fiestas, las de la patrona, la Virgen del&hellip;\n","protected":false},"author":2,"featured_media":168880,"comment_status":"","ping_status":"","sticky":false,"template":"","format":"standard","meta":{"footnotes":""},"categories":[268],"tags":[168,25,24,280,282,281,23,167],"class_list":{"0":"post-168879","1":"post","2":"type-post","3":"status-publish","4":"format-standard","5":"has-post-thumbnail","7":"category-futbol","8":"tag-deportes","9":"tag-es","10":"tag-espana","11":"tag-football","12":"tag-futbol","13":"tag-soccer","14":"tag-spain","15":"tag-sports"},"share_on_mastodon":{"url":"","error":""},"_links":{"self":[{"href":"https:\/\/www.europesays.com\/es\/wp-json\/wp\/v2\/posts\/168879","targetHints":{"allow":["GET"]}}],"collection":[{"href":"https:\/\/www.europesays.com\/es\/wp-json\/wp\/v2\/posts"}],"about":[{"href":"https:\/\/www.europesays.com\/es\/wp-json\/wp\/v2\/types\/post"}],"author":[{"embeddable":true,"href":"https:\/\/www.europesays.com\/es\/wp-json\/wp\/v2\/users\/2"}],"replies":[{"embeddable":true,"href":"https:\/\/www.europesays.com\/es\/wp-json\/wp\/v2\/comments?post=168879"}],"version-history":[{"count":0,"href":"https:\/\/www.europesays.com\/es\/wp-json\/wp\/v2\/posts\/168879\/revisions"}],"wp:featuredmedia":[{"embeddable":true,"href":"https:\/\/www.europesays.com\/es\/wp-json\/wp\/v2\/media\/168880"}],"wp:attachment":[{"href":"https:\/\/www.europesays.com\/es\/wp-json\/wp\/v2\/media?parent=168879"}],"wp:term":[{"taxonomy":"category","embeddable":true,"href":"https:\/\/www.europesays.com\/es\/wp-json\/wp\/v2\/categories?post=168879"},{"taxonomy":"post_tag","embeddable":true,"href":"https:\/\/www.europesays.com\/es\/wp-json\/wp\/v2\/tags?post=168879"}],"curies":[{"name":"wp","href":"https:\/\/api.w.org\/{rel}","templated":true}]}}