{"id":168881,"date":"2025-10-11T04:54:08","date_gmt":"2025-10-11T04:54:08","guid":{"rendered":"https:\/\/www.europesays.com\/es\/168881\/"},"modified":"2025-10-11T04:54:08","modified_gmt":"2025-10-11T04:54:08","slug":"asi-es-la-nueva-vida-de-millie-bobby-brown-como-mama-comparte-primera-foto-de-su-hija-adoptiva-quien","status":"publish","type":"post","link":"https:\/\/www.europesays.com\/es\/168881\/","title":{"rendered":"As\u00ed es la nueva vida de Millie Bobby Brown como mam\u00e1: comparte primera foto de su hija adoptiva &#8211; Qui\u00e9n"},"content":{"rendered":"<ol>\n<li><a href=\"https:\/\/news.google.com\/rss\/articles\/CBMi1wFBVV95cUxPTXk3REhSajZxdVZrSFFJeUh1WjFqb0RZcHI1bHduN1ZDX1JvdE5Cek5LNFNQZXVseUNCZ2ZyNmFjVUNWZVRjMGE3ODJTRHZPYXhxLTlHX21WcENuRnNVaThKN1lkZHNnZTJOcUNYSk1xTm9lQWpzNHo1ZTU0b3YxY2FtUFVtT2xvXzJkUWxCUG1oeERDYXgwN3hhQWVXWEhjQzZOcjZtQUNwbkJvenBaVl9raDhDemlCT0dyZ0QxVGhPU3dWZHQ5T3lBakhJd2JmR0c3c1NVWdIB5AFBVV95cUxOU3EyWFdjcTI4NXB3amY5TmJGNWt4eEZSMXlSSWxsZGVwX1VVYmJJTzFnSkZheUZoNTVWbFZ5TnRFVGdrdnMwLVpkclBSdHc1LTM5T01LcnV6SFpHVm9ZQ0FKd01IRXdCRXhYOXNGSTNVUzIwQl9PMnF6aXJtWTFPSVJNQ3M0NC1vc3k3WmFDWVdCTWdoYjFjZmpoQVM3MFhwWVZqMkcyVjJselNneW5zSjlLbnBoc3pieE5EdzRvQUw2MVhNS1VfQmdKZ1NQUmdMRm9VYmxLMEEyLVRsVzNfWF9qNDg?oc=5\" target=\"_blank\" rel=\"nofollow noopener\">As\u00ed es la nueva vida de Millie Bobby Brown como mam\u00e1: comparte primera foto de su hija adoptiva<\/a>&nbsp;&nbsp;Qui\u00e9n<\/li>\n<li><a href=\"https:\/\/news.google.com\/rss\/articles\/CBMitwFBVV95cUxQbmllQTRLWENEQnUzMzM3N2RWNS1Wbmwta0JpSXYwYi1fcmdyVTJMcndWWU81RG4yUFc1YU0wY1lKZkFvbGw1R2U5SGpCWmhaa0ZmNjZuNkwwQ3hhVHRJcmFRWkFjMnV5ME9ETm9zMFQyQUZhWHBhTkVsSlB1OGkyNm03RkZPc3RwNFlkYks0NDhmaEVidXpSY3lEWThEYkpCTGlEQkRFUVVKV2VPSUJSR2ptbHNaSUU?oc=5\" target=\"_blank\" rel=\"nofollow noopener\">Millie Bobby Brown y Jake Bongiovi presentan a su hija con una foto que ha emocionado a sus fans<\/a>&nbsp;&nbsp;HOLA<\/li>\n<li><a href=\"https:\/\/news.google.com\/rss\/articles\/CBMitAFBVV95cUxNQ0dzR2hSZE11cWhuUmxmcm5vT1QtaEZiQzgxWjRKNnQxWGtxRXJETnZTbmVQYTA5aGFOZDE2SDZFLTNQYnd2MnF0aEdtT3BLNDlzRVAwUjFtaWFUWEJlYkVaTHRUVG5zUHdvOXFhZDFzVF9DNUJwNE5CRDVhSnQ3NTIzRk9YeWpKUXVHUUZzLXM5d0ltOGlRM0hvb196dWJON3VUcTZyRS1ERENpV1hYYjZDV0I?oc=5\" target=\"_blank\" rel=\"nofollow noopener\">Millie Bobby Brown y su marido comparten la primera foto de su hija adoptiva<\/a>&nbsp;&nbsp;20Minutos<\/li>\n<li><a href=\"https:\/\/news.google.com\/rss\/articles\/CBMi1wFBVV95cUxPd3hhaS1BYXplbWhmSWxHOHBrQ2xWajlyNWNiQ3lKekFtd0kteE1NU0dZbkhNU0oxS19GOWVkWHZRa3E3SlptNmpkNDhSQlpEV2p6VnZMNm9FTkZ5d0wtMVp5b2hBeVNFaFVFaVRCM0o4X1QtSUtmX21EWUJqN1hBQnpIbXU3U1g4YUtxQ2FQSmk3QXRZLUwyUllwU1FoQS1DdkJFU05ZSFlzcS03Y0NWcThVa2NHR192bjlwdkdvRzIxMnRpZkJQNGNndEZ4ZFpOTWpCZlBWaw?oc=5\" target=\"_blank\" rel=\"nofollow noopener\">La nueva vida de Millie Bobby Brown como madre, empresaria de moda y estrella rom\u00e1ntica de Netflix<\/a>&nbsp;&nbsp;Vanity Fair Espa\u00f1a<\/li>\n<li><a href=\"https:\/\/news.google.com\/rss\/articles\/CBMi2gFBVV95cUxPaUtPWXFoR1NSZUtKb2V2bDYzckhwWlJ5TXkxYW5SLVJlTlcxOThuWUpVRXlBRGNCX2NSMkRlMFQtVlZNM2hZVU0zakh1c0U0Ry1lSW1DQzRlSTNhV3NXblhPUlgyZ1dHSzExRG1yMTJvdHpORUd5Uy1vVnhOSk15N1o4MkZSeUhSRE40aDlLVXZEMXNFTVZqdVlFWGZhZjlCcUxJTTItQk9jekNXNzVtaGdpTWNYYU1TZElKdlAwbWZPbFVDWlEwbU9QaEgybDE2NkJKcVlqZHJoQQ?oc=5\" target=\"_blank\" rel=\"nofollow noopener\">La tierna imagen de Millie Bobby Brown y su esposo, Jake Bongiovi, junto a su peque\u00f1a hija<\/a>&nbsp;&nbsp;La Naci\u00f3n<\/li>\n<\/ol>\n","protected":false},"excerpt":{"rendered":"As\u00ed es la nueva vida de Millie Bobby Brown como mam\u00e1: comparte primera foto de su hija adoptiva&nbsp;&nbsp;Qui\u00e9n&hellip;\n","protected":false},"author":2,"featured_media":168882,"comment_status":"","ping_status":"","sticky":false,"template":"","format":"standard","meta":{"footnotes":""},"categories":[174],"tags":[255,146,147,25,24,2793,256,49276,49277,49278,49279,49280,23],"class_list":{"0":"post-168881","1":"post","2":"type-post","3":"status-publish","4":"format-standard","5":"has-post-thumbnail","7":"category-famosos","8":"tag-celebrities","9":"tag-entertainment","10":"tag-entretenimiento","11":"tag-es","12":"tag-espana","13":"tag-espectaculos","14":"tag-famosos","15":"tag-millie-bobby-brown-y-jake-bongiovi","16":"tag-millie-bobby-brown-y-jake-bongiovi-bebe","17":"tag-millie-bobby-brown-y-jake-bongiovi-bebe-adoptada","18":"tag-millie-bobby-brown-y-jake-bongiovi-bebe-fotos","19":"tag-millie-bobby-brown-y-jake-bongiovi-hija","20":"tag-spain"},"share_on_mastodon":{"url":"","error":""},"_links":{"self":[{"href":"https:\/\/www.europesays.com\/es\/wp-json\/wp\/v2\/posts\/168881","targetHints":{"allow":["GET"]}}],"collection":[{"href":"https:\/\/www.europesays.com\/es\/wp-json\/wp\/v2\/posts"}],"about":[{"href":"https:\/\/www.europesays.com\/es\/wp-json\/wp\/v2\/types\/post"}],"author":[{"embeddable":true,"href":"https:\/\/www.europesays.com\/es\/wp-json\/wp\/v2\/users\/2"}],"replies":[{"embeddable":true,"href":"https:\/\/www.europesays.com\/es\/wp-json\/wp\/v2\/comments?post=168881"}],"version-history":[{"count":0,"href":"https:\/\/www.europesays.com\/es\/wp-json\/wp\/v2\/posts\/168881\/revisions"}],"wp:featuredmedia":[{"embeddable":true,"href":"https:\/\/www.europesays.com\/es\/wp-json\/wp\/v2\/media\/168882"}],"wp:attachment":[{"href":"https:\/\/www.europesays.com\/es\/wp-json\/wp\/v2\/media?parent=168881"}],"wp:term":[{"taxonomy":"category","embeddable":true,"href":"https:\/\/www.europesays.com\/es\/wp-json\/wp\/v2\/categories?post=168881"},{"taxonomy":"post_tag","embeddable":true,"href":"https:\/\/www.europesays.com\/es\/wp-json\/wp\/v2\/tags?post=168881"}],"curies":[{"name":"wp","href":"https:\/\/api.w.org\/{rel}","templated":true}]}}