{"id":168883,"date":"2025-10-11T04:56:11","date_gmt":"2025-10-11T04:56:11","guid":{"rendered":"https:\/\/www.europesays.com\/es\/168883\/"},"modified":"2025-10-11T04:56:11","modified_gmt":"2025-10-11T04:56:11","slug":"presentan-poemario-de-reconocido-pintor-camagueyano","status":"publish","type":"post","link":"https:\/\/www.europesays.com\/es\/168883\/","title":{"rendered":"Presentan poemario de reconocido pintor camag\u00fceyano"},"content":{"rendered":"<p>Camag\u00fcey, 10 oct (ACN) A admirar las peque\u00f1as cosas desde la cotidianidad, al amor, los recuerdos y la a\u00f1oranza invita \u00abSed\u00bb, el poemario del reconocido artista de la pl\u00e1stica Joel Jover Llenderroso.<\/p>\n<p>\u00a0 \u00a0Durante el lanzamiento hoy de este ejemplar de peque\u00f1o formato por la editorial camag\u00fceyana \u00c1cana, los invitados pudieron escuchar al autor leer sus textos, as\u00ed como compartir las inspiraciones y prop\u00f3sitos de este nuevo proyecto.<\/p>\n<p>\u00a0 \u00a0Para m\u00ed este libro es muy importante, no est\u00e1 construido con met\u00e1foras, est\u00e1 construido con im\u00e1genes, cada poema trata de lograr que el lector crea que est\u00e1 viendo un cuadro, y se construya su propia imagen, asegur\u00f3 Jover.<\/p>\n<p><img decoding=\"async\" src=\"https:\/\/www.europesays.com\/es\/wp-content\/uploads\/2025\/10\/1010-poemario2.jpg\" loading=\"lazy\" width=\"720\" height=\"466\" data-path=\"local-images:\/2025\/10\/10\/1010-poemario2.jpg\"\/><\/p>\n<p>\u00a0 \u00a0El arte no es s\u00f3lo an\u00e9cdota, dijo, y cada uno tendr\u00e1 que buscar en su interior la ilusi\u00f3n de algo querido y el duelo por algo que se perdi\u00f3, siempre le propuse a la editorial un libro peque\u00f1o, que sea modesto, me siento muy halagado con el resultado.<\/p>\n<p>\u00a0 Acot\u00f3 el pintor, devenido escritor, que el libro busca hablarles a las personas sin mucho rebuscamiento, la sabia que transcurre en sus p\u00e1ginas es esa idea del desencuentro, de la sed personal por cosas que no se lograron en un momento determinado o que se pretenden lograr y es, por supuesto, un libro de la vejez.<\/p>\n<p>\u00a0 \u00a0Resalt\u00f3 tambi\u00e9n que es una obra de las cosas que ha encontrado en su vida, resultado de mirar con calma, de sentarse en su patio, imaginar, porque asegura que hay ideas que no son para la pintura pero s\u00ed para escribirlas.<\/p>\n<p><img decoding=\"async\" src=\"https:\/\/www.europesays.com\/es\/wp-content\/uploads\/2025\/10\/1010-poemario.jpg\" loading=\"lazy\" width=\"720\" height=\"466\" data-path=\"local-images:\/2025\/10\/10\/1010-poemario.jpg\"\/><\/p>\n<p>\u00a0 \u00a0Para el escritor Alejandro Berm\u00fadez es una dicha el encuentro con la m\u00e1s reciente obra po\u00e9tica de Joel, ahora con su verso minimalista de altos kilates, poemas para nada salvajes que conmueven, luego, puede echarse el libro en un bolsillo que para tales menesteres se dise\u00f1\u00f3 en formato peque\u00f1o igual, m\u00ednimo y sustancioso, que el propio artista Ilustr\u00f3.\u00a0<\/p>\n<p>\u00a0 \u00a0Casi al final del encuentro Joel expres\u00f3: \u00absoy un lector que escribe\u00bb y entre risas y complicidad comparti\u00f3 sus poemas, agradeci\u00f3 el apoyo, realiz\u00f3 dedicatorias, sum\u00f3 belleza a su trayectoria y demostr\u00f3 que el arte se complementa, suma, ofrece esperanza y siempre regala luz y vida.<\/p>\n","protected":false},"excerpt":{"rendered":"Camag\u00fcey, 10 oct (ACN) A admirar las peque\u00f1as cosas desde la cotidianidad, al amor, los recuerdos y la&hellip;\n","protected":false},"author":2,"featured_media":168884,"comment_status":"","ping_status":"","sticky":false,"template":"","format":"standard","meta":{"footnotes":""},"categories":[172],"tags":[224,146,147,25,24,225,23],"class_list":{"0":"post-168883","1":"post","2":"type-post","3":"status-publish","4":"format-standard","5":"has-post-thumbnail","7":"category-libros","8":"tag-books","9":"tag-entertainment","10":"tag-entretenimiento","11":"tag-es","12":"tag-espana","13":"tag-libros","14":"tag-spain"},"share_on_mastodon":{"url":"","error":""},"_links":{"self":[{"href":"https:\/\/www.europesays.com\/es\/wp-json\/wp\/v2\/posts\/168883","targetHints":{"allow":["GET"]}}],"collection":[{"href":"https:\/\/www.europesays.com\/es\/wp-json\/wp\/v2\/posts"}],"about":[{"href":"https:\/\/www.europesays.com\/es\/wp-json\/wp\/v2\/types\/post"}],"author":[{"embeddable":true,"href":"https:\/\/www.europesays.com\/es\/wp-json\/wp\/v2\/users\/2"}],"replies":[{"embeddable":true,"href":"https:\/\/www.europesays.com\/es\/wp-json\/wp\/v2\/comments?post=168883"}],"version-history":[{"count":0,"href":"https:\/\/www.europesays.com\/es\/wp-json\/wp\/v2\/posts\/168883\/revisions"}],"wp:featuredmedia":[{"embeddable":true,"href":"https:\/\/www.europesays.com\/es\/wp-json\/wp\/v2\/media\/168884"}],"wp:attachment":[{"href":"https:\/\/www.europesays.com\/es\/wp-json\/wp\/v2\/media?parent=168883"}],"wp:term":[{"taxonomy":"category","embeddable":true,"href":"https:\/\/www.europesays.com\/es\/wp-json\/wp\/v2\/categories?post=168883"},{"taxonomy":"post_tag","embeddable":true,"href":"https:\/\/www.europesays.com\/es\/wp-json\/wp\/v2\/tags?post=168883"}],"curies":[{"name":"wp","href":"https:\/\/api.w.org\/{rel}","templated":true}]}}