{"id":168890,"date":"2025-10-11T05:01:08","date_gmt":"2025-10-11T05:01:08","guid":{"rendered":"https:\/\/www.europesays.com\/es\/168890\/"},"modified":"2025-10-11T05:01:08","modified_gmt":"2025-10-11T05:01:08","slug":"de-la-fuente-reescribe-la-defensa-futbol-deportes","status":"publish","type":"post","link":"https:\/\/www.europesays.com\/es\/168890\/","title":{"rendered":"De la Fuente reescribe la defensa | F\u00fatbol | Deportes"},"content":{"rendered":"<p class=\"\">La pasada semana, mientras<a href=\"https:\/\/elpais.com\/deportes\/futbol\/2025-09-04\/espana-no-tiene-piedad-con-bulgaria.html\" target=\"_blank\" rel=\"noreferrer nofollow noopener\" title=\"https:\/\/elpais.com\/deportes\/futbol\/2025-09-04\/espana-no-tiene-piedad-con-bulgaria.html\"> la selecci\u00f3n espa\u00f1ola se preparaba para los duelos frente a Georgia y Bulgari<\/a>a, el nombre de Sergio Ramos volvi\u00f3 a sonar en los pasillos de la Ciudad del F\u00fatbol de Las Rozas: \u201cEl jugador m\u00e1s t\u00f3xico que hemos conocido\u201d, aseguraban en la Federaci\u00f3n. Y eso que ya han pasado cuatro a\u00f1os desde el \u00faltimo partido del andaluz con la Roja, ante Kosovo, cuando Luis Enrique todav\u00eda dirig\u00eda desde el banquillo. El asturiano lo borr\u00f3 del Mundial de Qatar y Luis de la Fuente, viejo conocedor de los entresijos de la casa de la Roja \u2014lleva desde 2013 en la Federaci\u00f3n\u2014, rubric\u00f3 la ausencia de Ramos, por mucho que el excentral del Madrid apostara m\u00e1s por la pol\u00edtica que por el f\u00fatbol para intentar volver a la selecci\u00f3n. Sin embargo, De la Fuente, adem\u00e1s de querer purgar el grupo, ten\u00eda claro cu\u00e1l ser\u00eda su pareja de centrales: Laporte\u2013Le Normand.<\/p>\n<p>M\u00e1s informaci\u00f3n<\/p>\n<p class=\"\">En sus 33 partidos al frente de la absoluta, De la Fuente ha utilizado a <a href=\"https:\/\/elpais.com\/deportes\/eurocopa-futbol\/2024-06-19\/robin-le-normand-entiendo-a-mbappe-la-solucion-no-es-esconderse.html\" target=\"_blank\" rel=\"noreferrer nofollow noopener\" title=\"https:\/\/elpais.com\/deportes\/eurocopa-futbol\/2024-06-19\/robin-le-normand-entiendo-a-mbappe-la-solucion-no-es-esconderse.html\">Le Normand en 25 ocasiones<\/a> (23 como titular), mientras que tir\u00f3 de Laporte en 21 partidos (20). El tercer central que aparece en la lista de los m\u00e1s utilizados por el seleccionador es Vivian. Pero sus n\u00fameros est\u00e1n lejos de los zagueros nacidos en Francia: solo ha jugado nueve duelos, seis como titular. \u201cLe Normand es uno de los mejores centrales de Europa. Me parece excepcional. Es muy competitivo, concentrado, es un especialista. Hace lo que tiene que hacer\u201d, elogia De la Fuente al central, del que nadie se atreve a poner en jaque su estatus.<\/p>\n<p class=\"\">De hecho, en las \u00fanicas dos derrotas de la era De la Fuente con la Roja, Le Normand no estaba en el campo: en Escocia, en 2023, la pareja fue David Garc\u00eda e I\u00f1igo Mart\u00ednez; y en Londres, en el amistoso ante Colombia, Laporte se mezcl\u00f3 con Vivian. Result\u00f3 que, tras la Eurocopa que gan\u00f3 Espa\u00f1a en Alemania, Le Normand tuvo que<a href=\"https:\/\/elpais.com\/deportes\/futbol\/2025-10-08\/huijsen-abandona-la-concentracion-de-la-seleccion-espanola-y-le-sustituye-laporte.html\" target=\"_blank\" rel=\"noreferrer nofollow noopener\" title=\"https:\/\/elpais.com\/deportes\/futbol\/2025-10-08\/huijsen-abandona-la-concentracion-de-la-seleccion-espanola-y-le-sustituye-laporte.html\"> empezar a olvidarse de su compa\u00f1ero Laporte:<\/a> primero por lesi\u00f3n, despu\u00e9s porque el t\u00e9cnico no lo ve\u00eda a punto para la \u00faltima Final Four de la Nations League.<\/p>\n<p class=\"\">Fue entonces cuando comenzaron a aparecer los nombres del ma\u00f1ana: Huijsen y Cubars\u00ed. Seg\u00fan el t\u00e9cnico, sin embargo, su momento no estaba en el futuro, sino en el presente. \u201cCubars\u00ed ya tiene muchos partidos importantes a sus espaldas con el Barcelona, y lo de Huijsen es insultante por la madurez y la tranquilidad con la que juega\u201d, destac\u00f3 el seleccionador. Y son precisamente ellos dos los centrales que completan el top 5 de los m\u00e1s utilizados por De la Fuente en la absoluta: Cubars\u00ed, siete partidos (tres como titular); Huijsen, seis (cinco).<\/p>\n<p class=\"\">Ocurri\u00f3 que Huijsen se lesion\u00f3. Pero no fue un problema para el memorioso De la Fuente, sobre todo cuando se trata de jugadores que conoce. \u201cHe hablado con Ayme y lo que quiero es que est\u00e9 compitiendo, porque es un futbolista, un activo del f\u00fatbol espa\u00f1ol, un activo de la selecci\u00f3n\u201d, se preocup\u00f3 el entrenador de la Roja cuando parec\u00eda que se ca\u00eda el regreso de Laporte al Athletic. Y, en cuanto el central nacido en Francia tom\u00f3 ritmo en el equipo de Valverde \u2014fue titular en los \u00faltimos tres partidos\u2014, De la Fuente lo llam\u00f3 para reemplazar a \u00adHuijsen. \u201cYa demostr\u00f3 en el pasado que, jugando en Arabia, ten\u00eda nivel mundial y ahora compite en el Athletic, jugando Champions y Liga. Enseguida va a aparecer el mejor Laporte; est\u00e1 en ese proceso, pero ya tiene un nivel que querr\u00edan la mayor\u00eda de centrales\u201d, subray\u00f3 el seleccionador.<\/p>\n<p>Pensado para atacar<\/p>\n<p class=\"\">Aunque De la Fuente tiene un equipo dise\u00f1ado para atacar, desde que se desarm\u00f3 la pareja Le Normand\u2013Laporte, la Roja ha comenzado a recibir m\u00e1s goles. Salvo los dos \u00faltimos duelos frente a las d\u00e9biles Bulgaria y Turqu\u00eda, Espa\u00f1a encaj\u00f3 dos tantos o m\u00e1s en cinco partidos. Antes solo lo hab\u00eda hecho en dos ocasiones: en la derrota ante Escocia y en el empate a tres contra Brasil en el Bernab\u00e9u, el \u00fanico de los siete encuentros en el que coincidieron Laporte y Le Normand.<\/p>\n<p class=\"\">Laporte, en caulquier caso, parece que tendr\u00e1 que esperar para el once titular. Sin Huijsen, que le hab\u00eda ganado terreno a Cubars\u00ed en la Roja, De la Fuente se debate entre Vivian y el azulgrana para reescribir la zaga. \u201cEs un orgullo venir a la selecci\u00f3n. Estoy siempre al 100%, entrenando a tope. Si tengo la oportunidad de jugar, voy a demostrar que puedo hacerlo; y si no, har\u00e9 equipo y familia\u201d, asegur\u00f3 Cubars\u00ed en una entrevista a Mundo Deportivo. Si juega frente a Georgia (20.45, La 1), seguramente tendr\u00e1 que acomodarse en la izquierda, como hace en el Bar\u00e7a desde la marcha de I\u00f1igo. \u201cPudiendo elegir\u201d, desvel\u00f3 De la Fuente, \u201cme gusta tener futbolistas espec\u00edficos. Cubars\u00ed puede jugar en ambas posiciones. Le Normand empez\u00f3 jugando en la Real en la izquierda. Me gusta tener jugadores espec\u00edficos, pero es una ventaja contar con polivalencia\u201d.<\/p>\n<p class=\"\">Calienta Cubars\u00ed en la Roja, mientras, por las dudas, De la Fuente cuenta con uno de sus jugadores fetiche: Laporte. \u201cSon unos ni\u00f1os buenos\u201d, como definen en Las Rozas, lejos de la etapa en la que mandaba Sergio Ramos.<\/p>\n","protected":false},"excerpt":{"rendered":"La pasada semana, mientras la selecci\u00f3n espa\u00f1ola se preparaba para los duelos frente a Georgia y Bulgaria, el&hellip;\n","protected":false},"author":2,"featured_media":168891,"comment_status":"","ping_status":"","sticky":false,"template":"","format":"standard","meta":{"footnotes":""},"categories":[93],"tags":[2204,1540,168,1539,25,24,282,1538,49282,35718,47493,3714,23,167],"class_list":{"0":"post-168890","1":"post","2":"type-post","3":"status-publish","4":"format-standard","5":"has-post-thumbnail","7":"category-deportes","8":"tag-aymeric-laporte","9":"tag-competiciones","10":"tag-deportes","11":"tag-entrenadores","12":"tag-es","13":"tag-espana","14":"tag-futbol","15":"tag-futbolistas","16":"tag-le-normand","17":"tag-luis-de-la-fuente","18":"tag-pau-cubarsi","19":"tag-seleccion-espanola","20":"tag-spain","21":"tag-sports"},"share_on_mastodon":{"url":"","error":""},"_links":{"self":[{"href":"https:\/\/www.europesays.com\/es\/wp-json\/wp\/v2\/posts\/168890","targetHints":{"allow":["GET"]}}],"collection":[{"href":"https:\/\/www.europesays.com\/es\/wp-json\/wp\/v2\/posts"}],"about":[{"href":"https:\/\/www.europesays.com\/es\/wp-json\/wp\/v2\/types\/post"}],"author":[{"embeddable":true,"href":"https:\/\/www.europesays.com\/es\/wp-json\/wp\/v2\/users\/2"}],"replies":[{"embeddable":true,"href":"https:\/\/www.europesays.com\/es\/wp-json\/wp\/v2\/comments?post=168890"}],"version-history":[{"count":0,"href":"https:\/\/www.europesays.com\/es\/wp-json\/wp\/v2\/posts\/168890\/revisions"}],"wp:featuredmedia":[{"embeddable":true,"href":"https:\/\/www.europesays.com\/es\/wp-json\/wp\/v2\/media\/168891"}],"wp:attachment":[{"href":"https:\/\/www.europesays.com\/es\/wp-json\/wp\/v2\/media?parent=168890"}],"wp:term":[{"taxonomy":"category","embeddable":true,"href":"https:\/\/www.europesays.com\/es\/wp-json\/wp\/v2\/categories?post=168890"},{"taxonomy":"post_tag","embeddable":true,"href":"https:\/\/www.europesays.com\/es\/wp-json\/wp\/v2\/tags?post=168890"}],"curies":[{"name":"wp","href":"https:\/\/api.w.org\/{rel}","templated":true}]}}