{"id":168894,"date":"2025-10-11T05:03:10","date_gmt":"2025-10-11T05:03:10","guid":{"rendered":"https:\/\/www.europesays.com\/es\/168894\/"},"modified":"2025-10-11T05:03:10","modified_gmt":"2025-10-11T05:03:10","slug":"una-carta-de-pynchon-y-una-noche-de-farra-con-allen-ginsberg-lo-que-esconde-el-legado-del-nobel-laszlo-krasznahorkai-cultura","status":"publish","type":"post","link":"https:\/\/www.europesays.com\/es\/168894\/","title":{"rendered":"Una carta de Pynchon y una noche de farra con Allen Ginsberg: lo que esconde el legado del Nobel L\u00e1szl\u00f3 Krasznahorkai | Cultura"},"content":{"rendered":"<p class=\"\">La historia la cuenta el propio L\u00e1szl\u00f3 Krasznahorkai como si se tratara del plano secuencia de una pel\u00edcula de cine de autor. <a href=\"https:\/\/elpais.com\/cultura\/2025-10-09\/krasznahorkai-un-escritor-transmutado-en-cine-de-autor.html\" target=\"_self\" rel=\"nofollow noopener\" title=\"https:\/\/elpais.com\/cultura\/2025-10-09\/krasznahorkai-un-escritor-transmutado-en-cine-de-autor.html\">B\u00e9la Tarr llam\u00f3 a la puerta de su casa con la propuesta de adaptar Tango sat\u00e1nico<\/a>. El escritor ten\u00eda una resaca hom\u00e9rica, se acababa de despertar, era media ma\u00f1ana, un d\u00eda oscuro en Budapest, finales de los a\u00f1os 80 en la Hungr\u00eda comunista. A\u00fan no se conoc\u00edan. Contest\u00f3 que no. Le dijo incluso que no volver\u00eda a escribir jam\u00e1s y cerr\u00f3 la puerta. B\u00e9la Tarr camin\u00f3 con su cadencia hipn\u00f3tica alrededor del edificio, se fij\u00f3 en una ventana con la luz encendida y golpe\u00f3 con los nudillos el cristal. Krasznahorkai se estaba lavando la cara en el ba\u00f1o. Abri\u00f3 y contempl\u00f3 la cara de B\u00e9la Tarr bajo la lluvia. \u201cVe mis pel\u00edculas y entender\u00e1s por qu\u00e9 quiero adaptar tu literatura\u201d, le dijo el cineasta.<\/p>\n<p>M\u00e1s informaci\u00f3n<\/p>\n<p class=\"\">El autor h\u00fangaro se lo contaba la semana pasada a Bernhard Fetz, director del Archivo Literario de la Biblioteca Nacional de Austria, durante una lectura en el <a href=\"https:\/\/www.onb.ac.at\/museen\/literaturmuseum\/\" target=\"_self\" rel=\"nofollow noopener\" title=\"https:\/\/www.onb.ac.at\/museen\/literaturmuseum\/\">Museo de Literatura de Viena<\/a>. Fetz lo recuerda en su despacho en el Palacio Imperial de Hofburg \u2014residencia de los Habsburgo durante siglos\u2014 junto a los guiones originales de los filmes S\u00e1t\u00e1ntang\u00f3 y Armon\u00edas de Werckmeister, basada en la novela Melancol\u00eda de la resistencia. En la mesa tambi\u00e9n hay una cabeza gigante de minotauro, una escultura de cart\u00f3n piedra que Krasznahorkai emple\u00f3 en alguna ocasi\u00f3n durante la presentaci\u00f3n de sus novelas. El Nobel de literatura en 2025 decidi\u00f3 el a\u00f1o pasado que su patrimonio literario se conservara en el prestigioso archivo vien\u00e9s.<\/p>\n<p class=\"\">Krasznahorkai (Gyula, Hungr\u00eda, 71 a\u00f1os) suele citar la influencia de la literatura austriaca en su obra. El peso de autores como Robert Musil, Ingeborg Bachmann, Heimito von Doderer, Thomas Bernhard: todos ellos conservan su legado literario en este archivo. La Academia Sueca destac\u00f3 que <a href=\"https:\/\/elpais.com\/cultura\/2025-10-09\/el-lado-humano-de-laszlo-krasznahorkai-experiencias-y-acontecimientos-que-dieron-forma-a-su-arte.html\" target=\"_self\" rel=\"nofollow noopener\" title=\"https:\/\/elpais.com\/cultura\/2025-10-09\/el-lado-humano-de-laszlo-krasznahorkai-experiencias-y-acontecimientos-que-dieron-forma-a-su-arte.html\">\u201ces un gran escritor \u00e9pico de la tradici\u00f3n centroeuropea, que se extiende desde Kafka hasta Thomas Bernhard<\/a>, y se caracteriza por el absurdo y el exceso grotesco\u201d. El caf\u00e9 predilecto de Thomas Bernhard, el Br\u00e4unerhof, que cerr\u00f3 este verano, se encuentra en la calle paralela. El sanatorio para tuberculosos donde muri\u00f3 Kafka hace un siglo y un a\u00f1o est\u00e1 en Kierling, a las afueras de Viena. En esta calle resulta literario hasta el edificio aleda\u00f1o, sede de la Cripta de los Capuchinos, donde Joseph Roth form\u00f3 como guardia de honor en el sepelio del emperador Francisco Jos\u00e9 I y llor\u00f3. Roth y Krasznahorkai son antagonistas literarios, pero ambos son sepultureros de su \u00e9poca.<\/p>\n<p><img decoding=\"auto\" class=\"_re lazyload a_m-v\" height=\"540\"  width=\"414\"  src=\"https:\/\/www.europesays.com\/es\/wp-content\/uploads\/2025\/10\/3GF5CQUQZ5HHBCX56IU4VOYHKI.jpg\" loading=\"lazy\"\/>El guion de la primera novela de Krasnahorkai, &#8216;Tango sat\u00e1nico&#8217;.Biblioteca Nacional de Austria<\/p>\n<p class=\"\">El escritor vive la mayor parte del a\u00f1o entre Viena y Trieste y conserva su casa en Budapest, un tri\u00e1ngulo con una potencia simb\u00f3lica propia de la geograf\u00eda austroh\u00fangara. Con todo, el motivo del traslado de su legado desde Budapest tambi\u00e9n es pol\u00edtico: de rechazo y huida del r\u00e9gimen de extrema derecha de Viktor Orb\u00e1n en su pa\u00eds natal. \u201cLa situaci\u00f3n pol\u00edtica de Hungr\u00eda es la que es, y muchos artistas y escritores est\u00e1n trasladando sus archivos art\u00edsticos fuera del pa\u00eds, como el autor P\u00e9ter N\u00e1das, que lo cedi\u00f3 a la Academia de las Artes de Berl\u00edn\u201d, explica Fetz.<\/p>\n<p class=\"\">El tesoro es enorme y se reparte por diferentes estancias y pasillos. A\u00fan trabajan en el inventario. Incluye todos sus manuscritos, textos in\u00e9ditos, diferentes versiones de sus guiones cinematogr\u00e1ficos, borradores comentados, pruebas de imprenta, diarios, material de investigaci\u00f3n, dise\u00f1os de cubierta de sus novelas y relatos, fotograf\u00edas, material de audio y video y la correspondencia \u00fanica con m\u00e1s de 700 remitentes de 23 pa\u00edses; m\u00e1s de dos mil cartas desde la d\u00e9cada de 1980. El legado de un autor traducido a m\u00e1s de 30 lenguas \u2014y sin embargo considerado de culto; un placer dif\u00edcil de audiencia marginal\u2014.<\/p>\n<p><img decoding=\"auto\" class=\"_re lazyload a_m-v\" height=\"584\"  width=\"414\"  src=\"https:\/\/www.europesays.com\/es\/wp-content\/uploads\/2025\/10\/6Q5QN7KC45AH3BBJKNL7KLG6OU.jpg\" loading=\"lazy\"\/>Los diarios del Nobel L\u00e1szl\u00f3 Krasznahorkai.Biblioteca Nacional de Austria<\/p>\n<p class=\"\">Se conservan las grabaciones sonoras de una noche de farra en la cocina del apartamento neoyorquino <a href=\"https:\/\/elpais.com\/noticias\/allen-ginsberg\/\" target=\"_self\" rel=\"nofollow noopener\" title=\"https:\/\/elpais.com\/noticias\/allen-ginsberg\/\">del poeta Allen Ginsberg<\/a>, en la que tambi\u00e9n se escucha a David Byrne, cantante de Talking Heads. Se conserva una prueba material de que Thomas Pynchon existe: una carta mecanografiada por el escritor estadounidense (\u201cHello, L\u00e1szlo!\u201d), firmada como \u201cTom\u201d, en la que le felicita por el premio International Booker de 2015 y le cuenta que, entre actos de futilidad, logr\u00f3 leer Melancol\u00eda de la resistencia. \u201cMe record\u00f3 por qu\u00e9 comenc\u00e9 a leer novelas, fue como vivir por un tiempo en un lugar en el que necesitaba estar\u201d.<\/p>\n<p class=\"\">Se conservan fotos de la infancia en Gyula, de sus bandas de m\u00fasica en Budapest, de sus viajes por el mundo. En los a\u00f1os 90, Krasznahorkai viaj\u00f3 largas temporadas por Suram\u00e9rica, Mongolia, China y Jap\u00f3n, se subi\u00f3 a cargueros que cruzaban el Atl\u00e1ntico. En una de las fotos en blanco y negro luce abrigo oscuro, sombrero de fieltro, barba, melena y una elegancia incontestable de mosquetero bohemio.<\/p>\n<p><img alt=\"Thomas Pynchon\" decoding=\"auto\" class=\"_re lazyload a_m-h\" height=\"344\"  width=\"414\"  src=\"https:\/\/www.europesays.com\/es\/wp-content\/uploads\/2025\/10\/M5ZRIKLYPOS7B4ZW2ZWFRLQDEE.jpg\" loading=\"lazy\"\/>Una de las pocas im\u00e1genes que existen de Thomas Pynchon.<\/p>\n<p class=\"\">Se conserva las galeradas con anotaciones de la novela Herscht 07769, a\u00fan no traducida al espa\u00f1ol, en la que Krasznahorkai aborda la explosi\u00f3n del <a href=\"https:\/\/elpais.com\/internacional\/2025-03-02\/como-la-memoria-historica-del-nazismo-explica-en-parte-el-exito-ultra-en-alemania-y-austria.html\" target=\"_self\" rel=\"nofollow noopener\" title=\"https:\/\/elpais.com\/internacional\/2025-03-02\/como-la-memoria-historica-del-nazismo-explica-en-parte-el-exito-ultra-en-alemania-y-austria.html\">neonazismo en Alemania Oriental <\/a>en un pueblo ficticio de Turingia. El maestro del apocalipsis escribe el libro en una sola frase de m\u00e1s de 400 p\u00e1ginas. \u201cResulta sencillo de leer si lo comparamos con sus primeras obras\u201d, dice Bernhard Fetz. \u201cComo en todos sus textos, su humor es tan profundo como humano. Johann Sebastian Bach es el verdadero h\u00e9roe de Krasznahorkai, que toca el piano. Y el protagonista neonazi es un adicto a Bach\u201d.<\/p>\n<p class=\"\">Parte de la colecci\u00f3n se expone desde junio en la muestra Una y otra vez. El universo narrativo de L\u00e1szl\u00f3 Krasznahorkai del <a href=\"https:\/\/femuz.hu\/en\/time-and-time-again-laszlo-krasznahorkais-narrative-universe-2\/\" target=\"_self\" rel=\"nofollow noopener\" title=\"https:\/\/femuz.hu\/en\/time-and-time-again-laszlo-krasznahorkais-narrative-universe-2\/\">Ferenczy M\u00fazeumi Centrum<\/a> de Szentendre, en la ribera del Danubio, a unos veinte kil\u00f3metros de Budapest. El patrimonio literario de Krasznahorkai es el segundo perteneciente a un Nobel vivo que atesora el archivo de la Biblioteca Nacional de Austria. El escritor Peter Handke ya leg\u00f3 antes el suyo.<\/p>\n","protected":false},"excerpt":{"rendered":"La historia la cuenta el propio L\u00e1szl\u00f3 Krasznahorkai como si se tratara del plano secuencia de una pel\u00edcula&hellip;\n","protected":false},"author":2,"featured_media":168895,"comment_status":"","ping_status":"","sticky":false,"template":"","format":"standard","meta":{"footnotes":""},"categories":[91],"tags":[15995,8286,209,146,147,25,24,3957,225,48617,1645,23,4965],"class_list":{"0":"post-168894","1":"post","2":"type-post","3":"status-publish","4":"format-standard","5":"has-post-thumbnail","7":"category-entretenimiento","8":"tag-austria","9":"tag-bibliotecas","10":"tag-cultura","11":"tag-entertainment","12":"tag-entretenimiento","13":"tag-es","14":"tag-espana","15":"tag-hungria","16":"tag-libros","17":"tag-nobel-de-literatura","18":"tag-novela","19":"tag-spain","20":"tag-viena"},"share_on_mastodon":{"url":"","error":""},"_links":{"self":[{"href":"https:\/\/www.europesays.com\/es\/wp-json\/wp\/v2\/posts\/168894","targetHints":{"allow":["GET"]}}],"collection":[{"href":"https:\/\/www.europesays.com\/es\/wp-json\/wp\/v2\/posts"}],"about":[{"href":"https:\/\/www.europesays.com\/es\/wp-json\/wp\/v2\/types\/post"}],"author":[{"embeddable":true,"href":"https:\/\/www.europesays.com\/es\/wp-json\/wp\/v2\/users\/2"}],"replies":[{"embeddable":true,"href":"https:\/\/www.europesays.com\/es\/wp-json\/wp\/v2\/comments?post=168894"}],"version-history":[{"count":0,"href":"https:\/\/www.europesays.com\/es\/wp-json\/wp\/v2\/posts\/168894\/revisions"}],"wp:featuredmedia":[{"embeddable":true,"href":"https:\/\/www.europesays.com\/es\/wp-json\/wp\/v2\/media\/168895"}],"wp:attachment":[{"href":"https:\/\/www.europesays.com\/es\/wp-json\/wp\/v2\/media?parent=168894"}],"wp:term":[{"taxonomy":"category","embeddable":true,"href":"https:\/\/www.europesays.com\/es\/wp-json\/wp\/v2\/categories?post=168894"},{"taxonomy":"post_tag","embeddable":true,"href":"https:\/\/www.europesays.com\/es\/wp-json\/wp\/v2\/tags?post=168894"}],"curies":[{"name":"wp","href":"https:\/\/api.w.org\/{rel}","templated":true}]}}