{"id":168913,"date":"2025-10-11T05:16:13","date_gmt":"2025-10-11T05:16:13","guid":{"rendered":"https:\/\/www.europesays.com\/es\/168913\/"},"modified":"2025-10-11T05:16:13","modified_gmt":"2025-10-11T05:16:13","slug":"la-euroliga-solo-colaborara-en-la-liga-europea-de-la-nba-si-mantiene-la-autoridad-y-no-se-margina-a-los-clubes-actuales","status":"publish","type":"post","link":"https:\/\/www.europesays.com\/es\/168913\/","title":{"rendered":"La Euroliga s\u00f3lo colaborar\u00e1 en la liga europea de la NBA si mantiene \u00abla autoridad\u00bb y no se \u00abmargina\u00bb a los clubes actuales"},"content":{"rendered":"<p><a class=\"v-mdl-ath__fig-a\" href=\"https:\/\/www.elcorreo.com\/autor\/ivan-benito-4702.html\" title=\"Iv\u00e1n Benito\" rel=\"nofollow noopener\" target=\"_blank\"><br \/>\n<img decoding=\"async\" class=\"v-mdl-ath__img\" src=\"https:\/\/www.europesays.com\/es\/wp-content\/uploads\/2025\/09\/1759052531_106_autor-4702-foto-1.jpeg\" alt=\"Iv\u00e1n Benito\"\/><br \/>\n<\/a><\/p>\n<p class=\"v-mdl-ath__p v-mdl-ath__p--6\">\nViernes, 10 de octubre 2025, 14:59<\/p>\n<p>| Actualizado 21:01h.<\/p>\n<p class=\"v-p\">La Euroliga le ha puesto cuatro condiciones a la NBA si quiere contar con su ayuda para desembarcar en Europa. La reclamaci\u00f3n que lleva el n\u00famero uno de la nota emitida este viernes es la de seguir la l\u00ednea marcada en los 26 a\u00f1os de historia del torneo \u00absin marginar a las organizaciones e individuos que han construido la estructura del baloncesto de clubes de \u00e9lite actual\u00bb. Un posicionamiento de apariencia s\u00f3lida para que la laureada historia de equipos como el Baskonia o el Zalgiris prevalezca por encima del potencial econ\u00f3mico de las ciudades en las que habitan, insuficiente para los est\u00e1ndares que maneja la liga norteamericana. No habr\u00e1 concesiones en este ni en el resto de lo que consideran \u00abprincipios b\u00e1sicos\u00bb de la negociaci\u00f3n. <\/p>\n<p class=\"v-p\">Si quieren fundar una liga bien avenida, exigen contar con las entidades que promovieron y expandieron la mejor competici\u00f3n continental desde el a\u00f1o 2000. La Euroliga se siente tambi\u00e9n en posici\u00f3n de reclamar que sus miembros mantengan el poder de la nueva competici\u00f3n que la NBA quiere poner en marcha en 2027. \u00abLa autoridad para la toma de decisiones debe permanecer en Europa\u00bb, reclaman con el fin de estar por encima de la organizaci\u00f3n estadounidense, pero sobre todo de su socio, la FIBA. La ruptura del principio de siglo con la Federaci\u00f3n Internacional sigue latente en las negociaciones.<\/p>\n<p class=\"v-p\">La competici\u00f3n que encabezan Paulius Motiejunas y Dejan Bodiroga defiende los puntos de vista marcados por los 13 clubes accionistas (Real Madrid, Bar\u00e7a, Baskonia, Efes, Fenerbah\u00e7e, Maccabi, Mil\u00e1n, Olympiacos, Panathinaikos, Asvel, Bayern, Zalgiris y CSKA), reunidos el martes en Barcelona. Quieren garantizarse que los intereses continentales \u00abtengan prioridad\u00bb y poder cumplir con los otros dos puntos \u00abfundamentales\u00bb. \u00abProteger la identidad, las tradiciones y las bases de los seguidores y mantener y mejorar la excelencia competitiva\u00bb. La respuesta de la NBA lleg\u00f3 minutos despu\u00e9s en un escrito de su director general en Europa y Oriente Medio, George Aivazoglou. \u00abSeguimos abiertos a colaborar con la Euroliga, siempre que coincidamos en nuestra evaluaci\u00f3n del enorme potencial del baloncesto en Europa\u00bb. <\/p>\n<p class=\"v-p\">El acuerdo entre todas las partes parece lejano. Tras el anuncio de la alianza entre la NBA y la FIBA para poner en marcha un torneo inicialmente con 16 equipos, la Euroliga se sent\u00f3 con ambas instituciones en mayo para buscar puntos en com\u00fan. En ese primer c\u00f3nclave, la m\u00e1xima competici\u00f3n continental present\u00f3 \u00abuna propuesta para colaborar\u00bb que, seg\u00fan indican meses despu\u00e9s, \u00abno ha recibido una respuesta significativa\u00bb. El encuentro a tres bandas se repiti\u00f3 el mi\u00e9rcoles, de nuevo en Ginebra (Suiza). Coinciden en que mantuvieron \u00abdi\u00e1logos constructivos\u00bb, \u00abconversaciones de buena fe\u00bb. \u00abEsfuerzos continuos\u00bb por tender puentes para los que todav\u00eda queda picar mucha piedra.<\/p>\n<p class=\"v-p\">Los rectores de la Euroliga echan en falta \u00abm\u00e1s detalles sobre el formato previsto &#8216;NBA Europe&#8217;, aparte de la informaci\u00f3n anunciada por el comisionado de la liga estadounidense, Adam Silver, y el secretario general de la FIBA, Andreas Zagklis, a finales de marzo. Hablaron de un formato de competici\u00f3n \u00abpreliminar\u00bb con una liga de 16 equipos, doce con plaza fija y cuatro rotatorias procedentes de la Champions League (organizada por la FIBA), playoffs y finales. \u00abProbablemente bajo las reglas europeas, ya que los equipos seguir\u00e1n jugando en sus ligas nacionales\u00bb, subray\u00f3 Aivazoglou en una entrevista reciente en &#8216;L&#8217;Equipe&#8217;. <\/p>\n<p class=\"v-p\">La mayor novedad que buscan implantar a nivel competitivo es ese formato de clasificaci\u00f3n semiabierto. \u00abQueremos crear un sistema piramidal, similar a la Champions League y la Europa League\u00bb, explic\u00f3 Aivazoglou. \u00abNos gusta esa comparaci\u00f3n: es f\u00e1cil de entender y recompensa el rendimiento. Queremos que los sue\u00f1os y los cuentos de hadas como la del Leicester City ganando la Premier League en 2016 sigan siendo posibles\u00bb. <\/p>\n<p class=\"v-p\">Sondeos con el Galatasaray<\/p>\n<p class=\"v-p\">El plan choca frontalmente con la liga pr\u00e1cticamente cerrada que orquesta la Euroliga. 17 de los 20 participantes de la edici\u00f3n que arranc\u00f3 la pasada semana tienen el sitio asegurado hasta 2028, con los equipos rusos a la espera de que se les levante el veto para competir. No caben todos. La m\u00e1xima competici\u00f3n continental nunca ha escondido su idea de ampliar el n\u00famero de licencias fijas e incrementar el n\u00famero de participantes a 24. La NBA tampoco descarta que a las 16 franquicias iniciales se sumen m\u00e1s porque aseguran que \u00abla respuesta ha sido incre\u00edble\u00bb. <\/p>\n<p class=\"v-p\">El presidente del Galatasaray, que disputa la Champions, asegur\u00f3 que los norteamericanos cuentan con ellos. Estambul, Londres, Par\u00eds, Lyon, Berl\u00edn, M\u00fanich o Mil\u00e1n se encontrar\u00edan dentro de sus objetivos, adem\u00e1s de que el Par\u00eds Saint-Germain y el Manchester City apuesten por una secci\u00f3n de baloncesto. En Espa\u00f1a, se cuenta con Real Madrid y Barcelona, los \u00fanicos clubes propietarios de la Euroliga que se han negado a firmar la renovaci\u00f3n hasta 2036, mientras que el Valencia se posiciona por encima del Baskonia a ojos de la NBA. Con las cartas boca arriba cada uno, queda resolver la clave del entuerto. \u00bfC\u00f3mo se financiar\u00e1n los 500 millones de d\u00f3lares en los que la liga norteamericana quiere valorar y atraer a los clubes en su sistema de franquicias? <\/p>\n<p>Reporta un error<\/p>\n","protected":false},"excerpt":{"rendered":"Viernes, 10 de octubre 2025, 14:59 | Actualizado 21:01h. La Euroliga le ha puesto cuatro condiciones a la&hellip;\n","protected":false},"author":2,"featured_media":168914,"comment_status":"","ping_status":"","sticky":false,"template":"","format":"standard","meta":{"footnotes":""},"categories":[269],"tags":[490,299,298,49287,32635,168,25,24,833,700,1725,49288,369,23,167,4350],"class_list":{"0":"post-168913","1":"post","2":"type-post","3":"status-publish","4":"format-standard","5":"has-post-thumbnail","7":"category-baloncesto","8":"tag-abre","9":"tag-baloncesto","10":"tag-basketball","11":"tag-cooperar","12":"tag-decisiones","13":"tag-deportes","14":"tag-es","15":"tag-espana","16":"tag-euroliga","17":"tag-europa","18":"tag-nba","19":"tag-permanezca","20":"tag-siempre","21":"tag-spain","22":"tag-sports","23":"tag-toma"},"share_on_mastodon":{"url":"","error":""},"_links":{"self":[{"href":"https:\/\/www.europesays.com\/es\/wp-json\/wp\/v2\/posts\/168913","targetHints":{"allow":["GET"]}}],"collection":[{"href":"https:\/\/www.europesays.com\/es\/wp-json\/wp\/v2\/posts"}],"about":[{"href":"https:\/\/www.europesays.com\/es\/wp-json\/wp\/v2\/types\/post"}],"author":[{"embeddable":true,"href":"https:\/\/www.europesays.com\/es\/wp-json\/wp\/v2\/users\/2"}],"replies":[{"embeddable":true,"href":"https:\/\/www.europesays.com\/es\/wp-json\/wp\/v2\/comments?post=168913"}],"version-history":[{"count":0,"href":"https:\/\/www.europesays.com\/es\/wp-json\/wp\/v2\/posts\/168913\/revisions"}],"wp:featuredmedia":[{"embeddable":true,"href":"https:\/\/www.europesays.com\/es\/wp-json\/wp\/v2\/media\/168914"}],"wp:attachment":[{"href":"https:\/\/www.europesays.com\/es\/wp-json\/wp\/v2\/media?parent=168913"}],"wp:term":[{"taxonomy":"category","embeddable":true,"href":"https:\/\/www.europesays.com\/es\/wp-json\/wp\/v2\/categories?post=168913"},{"taxonomy":"post_tag","embeddable":true,"href":"https:\/\/www.europesays.com\/es\/wp-json\/wp\/v2\/tags?post=168913"}],"curies":[{"name":"wp","href":"https:\/\/api.w.org\/{rel}","templated":true}]}}