{"id":168919,"date":"2025-10-11T05:20:11","date_gmt":"2025-10-11T05:20:11","guid":{"rendered":"https:\/\/www.europesays.com\/es\/168919\/"},"modified":"2025-10-11T05:20:11","modified_gmt":"2025-10-11T05:20:11","slug":"libros-recomendados-de-la-semana","status":"publish","type":"post","link":"https:\/\/www.europesays.com\/es\/168919\/","title":{"rendered":"Libros recomendados de la semana"},"content":{"rendered":"<p>Las buenas nochesIsaac Rosa<\/p>\n<p class=\"ft-text\">Un d\u00eda cualquiera a altas horas de la madrugada dos desconocidos se encuentran en el bar de un hotel. Solo tienen una cosa en com\u00fan, un insomnio persistente. No tardar\u00e1n en descubrir que el \u00fanico remedio para sus malas noches es dormir juntos. A partir de entonces inician una relaci\u00f3n clandestina que cambiar\u00e1 sus vidas. Isaac Rosa invita al lector a mirarse desde otro lado. Porque solo observando nuestro sue\u00f1o, o la falta del mismo, podemos preguntarnos si lo que nos mantiene despiertos es la causa o la consecuencia de un malestar social.<\/p>\n<p><img decoding=\"async\" src=\"https:\/\/www.europesays.com\/es\/wp-content\/uploads\/2025\/10\/ee6ba340-c862-4f18-a702-0bc77a51edae_source-aspect-ratio_default_0.jpg\" width=\"111\" height=\"159\" loading=\"lazy\" class=\"ft-helper-img-rd\" alt=\"Imagen\" title=\"Imagen\"\/><\/p>\n<p>Las buenas noches<\/p>\n<p class=\"ft-text\">\n<b>Autora:<\/b> Isaac Rosa\n<\/p>\n<p class=\"ft-text\">\n<b>Editorial:<\/b> Seix Barral\n<\/p>\n<p class=\"ft-text\">\n<b>N\u00ba de p\u00e1ginas:<\/b> 256\n<\/p>\n<p>Pr\u00f3spero vientoAndr\u00e9s Trapiello<\/p>\n<p class=\"ft-text\">Pr\u00f3spero viento es un ensayo autobiogr\u00e1fico que relata una vida, la de su autor, y la peripecia vital y pol\u00edtica de varias generaciones, desde las postrimer\u00edas de la dictadura franquista hasta hoy mismo. Pionero en rescatar las figuras de Chaves Nogales, Clara Campoamor o Elena Fort\u00fan, integrantes de la tercera Espa\u00f1a, Andr\u00e9s Trapiello rastrea aqu\u00ed el origen de la hegemon\u00eda cultural de la izquierda y los nacionalistas. El autor leon\u00e9s sostiene que se han cre\u00eddo legitimados para reescribir la historia y levantar un muro entre espa\u00f1oles.<\/p>\n<p><img decoding=\"async\" src=\"https:\/\/www.europesays.com\/es\/wp-content\/uploads\/2025\/10\/5868b6d4-2e9a-4305-90ce-b80f0497c824_source-aspect-ratio_default_0.jpg\" width=\"111\" height=\"159\" loading=\"lazy\" class=\"ft-helper-img-rd\" alt=\"Imagen\" title=\"Imagen\"\/><\/p>\n<p>Pr\u00f3spero viento<\/p>\n<p class=\"ft-text\">\n<b>Autor:<\/b> Andr\u00e9s Trapiello\n<\/p>\n<p class=\"ft-text\">\n<b>Editorial:<\/b> La Esfera de los Libros\n<\/p>\n<p class=\"ft-text\">\n<b>N\u00ba de p\u00e1ginas:<\/b> 336\n<\/p>\n<p>O corvo sobre a neveAndrea Maceiras<\/p>\n<p class=\"ft-text\">Na era glacial, os Pa\u00edses Temperados pech\u00e1ronlles as fronteiras aos emigrantes clim\u00e1ticos. A neve sepultou toda esperanza. E mentres os cidad\u00e1ns lex\u00edtimos son controlados por asistentes persoais, os parias do fr\u00edo son obrigados a tatuar a marca dun carr\u00e1n \u00e1rtico no f\u00e9mur. Dryas e a s\u00faa familia viven afastados de todo. El sabe que os seus pais agochan un escuro segredo. Por iso, cando a nai e o irm\u00e1n pequeno desaparecen sen deixar rastro, vese na obriga de fuxir canda o pai ata o l\u00edmite da Zona Vedada.<\/p>\n<p><img decoding=\"async\" src=\"https:\/\/www.europesays.com\/es\/wp-content\/uploads\/2025\/10\/dcd7bb05-e96a-4dba-82b6-65c2ac0fb609_source-aspect-ratio_default_0.jpg\" width=\"111\" height=\"159\" loading=\"lazy\" class=\"ft-helper-img-rd\" alt=\"Imagen\" title=\"Imagen\"\/><\/p>\n<p>O corvo sobre a neve<\/p>\n<p class=\"ft-text\">\n<b>Autor:<\/b> Andrea Maceiras\n<\/p>\n<p class=\"ft-text\">\n<b>Editorial:<\/b> Xerais\n<\/p>\n<p class=\"ft-text\">\n<b>N\u00ba de p\u00e1ginas:<\/b> 240\n<\/p>\n<p>Los m\u00e1s vendidos<\/p>\n<p class=\"ft-text\"><strong>Ficci\u00f3n<\/strong><\/p>\n<ol class=\"ft-list ft-list--numbered\">\n<li class=\"ft-list__item\"><strong>El c\u00edrculo de los d\u00edas. <\/strong>Ken Follet (Plaza &amp; Jan\u00e9s).\u00a0<\/li>\n<li class=\"ft-list__item\"><strong>El \u00faltimo secreto. <\/strong>Dan Brown (Planeta).\u00a0\u00a0<\/li>\n<li class=\"ft-list__item\"><strong>Misi\u00f3n en Par\u00eds. <\/strong>Arturo P\u00e9rez-Reverte (Alfaguara).<\/li>\n<li class=\"ft-list__item\"><strong>El susurro del fuego. <\/strong>Javier Castillo (Suma Editorial).\u00a0<\/li>\n<li class=\"ft-list__item\"><strong>Morir en la arena. <\/strong>Leonardo Padura (Tusquets).<\/li>\n<\/ol>\n<p class=\"ft-text\"><strong>No Ficci\u00f3n<\/strong><\/p>\n<ol class=\"ft-list ft-list--numbered\">\n<li class=\"ft-list__item\"><strong>Supersanos.<\/strong> Manuel Viso (Harper Collins).<\/li>\n<li class=\"ft-list__item\"><strong>Mar en calma. <\/strong>Mar Flores (La Esfera de los Libros).<\/li>\n<li class=\"ft-list__item\"><strong>Ego y supraconciencia. <\/strong>Manuel Sans Segarra (Planeta)<\/li>\n<li class=\"ft-list__item\"><strong>El loco de Dios en el fin del mundo. <\/strong>Javier Cercas (Random House).<\/li>\n<li class=\"ft-list__item\"><strong>Curando el mundo. <\/strong>Diego Glez. Rivas (P &amp; J).<\/li>\n<\/ol>\n<p class=\"ft-text\"><strong>En galego<\/strong><\/p>\n<ol class=\"ft-list ft-list--numbered\">\n<li class=\"ft-list__item\"><strong>A lei do mar<\/strong>. Manuel Esteban (Xerais).<\/li>\n<li class=\"ft-list__item\"><strong>O libro do Borbolig\u00f3n. <\/strong>Elena Gallego (Xerais).<\/li>\n<li class=\"ft-list__item\"><strong>Mulleres que viven xuntas. <\/strong>Abril Camino (Xerais).<\/li>\n<li class=\"ft-list__item\"><strong>Erin e o lobo. <\/strong>\u00c9rica Esmor\u00eda (Xerais).<\/li>\n<li class=\"ft-list__item\"><strong>O lanzador de coitelos. <\/strong>Fernando Castro Paredes (Galaxia).<\/li>\n<\/ol>\n<p class=\"ft-text\">Colaboraci\u00f3n de Casa del Libro (Vigo) y Librer\u00eda Miranda (Bueu)<\/p>\n<p data-close=\"closedContent\" class=\"subscribeHideForDisplay\">Suscr\u00edbete para seguir leyendo<\/p>\n","protected":false},"excerpt":{"rendered":"Las buenas nochesIsaac Rosa Un d\u00eda cualquiera a altas horas de la madrugada dos desconocidos se encuentran en&hellip;\n","protected":false},"author":2,"featured_media":168920,"comment_status":"","ping_status":"","sticky":false,"template":"","format":"standard","meta":{"footnotes":""},"categories":[172],"tags":[224,146,147,25,24,225,34152,671,22511,773,23],"class_list":{"0":"post-168919","1":"post","2":"type-post","3":"status-publish","4":"format-standard","5":"has-post-thumbnail","7":"category-libros","8":"tag-books","9":"tag-entertainment","10":"tag-entretenimiento","11":"tag-es","12":"tag-espana","13":"tag-libros","14":"tag-libros-recomendados","15":"tag-literatura","16":"tag-recomendados","17":"tag-semana","18":"tag-spain"},"share_on_mastodon":{"url":"","error":""},"_links":{"self":[{"href":"https:\/\/www.europesays.com\/es\/wp-json\/wp\/v2\/posts\/168919","targetHints":{"allow":["GET"]}}],"collection":[{"href":"https:\/\/www.europesays.com\/es\/wp-json\/wp\/v2\/posts"}],"about":[{"href":"https:\/\/www.europesays.com\/es\/wp-json\/wp\/v2\/types\/post"}],"author":[{"embeddable":true,"href":"https:\/\/www.europesays.com\/es\/wp-json\/wp\/v2\/users\/2"}],"replies":[{"embeddable":true,"href":"https:\/\/www.europesays.com\/es\/wp-json\/wp\/v2\/comments?post=168919"}],"version-history":[{"count":0,"href":"https:\/\/www.europesays.com\/es\/wp-json\/wp\/v2\/posts\/168919\/revisions"}],"wp:featuredmedia":[{"embeddable":true,"href":"https:\/\/www.europesays.com\/es\/wp-json\/wp\/v2\/media\/168920"}],"wp:attachment":[{"href":"https:\/\/www.europesays.com\/es\/wp-json\/wp\/v2\/media?parent=168919"}],"wp:term":[{"taxonomy":"category","embeddable":true,"href":"https:\/\/www.europesays.com\/es\/wp-json\/wp\/v2\/categories?post=168919"},{"taxonomy":"post_tag","embeddable":true,"href":"https:\/\/www.europesays.com\/es\/wp-json\/wp\/v2\/tags?post=168919"}],"curies":[{"name":"wp","href":"https:\/\/api.w.org\/{rel}","templated":true}]}}