{"id":168981,"date":"2025-10-11T06:04:10","date_gmt":"2025-10-11T06:04:10","guid":{"rendered":"https:\/\/www.europesays.com\/es\/168981\/"},"modified":"2025-10-11T06:04:10","modified_gmt":"2025-10-11T06:04:10","slug":"el-vestido-de-novia-de-victoria-lopez-de-la-serna-al-detalle","status":"publish","type":"post","link":"https:\/\/www.europesays.com\/es\/168981\/","title":{"rendered":"el vestido de novia de Victoria L\u00f3pez de la Serna al detalle"},"content":{"rendered":"<p id=\"eXYZCd9yeW\" data-wc=\"78\">Octubre arrancaba como una celebraci\u00f3n al amor, con un primer fin de semana en el que diversos rostros conocidos pronunciaron el &#8216;s\u00ed, quiero&#8217;. Si <a class=\"hm-link ho-link\" href=\"https:\/\/www.hola.com\/novias\/20251004859084\/barbara-mirjan-vestido-novia-navascues-tiara-boda-cayetano-martinez-de-irujo-sevilla\/\" rel=\"noopener nofollow\" target=\"_blank\" data-mrf-recirculation=\"article-body-link\">Cayetano Mart\u00ednez de Irujo y B\u00e1rbara Mirjan<\/a> celebraban su boda en Sevilla, <strong>Rafael del Pino Jr. y Victoria L\u00f3pez de la Serna<\/strong> hac\u00edan lo propio en la Costa del Sol, con una emotiva ceremonia religiosa en la Parroquia de Santa Ana, una construcci\u00f3n del siglo XVIII ubicada en la localidad de Manilva, en M\u00e1laga.<\/p>\n<p> <img src=\"https:\/\/www.europesays.com\/es\/wp-content\/uploads\/2025\/10\/8769b41a5ecf-968-madphoto-press-abl-29.jpg\"   width=\"2500\" height=\"3728\" loading=\"lazy\" decoding=\"async\" alt=\"Victoria L\u00f3pez de la Serna durante su boda\" fetchpriority=\"auto\" class=\"image ho-image\"\/>\u00a9 MADPHOTO PRESS<\/p>\n<p id=\"eF-QyNVmy5y\" data-wc=\"66\">Fue el s\u00e1bado 4 de octubre cuando <a class=\"hm-link ho-link\" href=\"https:\/\/www.hola.com\/actualidad\/20251002859141\/rafael-del-pino-boda-hijo-rafael-marbella\/\" rel=\"noopener nofollow\" target=\"_blank\" data-mrf-recirculation=\"article-body-link\">el hijo menor del presidente de Ferrovial, Rafael del Pino<\/a>, se cas\u00f3 con su pareja, hija de los galeristas Javier L\u00f3pez Granados y Gaella de la Serna. Una boda de tarde que se llev\u00f3 a cabo pasadas las cinco, momento en el que la novia llegaba radiante al templo, montada en un Aston Martin gris junto a su padre.<\/p>\n<p id=\"eI3hHACTvG\" data-wc=\"50\">Se desvel\u00f3 entonces uno de los secretos mejor guardados del d\u00eda: <strong>el vestido de novia de Victoria L\u00f3pez de la Serna<\/strong>, toda una sorpresa. Y es que la protagonista escog\u00eda un sencillo dise\u00f1o de l\u00edneas limpias e impecables, pero con detalles que lograban hacer de su look uno muy especial.<\/p>\n<p> <img src=\"https:\/\/www.europesays.com\/es\/wp-content\/uploads\/2025\/10\/f10793c96825-968-madphoto-press-abl-25.jpg\"   width=\"2500\" height=\"3610\" loading=\"lazy\" decoding=\"async\" alt=\"Victoria L\u00f3pez de la Serna\" fetchpriority=\"auto\" class=\"image ho-image\"\/>\u00a9 MADPHOTO PRESS<\/p>\n<p id=\"e8DBb_Wxvx\" data-wc=\"77\">Se trataba de un <strong>vestido cl\u00e1sico de escote barco y tirantes<\/strong>, sin duda adecuado para este veranillo de San Miguel, que parece alargarse este oto\u00f1o y que en Andaluc\u00eda, donde se celebr\u00f3 el enlace, destaca por sus temperaturas especialmente suaves. Una creaci\u00f3n recta y ajustada al cuerpo, que cuenta con costuras marcadas que se abren en la parte inferior con godets para crear amplitud en la falda. Esta, estaba adornada por <strong>flores tridimensionales y peque\u00f1os cristales<\/strong> bordados.<\/p>\n<p id=\"e3KHUOfOH9O\" data-wc=\"45\">Una elecci\u00f3n elegante y minimalista, en la que <a class=\"hm-link ho-link\" href=\"https:\/\/www.hola.com\/novias\/20250211813058\/velo-de-novia-segun-vestido-estilo\/\" rel=\"noopener nofollow\" target=\"_blank\" data-mrf-recirculation=\"article-body-link\">el velo ten\u00eda un papel clave<\/a>. Era un modelo largo, tambi\u00e9n con cristales bordados, que llevaba <strong>sujeto sobre su mo\u00f1o pulido, un peinado de estilo a\u00f1os 50<\/strong>, con el que dejaba ver unos preciosos pendientes de diamantes.<\/p>\n<p>  <img src=\"https:\/\/www.europesays.com\/es\/wp-content\/uploads\/2025\/10\/e4e84b792495-968-madphoto-press-abl-39cut.jpg\"   width=\"1080\" height=\"1800\" loading=\"lazy\" decoding=\"async\" alt=\"Rafael del Pino Jr. y Victoria L\u00f3pez de la Serna\" fetchpriority=\"auto\" class=\"image ho-image\"\/>\u00a9 MADPHOTO PRESS<\/p>\n<p>  <img src=\"https:\/\/www.europesays.com\/es\/wp-content\/uploads\/2025\/10\/725be771d7b4-968-madphoto-press-abl-44.jpg\"   width=\"1080\" height=\"1800\" loading=\"lazy\" decoding=\"async\" alt=\"Victoria L\u00f3pez de la Serna boda\" fetchpriority=\"auto\" class=\"image ho-image\"\/>\u00a9 MADPHOTO PRESS<\/p>\n<p id=\"eIo5O3ZBSO\" data-wc=\"40\">Para completar su estilismo nupcial, apost\u00f3 por un ramo tipo bouquet\u00a0de diferentes flores, entre las que destacaban rosas en tonos crema y margaritas rosas y flor de manzanilla, una composici\u00f3n equilibrada, alegre y natural, muy acorde a su vestido.<\/p>\n<p id=\"edYeiEWrrc\" data-wc=\"72\">Despu\u00e9s de la ceremonia religiosa, los asistentes se trasladaron a la Finca Cortes\u00edn, un lujoso espacio situado en la localidad de Casares, donde se celebr\u00f3 el c\u00f3ctel y despu\u00e9s la cena. Entre los invitados a la boda, no faltaron Alberto Cortina y su mujer, Elena Cu\u00e9, los duques de Terranova, Gonzalo de la Cierva y Patricia Ol-medilla o Xandra Falc\u00f3, que asisti\u00f3 junto a su suegra, la duquesa de Almod\u00f3var del R\u00edo.<\/p>\n","protected":false},"excerpt":{"rendered":"Octubre arrancaba como una celebraci\u00f3n al amor, con un primer fin de semana en el que diversos rostros&hellip;\n","protected":false},"author":2,"featured_media":168982,"comment_status":"","ping_status":"","sticky":false,"template":"","format":"standard","meta":{"footnotes":""},"categories":[174],"tags":[12168,255,146,147,25,24,256,17153,23,35459],"class_list":{"0":"post-168981","1":"post","2":"type-post","3":"status-publish","4":"format-standard","5":"has-post-thumbnail","7":"category-famosos","8":"tag-bodas-de-famosos","9":"tag-celebrities","10":"tag-entertainment","11":"tag-entretenimiento","12":"tag-es","13":"tag-espana","14":"tag-famosos","15":"tag-novias","16":"tag-spain","17":"tag-vestidos-de-novia"},"share_on_mastodon":{"url":"","error":""},"_links":{"self":[{"href":"https:\/\/www.europesays.com\/es\/wp-json\/wp\/v2\/posts\/168981","targetHints":{"allow":["GET"]}}],"collection":[{"href":"https:\/\/www.europesays.com\/es\/wp-json\/wp\/v2\/posts"}],"about":[{"href":"https:\/\/www.europesays.com\/es\/wp-json\/wp\/v2\/types\/post"}],"author":[{"embeddable":true,"href":"https:\/\/www.europesays.com\/es\/wp-json\/wp\/v2\/users\/2"}],"replies":[{"embeddable":true,"href":"https:\/\/www.europesays.com\/es\/wp-json\/wp\/v2\/comments?post=168981"}],"version-history":[{"count":0,"href":"https:\/\/www.europesays.com\/es\/wp-json\/wp\/v2\/posts\/168981\/revisions"}],"wp:featuredmedia":[{"embeddable":true,"href":"https:\/\/www.europesays.com\/es\/wp-json\/wp\/v2\/media\/168982"}],"wp:attachment":[{"href":"https:\/\/www.europesays.com\/es\/wp-json\/wp\/v2\/media?parent=168981"}],"wp:term":[{"taxonomy":"category","embeddable":true,"href":"https:\/\/www.europesays.com\/es\/wp-json\/wp\/v2\/categories?post=168981"},{"taxonomy":"post_tag","embeddable":true,"href":"https:\/\/www.europesays.com\/es\/wp-json\/wp\/v2\/tags?post=168981"}],"curies":[{"name":"wp","href":"https:\/\/api.w.org\/{rel}","templated":true}]}}