{"id":168983,"date":"2025-10-11T06:05:12","date_gmt":"2025-10-11T06:05:12","guid":{"rendered":"https:\/\/www.europesays.com\/es\/168983\/"},"modified":"2025-10-11T06:05:12","modified_gmt":"2025-10-11T06:05:12","slug":"mande-una-foto-por-si-acaso-y-recibi-una-mencion-de-honor","status":"publish","type":"post","link":"https:\/\/www.europesays.com\/es\/168983\/","title":{"rendered":"\u00abMand\u00e9 una foto por si acaso y recib\u00ed una Menci\u00f3n de Honor\u00bb"},"content":{"rendered":"<p>El fot\u00f3grafo palentino Juan Pexelecta recibi\u00f3 una menci\u00f3n de honor en el festival MontPhoto en la categor\u00eda Arte en la naturaleza por su instant\u00e1nea Paisaje japon\u00e9s rocoso. Adem\u00e1s, el centro cultural provincial tiene en activo una exposici\u00f3n de 28 fotograf\u00edas suyas sobre la Monta\u00f1a Palentina, como homenaje a su 25 aniversario hasta el 24 de octubre.<\/p>\n<p>M\u00e1s de 13.000 im\u00e1genes recibidas en el festival MontPhoto y su instant\u00e1nea Paisaje japon\u00e9s rocoso recibi\u00f3 un Menci\u00f3n de Honor. \u00bfC\u00f3mo se siente?<br \/>Montphoto es un prestigioso concurso internacional de fotograf\u00eda de naturaleza y muy dificultoso. Es un reto al que aspiramos muchos cazadores de momentos. \u00bfC\u00f3mo me siento? A modo de ejemplo y para que nos entiendan los futboleros, lograr una Menci\u00f3n de Honor en este festival es como que un equipo de Primera Divisi\u00f3n logra puestos de Champions (risas).<\/p>\n<p>\u00bfCu\u00e1l cree que fue la clave para que destacase tanto? \u00bfQu\u00e9 quer\u00eda expresar a trav\u00e9s de ella?<br \/>Tengo que confesar que esta foto es de esas que mandas por si acaso. Es decir, que piensas que no es la mejor, porque crees que no se va a entender como t\u00fa la entiendes. Consideras que ese paisaje del arbolito, las colinas y las olas del mar van a pasar inadvertidas para el jurado.<\/p>\n<p>No es la primera Menci\u00f3n de Honor. \u00bfCu\u00e1l de las cinco que ha recibido en su carrera ha sido la m\u00e1s importante para usted?<br \/>De las cinco, la que m\u00e1s me motiv\u00f3 es la que logr\u00e9 el a\u00f1o pasado en la categor\u00eda de Arte de la naturaleza. Es la m\u00e1s importante para m\u00ed, porque la realic\u00e9 en la Monta\u00f1a Palentina. \u00a0Se trataba de una fotograf\u00eda de un robledal lleno de lirones. Apliqu\u00e9 una t\u00e9cnica que le otorg\u00f3 un aspecto muy pict\u00f3rico.<\/p>\n<p>Tiene en activo la exposici\u00f3n Monta\u00f1a Palentina en en centro cultural provincial que est\u00e1 teniendo mucho \u00e9xito. \u00bfPor qu\u00e9 la gente deber\u00eda seguir yendo a verla?<br \/>A los palentinos les dir\u00eda que, m\u00e1s que una exposici\u00f3n de fotos, vayan a ver su tierra, lo desapercibidamente bella que es, pues a buen seguro saldr\u00e1n orgullosos de ella. A los que no lo son, les insto a que vayan a verla, porque no se van a creer los tesoros que tiene por el norte una provincia tan discreta como Palencia.<\/p>\n<p>\u00bfCu\u00e1les son los lugares que, seg\u00fan usted, son los m\u00e1s destacados de la Monta\u00f1a y que se pueden apreciar en su muestra?<br \/>Podr\u00eda empezar por el m\u00edtico y mitol\u00f3gico bosque milenario de Tosande, que es un fijo en la quiniela. Seguir por grandes colosos como Curavacas, Espig\u00fcete, Pe\u00f1alabra y otros muchos, pero quiero hacer \u00e9nfasis en tres o cuatro lugares que me apasionan. Destacar\u00eda el singular r\u00edo Camesa, con su piedra rojiza, ambiente buc\u00f3lico y ensalzado por el Puente de Rojadillo, la belleza de la Sinclinal de la Verdiana (mi monta\u00f1a favorita), la pared del Ribero Pintado. Y, por \u00faltimo, la bell\u00edsima senda de los Rojos, con las vistas de Cantabria y Picos de Europa en un lado y la Monta\u00f1a Palentina en el otro.<\/p>\n<p>\u00bfCree que los palentinos saben realmente todo lo que tiene la Monta\u00f1a Palentina?<br \/>No habr\u00e1 m\u00e1s que una docena de palentinos que sepan todo lo que hay en ese Parque Natural, y yo no estoy entre ellos. Hay que pensar que es m\u00e1s grande que todo el de Picos de Europa. As\u00ed que mire si hay cosas por mostrar. Y algunas que a\u00fan se est\u00e1n descubriendo.<\/p>\n","protected":false},"excerpt":{"rendered":"El fot\u00f3grafo palentino Juan Pexelecta recibi\u00f3 una menci\u00f3n de honor en el festival MontPhoto en la categor\u00eda Arte&hellip;\n","protected":false},"author":2,"featured_media":168984,"comment_status":"","ping_status":"","sticky":false,"template":"","format":"standard","meta":{"footnotes":""},"categories":[173],"tags":[229,233,231,230,2771,49296,232,234,146,147,25,24,241,7943,7944,6442,1945,49297,23],"class_list":{"0":"post-168983","1":"post","2":"type-post","3":"status-publish","4":"format-standard","5":"has-post-thumbnail","7":"category-arte-y-diseno","8":"tag-arte","9":"tag-arte-y-diseno","10":"tag-arts","11":"tag-arts-and-design","12":"tag-cantabria","13":"tag-centro-cultural-provincial","14":"tag-design","15":"tag-diseno","16":"tag-entertainment","17":"tag-entretenimiento","18":"tag-es","19":"tag-espana","20":"tag-exposiciones","21":"tag-la-montana","22":"tag-montana-palentina","23":"tag-palencia","24":"tag-primera-division","25":"tag-rio-camesa","26":"tag-spain"},"share_on_mastodon":{"url":"","error":""},"_links":{"self":[{"href":"https:\/\/www.europesays.com\/es\/wp-json\/wp\/v2\/posts\/168983","targetHints":{"allow":["GET"]}}],"collection":[{"href":"https:\/\/www.europesays.com\/es\/wp-json\/wp\/v2\/posts"}],"about":[{"href":"https:\/\/www.europesays.com\/es\/wp-json\/wp\/v2\/types\/post"}],"author":[{"embeddable":true,"href":"https:\/\/www.europesays.com\/es\/wp-json\/wp\/v2\/users\/2"}],"replies":[{"embeddable":true,"href":"https:\/\/www.europesays.com\/es\/wp-json\/wp\/v2\/comments?post=168983"}],"version-history":[{"count":0,"href":"https:\/\/www.europesays.com\/es\/wp-json\/wp\/v2\/posts\/168983\/revisions"}],"wp:featuredmedia":[{"embeddable":true,"href":"https:\/\/www.europesays.com\/es\/wp-json\/wp\/v2\/media\/168984"}],"wp:attachment":[{"href":"https:\/\/www.europesays.com\/es\/wp-json\/wp\/v2\/media?parent=168983"}],"wp:term":[{"taxonomy":"category","embeddable":true,"href":"https:\/\/www.europesays.com\/es\/wp-json\/wp\/v2\/categories?post=168983"},{"taxonomy":"post_tag","embeddable":true,"href":"https:\/\/www.europesays.com\/es\/wp-json\/wp\/v2\/tags?post=168983"}],"curies":[{"name":"wp","href":"https:\/\/api.w.org\/{rel}","templated":true}]}}