{"id":168987,"date":"2025-10-11T06:07:07","date_gmt":"2025-10-11T06:07:07","guid":{"rendered":"https:\/\/www.europesays.com\/es\/168987\/"},"modified":"2025-10-11T06:07:07","modified_gmt":"2025-10-11T06:07:07","slug":"trailer-y-fecha-de-estreno-de-la-nueva-precuela-de-juego-de-tronos","status":"publish","type":"post","link":"https:\/\/www.europesays.com\/es\/168987\/","title":{"rendered":"tr\u00e1iler y fecha de estreno de la nueva precuela de &#8216;Juego de tronos&#8217;"},"content":{"rendered":"<p class=\"c-paragraph\"><b>HBO Max <\/b>sigue expandiendo\u00a0<b>Juego de tronos<\/b> y, tras\u00a0<b><a href=\"https:\/\/www.20minutos.es\/cinemania\/minuteca\/la-casa-del-dragon\/\" title=\"La casa del drag\u00f3n\" rel=\"nofollow noopener\" target=\"_blank\">La casa del drag\u00f3n<\/a>, <\/b>ya se prepara para el estreno de la\u00a0nueva precuela del universo creado por<b> George R. R. Martin<\/b> en los libros de\u00a0Canci\u00f3n de hielo y fuego.\u00a0<\/p>\n<p class=\"c-paragraph\">La serie se titula\u00a0<b><a href=\"https:\/\/www.20minutos.es\/cinemania\/series\/caballero-siete-reinos-quien-es-quien-reparto-actores-donde-antes-5582192\/\" title=\"&#039;El caballero de los Siete Reinos&#039;: qui\u00e9n es qui\u00e9n en el reparto y d\u00f3nde los has visto antes\" rel=\"nofollow noopener\" target=\"_blank\">El caballero de los Siete Reinos<\/a><\/b> y\u00a0se basa en la trilog\u00eda de novelas publicadas por el mismo Martin y centradas en las aventuras de <b>Dunk y Egg<\/b>, el caballero Ser Duncan el Alto y el futuro rey Aegon V Targaryen, respectivamente. Los t\u00edtulos son: El caballero errante, La espada leal y El caballero misterioso.\u00a0<\/p>\n<p class=\"c-paragraph\">La plataforma acaba de confirmar que el regreso a Poniente est\u00e1 cerca con el anuncio de la fecha de estreno de la ficci\u00f3n, que llegar\u00e1 <b>el 19 de enero de 2026 <\/b>a su cat\u00e1logo.<\/p>\n<p>&#8216;El caballero de los Siete Reinos&#8217;: tr\u00e1iler oficial<\/p>\n<p class=\"c-paragraph\">Coincidiendo con el anuncio de la fecha de estreno, <b>HBO Max <\/b>tambi\u00e9n ha publicado el primer <b>tr\u00e1iler oficial completo <\/b>de la serie, que puedes ver a continuaci\u00f3n.<\/p>\n<p>&#8216;El caballero de los Siete Reinos&#8217;: sinopsis<\/p>\n<p class=\"c-paragraph\">El t\u00edtulo completo de la primera entrega de la serie es\u00a0<b>El caballero de los Siete Reinos: El caballero errante<\/b> y narrar\u00e1 los hechos ocurridos en el primero de los tres cuentos.\u00a0<\/p>\n<p class=\"c-paragraph\">Los libros narran c\u00f3mo el caballero errante <b>Dunk\u00a0<\/b>se encuentra con un ni\u00f1o con la cabeza rapada en el camino a un torneo, <b>Egg<\/b>, y le termina tomando como su escudero. Despu\u00e9s de que Dunk descubra que el ni\u00f1o<b>\u00a0<\/b>es en realidad <b>Aegon V, <\/b>heredero en la l\u00ednea sucesoria del Trono de Hierro, le entrenar\u00e1 para que sea mejor caballero que su hermano Aerion.\u00a0<\/p>\n<p class=\"c-paragraph\">La primera temporada se centrar\u00e1 en la amistad entre caballero y escudero, y en sus viajes y aventuras por Poniente en tiempos de paz, algo poco com\u00fan en el Reino.<\/p>\n<p><b>&#8216;El caballero de los Siete Reinos&#8217;: reparto<\/b><\/p>\n<p class=\"c-paragraph\"><b>Peter Claffey<\/b>\u00a0(Vikingos: Valhalla) encarnar\u00e1 a <b>Ser Duncan el Alto (Dunk)<\/b>, y <b>Dexter Sol Ansell <\/b>(el joven Coriolanus Snow de Los juegos del hambre: Balada de p\u00e1jaros cantores y serpientes) ser\u00e1 <b>el joven Aegon V (Egg)<\/b>.\u00a0Adem\u00e1s, contar\u00e1 con\u00a0Finn Bennett como Aerion Targaryen, Bertie Carvel como Baelor Targaryen, Tanzyn Crawford como Tanselle, Daniel Ings como Ser Lyonel Barotheon y Sam Spruell como Maekar Targaryen.<\/p>\n<p class=\"c-paragraph\">El mismo <b>George R.R. Martin e Ira Parker<\/b> son los guionistas y productores ejecutivos de la serie, que constar\u00e1 de <b>seis episodios<\/b>, tres de los cuales dirigidos por <b>Owen Harris<\/b> y los otros tres por <b>Sarah Adina Smith<\/b>.<\/p>\n<p><b>&#8216;El caballero de los Siete Reinos&#8217;: fecha de estreno<\/b><\/p>\n<p class=\"c-paragraph\">HBO Max ha confirmado que El caballero de los Siete Reinos llegar\u00e1 el 19 de enero, en tan solo tres meses. De momento, la tercera temporada de La casa del drag\u00f3n no tiene fecha de lanzamiento, pero de estrenarse el a\u00f1o que viene, podr\u00edamos disfrutar de dos series del universo nacido de Juego de tronos en 2026.<\/p>\n","protected":false},"excerpt":{"rendered":"HBO Max sigue expandiendo\u00a0Juego de tronos y, tras\u00a0La casa del drag\u00f3n, ya se prepara para el estreno de&hellip;\n","protected":false},"author":2,"featured_media":168988,"comment_status":"","ping_status":"","sticky":false,"template":"","format":"standard","meta":{"footnotes":""},"categories":[171],"tags":[1877,178,146,147,25,24,49298,24169,49299,23,214],"class_list":{"0":"post-168987","1":"post","2":"type-post","3":"status-publish","4":"format-standard","5":"has-post-thumbnail","7":"category-tv","8":"tag-cinemania-series","9":"tag-cinemania-streaming","10":"tag-entertainment","11":"tag-entretenimiento","12":"tag-es","13":"tag-espana","14":"tag-george-r-r-martin","15":"tag-juego-de-tronos","16":"tag-la-casa-del-dragon","17":"tag-spain","18":"tag-tv"},"share_on_mastodon":{"url":"","error":""},"_links":{"self":[{"href":"https:\/\/www.europesays.com\/es\/wp-json\/wp\/v2\/posts\/168987","targetHints":{"allow":["GET"]}}],"collection":[{"href":"https:\/\/www.europesays.com\/es\/wp-json\/wp\/v2\/posts"}],"about":[{"href":"https:\/\/www.europesays.com\/es\/wp-json\/wp\/v2\/types\/post"}],"author":[{"embeddable":true,"href":"https:\/\/www.europesays.com\/es\/wp-json\/wp\/v2\/users\/2"}],"replies":[{"embeddable":true,"href":"https:\/\/www.europesays.com\/es\/wp-json\/wp\/v2\/comments?post=168987"}],"version-history":[{"count":0,"href":"https:\/\/www.europesays.com\/es\/wp-json\/wp\/v2\/posts\/168987\/revisions"}],"wp:featuredmedia":[{"embeddable":true,"href":"https:\/\/www.europesays.com\/es\/wp-json\/wp\/v2\/media\/168988"}],"wp:attachment":[{"href":"https:\/\/www.europesays.com\/es\/wp-json\/wp\/v2\/media?parent=168987"}],"wp:term":[{"taxonomy":"category","embeddable":true,"href":"https:\/\/www.europesays.com\/es\/wp-json\/wp\/v2\/categories?post=168987"},{"taxonomy":"post_tag","embeddable":true,"href":"https:\/\/www.europesays.com\/es\/wp-json\/wp\/v2\/tags?post=168987"}],"curies":[{"name":"wp","href":"https:\/\/api.w.org\/{rel}","templated":true}]}}