{"id":168998,"date":"2025-10-11T06:15:10","date_gmt":"2025-10-11T06:15:10","guid":{"rendered":"https:\/\/www.europesays.com\/es\/168998\/"},"modified":"2025-10-11T06:15:10","modified_gmt":"2025-10-11T06:15:10","slug":"el-acuerdo-con-hamas-devuelve-la-esperanza-a-israel-ojala-la-muerte-de-mi-sobrino-traiga-paz","status":"publish","type":"post","link":"https:\/\/www.europesays.com\/es\/168998\/","title":{"rendered":"El acuerdo con Ham\u00e1s devuelve la esperanza a Israel: \u00abOjal\u00e1 la muerte de mi sobrino traiga paz\u00bb"},"content":{"rendered":"<p>          <img decoding=\"async\" class=\"c-ad__placeholder__logo\" src=\"https:\/\/static.euronews.com\/website\/images\/logos\/logo-euronews-stacked-outlined-72x72-grey-9.svg\" width=\"72\" height=\"72\" alt=\"\" loading=\"lazy\"\/><br \/>\n          PUBLICIDAD<\/p>\n<p>El Gobierno de Israel aprob\u00f3 este viernes <a href=\"https:\/\/es.euronews.com\/2025\/10\/10\/el-ejecutivo-israeli-aprueba-el-plan-de-trump-sobre-el-alto-el-fuego-en-gaza\" rel=\"nofollow noopener\" target=\"_blank\"><strong>el plan propuesto por el presidente estadounidense<\/strong><\/a>, Donald Trump, para establecer <strong>un alto el fuego en Gaza y garantizar la liberaci\u00f3n de todos los rehenes israel\u00edes<\/strong> -tanto los que siguen con vida como los cuerpos de quienes fueron asesinados- que permanecen en manos de Ham\u00e1s.<\/p>\n<p>El acuerdo, alcanzado el jueves con la mediaci\u00f3n de Qatar, Egipto y Turqu\u00eda, ofrece <strong>una nueva esperanza a las familias<\/strong> que a\u00fan esperan poder recuperar a sus seres queridos. La familia de Adriana Adar es una de ellas. Su sobrino, Tamir, maestro y agricultor, fue asesinado a los 38 a\u00f1os por el grupo terrorista durante el ataque del 7 de octubre de 2023, mientras trataba de proteger a los habitantes de su kibutz Nir Oz.<\/p>\n<p>M\u00e1s de dos a\u00f1os despu\u00e9s, <strong>su ausencia sigue siendo un vac\u00edo imposible de cerrar<\/strong>. Aquel d\u00eda \u00abperdimos un poco la inocencia\u00bb, confiesa Adriana en una entrevista exclusiva con &#8216;Euronews&#8217; desde la Plaza de los Rehenes, en el coraz\u00f3n de Tel Aviv. \u00abNo somos las mismas personas ahora\u00bb, a\u00f1ade.<\/p>\n<p>Lo que qued\u00f3 atr\u00e1s ya no existe: su familia est\u00e1 marcada por el cansancio, el miedo y la incertidumbre. La suegra de Adriana, Yaffa Adar, tambi\u00e9n fue secuestrada aquel 7 de octubre, con 85 a\u00f1os de edad, y <strong>permaneci\u00f3 dos meses cautiva en Gaza<\/strong>. Para la familia, su regreso fue un alivio dentro de la tragedia: \u00abElla volvi\u00f3 con muchas ganas de vivir\u00bb, dice, consciente de que cada d\u00eda sigue siendo <a href=\"https:\/\/es.euronews.com\/2023\/12\/11\/las-secuelas-fisicas-y-psicologicas-de-los-ninos-rehenes-de-hamas\" rel=\"nofollow noopener\" target=\"_blank\"><strong>una lucha contra el trauma y el peso de lo vivido<\/strong><\/a>.<\/p>\n<p>Durante las primeras dos semanas de cautiverio, Yaffa estuvo completamente sola, herida y confinada en una casa, sin poder moverse libremente ni acceder al ba\u00f1o. M\u00e1s tarde, fue trasladada a un edificio que se presentaba como un hospital, pero que en realidad era un centro de detenci\u00f3n. En una habitaci\u00f3n de apenas cinco por cuatro metros convivi\u00f3 durante un mes con otras diez personas, <strong>sin ventilaci\u00f3n, sin agua y con escasa comida<\/strong>. \u00abLos j\u00f3venes cuidaban a los mayores, y los mayores consolaban a los peque\u00f1os\u00bb.<\/p>\n<p>A su regreso, Yaffa estaba demacrada y d\u00e9bil, pero su esp\u00edritu segu\u00eda intacto. Todav\u00eda se recupera, paso a paso, pero <strong>su mayor dolor es la ausencia de su nieto mayor<\/strong>. Solo al regresar a casa supo que Tamir hab\u00eda muerto defendiendo su comunidad. Su cuerpo sigue desaparecido, y la familia espera que sea entregado como parte del nuevo acuerdo.<\/p>\n<p>\u00abAl principio pens\u00e1bamos que no importaba si su cuerpo estaba aqu\u00ed o no\u00bb, confiesa Adriana. \u00abPero con el tiempo entendimos que sin despedirnos, sin un lugar donde llorar, nada se cierra. <strong>Los ni\u00f1os siguen preguntando d\u00f3nde est\u00e1 su pap\u00e1<\/strong>. Se fue una ma\u00f1ana y nunca volvi\u00f3. No pueden entender por qu\u00e9 ni siquiera tienen un sitio al que ir a hablarle\u00bb, explica.<\/p>\n<p>Tamir trabajaba con adolescentes con dificultades y en la irrigaci\u00f3n de los campos del kibutz. Era, seg\u00fan su t\u00eda, <strong>\u00abuna persona generosa, alegre y amante de la vida\u00bb<\/strong>. Cuando comenz\u00f3 el ataque, dej\u00f3 a su esposa y a sus dos hijos, de 4 y 8 a\u00f1os, en el refugio y sali\u00f3 a defender su hogar. Pens\u00f3 que volver\u00eda en diez minutos. Nunca regres\u00f3.<\/p>\n<p>\u00abQue vuelvan los vivos para rehabilitarse, y que <a href=\"https:\/\/es.euronews.com\/2025\/10\/09\/una-noticia-extraordinaria-el-mundo-respira-aliviado-por-el-acuerdo-de-paz-entre-israel-y-\" rel=\"nofollow noopener\" target=\"_blank\">los muertos vuelvan para descansar en paz<\/a>\u00ab, dice Adriana, convencida de que <strong>la sociedad israel\u00ed no podr\u00e1 sanar<\/strong> hasta que todos los rehenes -vivos o muertos- regresen a casa.<\/p>\n<p>Y aun as\u00ed, conserva la esperanza. \u00ab<strong>Siempre so\u00f1\u00e9 con la paz<\/strong>\u00ab, asegura al ser preguntada sobre el nuevo acuerdo de paz. \u00abAntes de la guerra, en nuestro kibutz ayud\u00e1bamos a los chicos de Gaza que necesitaban atenci\u00f3n m\u00e9dica; los tra\u00edamos nosotros mismos al hospital. <strong>Cre\u00edamos en la convivencia<\/strong>\u00ab. <\/p>\n<p>Hoy, pese a todo, mantiene ese anhelo. \u00abNo va a ser f\u00e1cil, ni para los israel\u00edes ni para los palestinos\u00bb, reconoce. \u00abPero quiz\u00e1s este acuerdo <strong>sea una puerta nueva que se abra.<\/strong> <strong>Ojal\u00e1 la muerte de mi sobrino traiga paz a Oriente Medio<\/strong>. Al menos sabremos que su valor y su bondad sirvieron para algo\u00bb. <\/p>\n","protected":false},"excerpt":{"rendered":"PUBLICIDAD El Gobierno de Israel aprob\u00f3 este viernes el plan propuesto por el presidente estadounidense, Donald Trump, para&hellip;\n","protected":false},"author":2,"featured_media":168999,"comment_status":"","ping_status":"","sticky":false,"template":"","format":"standard","meta":{"footnotes":""},"categories":[42],"tags":[17,18,10813,13,14,1258,75,11,61,62,63,64,74,19,20,9,10,15,16,12,21,22,65,66,67],"class_list":{"0":"post-168998","1":"post","2":"type-post","3":"status-publish","4":"format-standard","5":"has-post-thumbnail","7":"category-internacional","8":"tag-breaking-news","9":"tag-breakingnews","10":"tag-conflicto-palestino-israeli","11":"tag-featured-news","12":"tag-featurednews","13":"tag-guerra-israel-hamas","14":"tag-hamas","15":"tag-headlines","16":"tag-internacional","17":"tag-international","18":"tag-international-news","19":"tag-internationalnews","20":"tag-israel","21":"tag-latest-news","22":"tag-latestnews","23":"tag-news","24":"tag-noticias","25":"tag-noticias-destacadas","26":"tag-noticiasdestacadas","27":"tag-titulares","28":"tag-ultimas-noticias","29":"tag-ultimasnoticias","30":"tag-world","31":"tag-world-news","32":"tag-worldnews"},"share_on_mastodon":{"url":"","error":""},"_links":{"self":[{"href":"https:\/\/www.europesays.com\/es\/wp-json\/wp\/v2\/posts\/168998","targetHints":{"allow":["GET"]}}],"collection":[{"href":"https:\/\/www.europesays.com\/es\/wp-json\/wp\/v2\/posts"}],"about":[{"href":"https:\/\/www.europesays.com\/es\/wp-json\/wp\/v2\/types\/post"}],"author":[{"embeddable":true,"href":"https:\/\/www.europesays.com\/es\/wp-json\/wp\/v2\/users\/2"}],"replies":[{"embeddable":true,"href":"https:\/\/www.europesays.com\/es\/wp-json\/wp\/v2\/comments?post=168998"}],"version-history":[{"count":0,"href":"https:\/\/www.europesays.com\/es\/wp-json\/wp\/v2\/posts\/168998\/revisions"}],"wp:featuredmedia":[{"embeddable":true,"href":"https:\/\/www.europesays.com\/es\/wp-json\/wp\/v2\/media\/168999"}],"wp:attachment":[{"href":"https:\/\/www.europesays.com\/es\/wp-json\/wp\/v2\/media?parent=168998"}],"wp:term":[{"taxonomy":"category","embeddable":true,"href":"https:\/\/www.europesays.com\/es\/wp-json\/wp\/v2\/categories?post=168998"},{"taxonomy":"post_tag","embeddable":true,"href":"https:\/\/www.europesays.com\/es\/wp-json\/wp\/v2\/tags?post=168998"}],"curies":[{"name":"wp","href":"https:\/\/api.w.org\/{rel}","templated":true}]}}