{"id":169004,"date":"2025-10-11T06:18:10","date_gmt":"2025-10-11T06:18:10","guid":{"rendered":"https:\/\/www.europesays.com\/es\/169004\/"},"modified":"2025-10-11T06:18:10","modified_gmt":"2025-10-11T06:18:10","slug":"endereza-el-rumbo-a-tiempo","status":"publish","type":"post","link":"https:\/\/www.europesays.com\/es\/169004\/","title":{"rendered":"Endereza el rumbo a tiempo"},"content":{"rendered":"<p>Tan mal como 0-3 empez\u00f3 el partido de Artaleku y tan bien como 32-24 acab\u00f3, con un gol menos que la diferencia m\u00e1xima  &#8230; registrada. El Irudek Bidasoa Irun sigue invicto y regresa al liderato a la espera de lo que hagan sus rivales, sobre todo un Granollers que ma\u00f1ana visitar\u00e1 al Bar\u00e7a. Y el Huesca se queda en la zona de castigo, con s\u00f3lo dos puntos de diez disputados.<\/p>\n<p class=\"v-p\">Empez\u00f3 atacando el visitante y aprovech\u00f3 que el Bidasoa fall\u00f3 sus dos primeros ataques para ponerse con un inesperado 0-3 en el marcador. El Irudek Bidasoa Irun estaba desconocido, en el 2-5 ten\u00eda ya tres fallos de lanzamiento (dos desde siete metros) y dos balones perdidos. Alex Mozas cogi\u00f3 la tarjeta de tiempo muerto y estuvo a punto de pedirlo, pero aguant\u00f3 y fue el propio equipo quien cambi\u00f3 el rumbo del partido.<\/p>\n<p class=\"v-p\">La diferencia de tres se mantuvo hasta el 3-6, que fue la antesala de un parcial de 7-0 en siete minutos. Ya era de 2-0 cuando llegaron dos exclusiones casi seguidas del equipo oscense (3-0 en esos cuatro minutos) y sigui\u00f3 creciendo a pesar del tiempo muerto del equipo visitante en el 8-6. La m\u00e1quina amarilla hab\u00eda empezado a carburar y puso en el luminoso el 10-6, con goles de siete jugadores distintos, por partida doble Gorka Nieto, Xavi Tu\u00e0 y Xavi Gonz\u00e1lez.<\/p>\n<p class=\"v-p\">Aquel inicio nefasto hab\u00eda quedado enterrado y en la cancha se apreciaba ya la diferencia de potencial entre ambos equipos, aumentada cuando fueron saliendo desde el banquillo los jugadores bidasotarras a los que no se puede llamar suplentes porque por su calidad no lo son y simplemente les toc\u00f3 no salir de inicio y esperar a su momento. <\/p>\n<p class=\"v-p\">Por ejemplo, Rodrigo Salinas, que desde el minuto trece hasta el descanso hizo tres goles y provoc\u00f3 un penalti. Y con los &#8216;titulares&#8217; y los &#8216;suplentes&#8217;, el equipo bidasotarra lleg\u00f3 a tener seis goles de ventaja en el 14-8 y se fue al descanso con tres, 16-13. <\/p>\n<p class=\"v-p\">A la vuelta de vestuarios se mantuvo durante un tramo el pulso en la cancha, aunque no tanto en el marcador, que en los primeros diez minutos de la reanudaci\u00f3n fue creciendo hasta mostrar siete goles de diferencia, 23-16. <\/p>\n<p class=\"v-p\">El partido se estaba rompiendo, casi por inercia, y el Irudek Bidasoa Irun tuvo la oportunidad de demostrar que no s\u00f3lo saca ventaja en superioridades (7-1 en las cinco de ayer), sino que puede rizar el rizo y marcar un 3-0 en dos inferioridad. En total, se llev\u00f3 un 4-1 en sus ocho minutos con uno menos, algo que no suele ser habitual. <\/p>\n<p>Pr\u00f3xima estaci\u00f3n, Rumania<\/p>\n<p class=\"v-p\">El lunes los irundarras viajar\u00e1n a Ruman\u00eda, donde el martes (18.45) disputar\u00e1n el primer partido de la European League ante el Potaissa Turda. Ser\u00e1 un viaje de doble destino, sum\u00e1ndole la visita al Bar\u00e7a del pr\u00f3ximo viernes (21.00, Teledeporte).<\/p>\n","protected":false},"excerpt":{"rendered":"Tan mal como 0-3 empez\u00f3 el partido de Artaleku y tan bien como 32-24 acab\u00f3, con un gol&hellip;\n","protected":false},"author":2,"featured_media":169005,"comment_status":"","ping_status":"","sticky":false,"template":"","format":"standard","meta":{"footnotes":""},"categories":[278],"tags":[376,168,4779,25,24,375,1089,23,167,159],"class_list":{"0":"post-169004","1":"post","2":"type-post","3":"status-publish","4":"format-standard","5":"has-post-thumbnail","7":"category-balonmano","8":"tag-balonmano","9":"tag-deportes","10":"tag-endereza","11":"tag-es","12":"tag-espana","13":"tag-handball","14":"tag-rumbo","15":"tag-spain","16":"tag-sports","17":"tag-tiempo"},"share_on_mastodon":{"url":"","error":""},"_links":{"self":[{"href":"https:\/\/www.europesays.com\/es\/wp-json\/wp\/v2\/posts\/169004","targetHints":{"allow":["GET"]}}],"collection":[{"href":"https:\/\/www.europesays.com\/es\/wp-json\/wp\/v2\/posts"}],"about":[{"href":"https:\/\/www.europesays.com\/es\/wp-json\/wp\/v2\/types\/post"}],"author":[{"embeddable":true,"href":"https:\/\/www.europesays.com\/es\/wp-json\/wp\/v2\/users\/2"}],"replies":[{"embeddable":true,"href":"https:\/\/www.europesays.com\/es\/wp-json\/wp\/v2\/comments?post=169004"}],"version-history":[{"count":0,"href":"https:\/\/www.europesays.com\/es\/wp-json\/wp\/v2\/posts\/169004\/revisions"}],"wp:featuredmedia":[{"embeddable":true,"href":"https:\/\/www.europesays.com\/es\/wp-json\/wp\/v2\/media\/169005"}],"wp:attachment":[{"href":"https:\/\/www.europesays.com\/es\/wp-json\/wp\/v2\/media?parent=169004"}],"wp:term":[{"taxonomy":"category","embeddable":true,"href":"https:\/\/www.europesays.com\/es\/wp-json\/wp\/v2\/categories?post=169004"},{"taxonomy":"post_tag","embeddable":true,"href":"https:\/\/www.europesays.com\/es\/wp-json\/wp\/v2\/tags?post=169004"}],"curies":[{"name":"wp","href":"https:\/\/api.w.org\/{rel}","templated":true}]}}