{"id":169009,"date":"2025-10-11T06:24:19","date_gmt":"2025-10-11T06:24:19","guid":{"rendered":"https:\/\/www.europesays.com\/es\/169009\/"},"modified":"2025-10-11T06:24:19","modified_gmt":"2025-10-11T06:24:19","slug":"el-generoso-regalo-de-fernando-alonso-a-sus-mecanicos-que-enfado-a-mclaren","status":"publish","type":"post","link":"https:\/\/www.europesays.com\/es\/169009\/","title":{"rendered":"El generoso regalo de Fernando Alonso a sus mec\u00e1nicos que enfad\u00f3 a McLaren"},"content":{"rendered":"<p>Finalmente, todos los mec\u00e1nicos tuvieron que devolver los sobres, pese a la incomodidad general. El hecho se filtr\u00f3 a la prensa y, seg\u00fan Slade, se tergivers\u00f3 como un intento de <strong>Alonso<\/strong> por \u201ccomprar la lealtad de sus mec\u00e1nicos\u201d. Sin embargo, el ingeniero lo niega rotundamente. \u201cFue un gesto sincero, algo habitual en otros equipos. Pilotos como <strong>Nigel Mansell<\/strong> o <strong>Carlos Reutemann<\/strong> tambi\u00e9n sol\u00edan agradecer de esa forma. Fernando solo quer\u00eda reconocer a su gente\u201d, explic\u00f3.<\/p>\n","protected":false},"excerpt":{"rendered":"Finalmente, todos los mec\u00e1nicos tuvieron que devolver los sobres, pese a la incomodidad general. El hecho se filtr\u00f3&hellip;\n","protected":false},"author":2,"featured_media":169010,"comment_status":"","ping_status":"","sticky":false,"template":"","format":"standard","meta":{"footnotes":""},"categories":[270],"tags":[168,25,24,306,271,272,23,167],"class_list":{"0":"post-169009","1":"post","2":"type-post","3":"status-publish","4":"format-standard","5":"has-post-thumbnail","7":"category-formula-1","8":"tag-deportes","9":"tag-es","10":"tag-espana","11":"tag-f1","12":"tag-formula-1","13":"tag-formula1","14":"tag-spain","15":"tag-sports"},"share_on_mastodon":{"url":"","error":""},"_links":{"self":[{"href":"https:\/\/www.europesays.com\/es\/wp-json\/wp\/v2\/posts\/169009","targetHints":{"allow":["GET"]}}],"collection":[{"href":"https:\/\/www.europesays.com\/es\/wp-json\/wp\/v2\/posts"}],"about":[{"href":"https:\/\/www.europesays.com\/es\/wp-json\/wp\/v2\/types\/post"}],"author":[{"embeddable":true,"href":"https:\/\/www.europesays.com\/es\/wp-json\/wp\/v2\/users\/2"}],"replies":[{"embeddable":true,"href":"https:\/\/www.europesays.com\/es\/wp-json\/wp\/v2\/comments?post=169009"}],"version-history":[{"count":0,"href":"https:\/\/www.europesays.com\/es\/wp-json\/wp\/v2\/posts\/169009\/revisions"}],"wp:featuredmedia":[{"embeddable":true,"href":"https:\/\/www.europesays.com\/es\/wp-json\/wp\/v2\/media\/169010"}],"wp:attachment":[{"href":"https:\/\/www.europesays.com\/es\/wp-json\/wp\/v2\/media?parent=169009"}],"wp:term":[{"taxonomy":"category","embeddable":true,"href":"https:\/\/www.europesays.com\/es\/wp-json\/wp\/v2\/categories?post=169009"},{"taxonomy":"post_tag","embeddable":true,"href":"https:\/\/www.europesays.com\/es\/wp-json\/wp\/v2\/tags?post=169009"}],"curies":[{"name":"wp","href":"https:\/\/api.w.org\/{rel}","templated":true}]}}