{"id":169020,"date":"2025-10-11T06:30:19","date_gmt":"2025-10-11T06:30:19","guid":{"rendered":"https:\/\/www.europesays.com\/es\/169020\/"},"modified":"2025-10-11T06:30:19","modified_gmt":"2025-10-11T06:30:19","slug":"me-he-quedado-de-piedra","status":"publish","type":"post","link":"https:\/\/www.europesays.com\/es\/169020\/","title":{"rendered":"\u00abMe he quedado de piedra\u00bb"},"content":{"rendered":"<p style=\"\">Una viuda de 69 a\u00f1os ha aterrizado en el restaurante m\u00e1s famoso de la tele para buscar a su media naranja. Natalia, natural de Sevilla, llegaba a &#8216;<strong>First Dates<\/strong>&#8216; (Cuatro) para conocer a alguien especial y cu\u00e1l no ser\u00eda su sorpresa cuando, tras presentarse  &#8230; ante <strong>Carlos Sobera<\/strong>, la han sentado en la barra de la entrada con una chica: \u00abYo lo respeto todo pero a mi no me gustan las mujeres\u00bb. La joven a la que se refer\u00eda, Paula, le ha hecho preguntas personales, sobre sus gustos, preferencias, qu\u00e9 perfil de pareja querr\u00eda tener\u2026 As\u00ed, mientras Natalia se quedaba sorprendida por lo que la chica le dec\u00eda \u2013\u00abme he quedado de piedra\u00bb\u2013, trataba de responder sin perder la sonrisa. <\/p>\n<p class=\"voc-p\" style=\"\">Llegado cierto momento es que Carlos Sobera le ha desvelado la sorpresa: \u00abElla es Paula y viene para acompa\u00f1ar a su padre, que es tu <strong>cita<\/strong>\u00bb. Al enterarse de esto, la soltera ha dicho alto y claro: \u00abPues como tu padre se parezca a ti me va a gustar seguro\u00bb. Tras unas risas y comentarios sobre este visto bueno que deb\u00eda darle <strong>la hija<\/strong> de Manuel, tras recibir ese \u00abs\u00ed\u00bb, ha pasado a la siguiente fase: rumbo a la mesa donde la esperaba su posible <strong>pretendiente<\/strong>. <\/p>\n<p class=\"voc-p\" style=\"\">Ya frente a \u00e9l, Natalia se ha mostrado encantada y Manuel tambi\u00e9n. Este, con cuatro hijos, <strong>un jubilado<\/strong> sevillano de 75 a\u00f1os, le ha explicado qu\u00e9 hay tras ese ir acompa\u00f1ado de su hija: \u00abVengo con ella no porque lo necesite, sino que es algo de sentimiento, de cari\u00f1o, de emoci\u00f3n\u2026 La opini\u00f3n de ella es importante para mi. Siempre hemos estado muy unidos\u00bb. A su lado, Paula lo miraba con emoci\u00f3n y ha explicado qu\u00e9 es lo que su padre busca en una mujer: \u00abUna persona alegre, que sea alegre\u00bb. \u00abSi, que sonr\u00eda mucho. Que sea elegante, con clase, educada, me da igual si es rubia o morena, pero lo otro s\u00ed es importante\u00bb, ha compartido ante <strong>Carlos Sobera<\/strong>. <\/p>\n<p class=\"voc-p\" style=\"\">Dicho esto, ha llegado el momento de quedarse los dos a solas, \u00aben buenas manos\u00bb, y el presentador y la hija de Manuel se han ido de la escena, dejando a <strong>los solteros<\/strong> uno frente al otro. La cena ha discurrido de manera agradable. Se han contado cosas sobre su <strong>vida personal y familiar<\/strong> y se han mostrado c\u00f3modos el uno con el otro. Sin embargo, a tenor del resultado, no ha llegado a prender la chispa del amor. Y es que a la hora de dar el veredicto final, tanto uno como otro han coincidido: \u00abComo pareja no, pero como amiga, la verdad que s\u00ed. He pasado una ratito muy agradable y creo que podemos ser muy buenos amigos\u00bb. Esto por parte de \u00e9l.<\/p>\n<p class=\"voc-p\" style=\"\">Ella ha ido por la misma l\u00ednea. <strong>Se ha despedido<\/strong> de Manuel afirmando que \u00abcomo amigo quiero tenerle en mi vida. Me parece que lo conozco desde que ten\u00eda 20 a\u00f1os\u00bb. Y es as\u00ed que cada uno se ha ido por su lado de manera amigable y simp\u00e1tica.<\/p>\n","protected":false},"excerpt":{"rendered":"Una viuda de 69 a\u00f1os ha aterrizado en el restaurante m\u00e1s famoso de la tele para buscar a&hellip;\n","protected":false},"author":2,"featured_media":169021,"comment_status":"","ping_status":"","sticky":false,"template":"","format":"standard","meta":{"footnotes":""},"categories":[171],"tags":[5133,7716,11687,2721,146,147,25,24,2720,3983,13655,34614,7714,23,214,8922],"class_list":{"0":"post-169020","1":"post","2":"type-post","3":"status-publish","4":"format-standard","5":"has-post-thumbnail","7":"category-tv","8":"tag-bueno","9":"tag-cita","10":"tag-conseguir","11":"tag-dates","12":"tag-entertainment","13":"tag-entretenimiento","14":"tag-es","15":"tag-espana","16":"tag-first","17":"tag-hija","18":"tag-piedra","19":"tag-quedado","20":"tag-soltera","21":"tag-spain","22":"tag-tv","23":"tag-visto"},"share_on_mastodon":{"url":"","error":""},"_links":{"self":[{"href":"https:\/\/www.europesays.com\/es\/wp-json\/wp\/v2\/posts\/169020","targetHints":{"allow":["GET"]}}],"collection":[{"href":"https:\/\/www.europesays.com\/es\/wp-json\/wp\/v2\/posts"}],"about":[{"href":"https:\/\/www.europesays.com\/es\/wp-json\/wp\/v2\/types\/post"}],"author":[{"embeddable":true,"href":"https:\/\/www.europesays.com\/es\/wp-json\/wp\/v2\/users\/2"}],"replies":[{"embeddable":true,"href":"https:\/\/www.europesays.com\/es\/wp-json\/wp\/v2\/comments?post=169020"}],"version-history":[{"count":0,"href":"https:\/\/www.europesays.com\/es\/wp-json\/wp\/v2\/posts\/169020\/revisions"}],"wp:featuredmedia":[{"embeddable":true,"href":"https:\/\/www.europesays.com\/es\/wp-json\/wp\/v2\/media\/169021"}],"wp:attachment":[{"href":"https:\/\/www.europesays.com\/es\/wp-json\/wp\/v2\/media?parent=169020"}],"wp:term":[{"taxonomy":"category","embeddable":true,"href":"https:\/\/www.europesays.com\/es\/wp-json\/wp\/v2\/categories?post=169020"},{"taxonomy":"post_tag","embeddable":true,"href":"https:\/\/www.europesays.com\/es\/wp-json\/wp\/v2\/tags?post=169020"}],"curies":[{"name":"wp","href":"https:\/\/api.w.org\/{rel}","templated":true}]}}