{"id":169057,"date":"2025-10-11T06:56:09","date_gmt":"2025-10-11T06:56:09","guid":{"rendered":"https:\/\/www.europesays.com\/es\/169057\/"},"modified":"2025-10-11T06:56:09","modified_gmt":"2025-10-11T06:56:09","slug":"la-seleccion-argentina-confirmo-una-baja-importante-de-ultimo-momento-en-la-gira-por-estados-unidos","status":"publish","type":"post","link":"https:\/\/www.europesays.com\/es\/169057\/","title":{"rendered":"La selecci\u00f3n argentina confirm\u00f3 una baja importante de \u00faltimo momento en la gira por Estados Unidos"},"content":{"rendered":"<p><img alt=\"Argentina sufri\u00f3 una nueva baja\" class=\"global-image\" decoding=\"async\" fetchpriority=\"high\" height=\"2129\" loading=\"eager\" src=\"https:\/\/www.europesays.com\/es\/wp-content\/uploads\/2025\/10\/KECCSYJQPNGW3IRGGOX6Q2GJRM.jpg\" width=\"3200\"\/>Argentina sufri\u00f3 una nueva baja (REUTERS\/Pablo Sanhueza)<\/p>\n<p class=\"paragraph\">A pocas horas del <a href=\"https:\/\/www.infobae.com\/deportes\/2025\/10\/10\/la-seleccion-argentina-se-medira-ante-venezuela-en-miami-hora-tv-y-formaciones\/\" target=\"_blank\" rel=\"noreferrer nofollow noopener\" title=\"https:\/\/www.infobae.com\/deportes\/2025\/10\/10\/la-seleccion-argentina-se-medira-ante-venezuela-en-miami-hora-tv-y-formaciones\/\">amistoso frente a Venezuela en Miami<\/a>, la selecci\u00f3n argentina sufri\u00f3 una baja considerable. De esta manera, <b>Lionel Scaloni <\/b>deber\u00e1 trastocar sus planes, debido a <b>la lesi\u00f3n <\/b>de un futbolista que viene ganando rodaje en las \u00faltimas convocatorias.<\/p>\n<p class=\"paragraph\">La Albiceleste afronta una nueva baja significativa en su plantel para la gira de octubre, tras confirmarse que <b>Franco Mastantuono<\/b> no podr\u00e1 disputar ninguno de los dos encuentros programados debido a una lesi\u00f3n muscular. La noticia, difundida por la <b>Asociaci\u00f3n del F\u00fatbol Argentino (AFA)<\/b> minutos antes de que el equipo partiera hacia el Hard Rock Stadium, se suma a una serie de contratiempos que han marcado la preparaci\u00f3n del combinado nacional en las \u00faltimas jornadas.<\/p>\n<p class=\"paragraph\">El joven mediocampista, actualmente en las filas del <b>Real Madrid<\/b>, sufri\u00f3 una<b> sobrecarga muscular en el muslo izquierdo<\/b> durante uno de los \u00faltimos ejercicios del entrenamiento del jueves. Aunque el futbolista ven\u00eda trabajando con normalidad, las pruebas m\u00e9dicas realizadas determinaron que el tiempo de recuperaci\u00f3n necesario excede la duraci\u00f3n de la gira,<b> motivo por el cual el cuerpo t\u00e9cnico decidi\u00f3 desafectarlo del plantel<\/b>, seg\u00fan inform\u00f3 la <b>AFA<\/b>.<\/p>\n<p class=\"paragraph\">La gira de la <b>Selecci\u00f3n <\/b>ya hab\u00eda experimentado otras modificaciones y bajas relevantes. Inicialmente, <b>Thiago Almada<\/b> fue descartado por problemas f\u00edsicos, y posteriormente se confirm\u00f3 que <a rel=\"noopener noreferrer nofollow\" href=\"https:\/\/www.infobae.com\/deportes\/2025\/10\/10\/lionel-messi-fue-descartado-para-el-amistoso-de-la-seleccion-ante-venezuela-las-posibilidades-de-jugar-con-inter-miami\" target=\"_blank\" title=\"https:\/\/www.infobae.com\/deportes\/2025\/10\/10\/lionel-messi-fue-descartado-para-el-amistoso-de-la-seleccion-ante-venezuela-las-posibilidades-de-jugar-con-inter-miami\"><b>Lionel Messi<\/b> tampoco estar\u00e1 disponible para el partido frente <\/a>a <b>Venezuela<\/b>. Adem\u00e1s, el segundo encuentro de la gira sufri\u00f3 un cambio tanto de fecha como de sede, traslad\u00e1ndose de lunes a martes y de <b>Chicago<\/b> a <b>Miami<\/b>.<\/p>\n<p><img alt=\"Mastantuono fue desafectado y Messi\" class=\"global-image\" decoding=\"async\" fetchpriority=\"low\" height=\"447\" loading=\"lazy\" src=\"https:\/\/www.europesays.com\/es\/wp-content\/uploads\/2025\/10\/PKGGM677LRAWDJEGCZ7MHU4FLU.png\" width=\"492\"\/>Mastantuono fue desafectado y Messi no jugar\u00e1 hoy ante Venezuela<\/p>\n<p class=\"paragraph\"><b>\u201cEl futbolista Franco Mastantuono ser\u00e1 baja para lo que resta de la gira por una sobrecarga muscular en su muslo izquierdo. En tanto, el capit\u00e1n Lionel Messi, no estar\u00e1 disponible para el encuentro de esta noche\u201d<\/b>, anunci\u00f3 el elenco nacional argentino en su cuenta de la red social X (antes Twitter).<\/p>\n<p class=\"paragraph\">En cuanto a su futuro inmediato, se espera que <b>Mastantuono<\/b> abandone <b>Miami<\/b> en las pr\u00f3ximas horas para regresar a <b>Madrid<\/b> y continuar su recuperaci\u00f3n en el club espa\u00f1ol, donde ha tenido una participaci\u00f3n constante y se ha consolidado como una pieza fundamental bajo la direcci\u00f3n de <b>Xabi Alonso<\/b>.<\/p>\n<p class=\"paragraph\">El exjugador de <b>River Plate<\/b> estaba atravesando su tercera convocatoria consecutiva con la <b>Selecci\u00f3n Mayor<\/b>. Desde su debut en junio durante las Eliminatorias ante <b>Chile<\/b>, el futbolista de <b>18 a\u00f1os<\/b> se ha integrado de manera estable al grupo que aspira a conquistar una nueva estrella en el <b>Mundial 2026<\/b>.<\/p>\n<p class=\"paragraph\">En cuanto a <b>Messi<\/b>, figuraba entre los seleccionados para los compromisos amistosos de la Albiceleste durante la presente fecha FIFA. Sin embargo, la acumulaci\u00f3n de minutos \u2014con <b>siete partidos disputados en las \u00faltimas tres semanas<\/b>\u2014 y la proximidad de un encuentro determinante para <b>Inter Miami<\/b> ante <b>Atlanta United<\/b> por la pen\u00faltima jornada de la temporada regular de la <b>Major League Soccer (MLS)<\/b> de <b>Estados Unidos<\/b> generaron dudas sobre su participaci\u00f3n frente a la <b>Vinotinto<\/b>. Finalmente, la incertidumbre se disip\u00f3 poco antes del inicio del partido en Miami, cuando se oficializ\u00f3 su ausencia.<\/p>\n<p class=\"paragraph\">Por su parte, <b>Scaloni <\/b>ya hab\u00eda hablado sobre la posible presencia de <b>Mastantuno<\/b>. \u201cSi creemos que tiene que jugar, jugar\u00e1. Est\u00e1 bien, con ganas. Seguro alguno de los dos partidos juegue. O los dos. Estamos contentos con su proyecci\u00f3n. No hay que olvidar la edad que tiene\u201d, expres\u00f3 en conferencia de prensa. Sin embargo, el contratiempo muscular lo oblig\u00f3 a desafectarlo del plantel.<\/p>\n<p class=\"paragraph\">\u201cSu entrenador y su equipo lo est\u00e1n llevando muy bien. Le est\u00e1n dando muchos minutos y los est\u00e1 sabiendo aprovechar. Es un chico joven que hay que llevarlo de la manera que lo est\u00e1 llevando su club. Y nosotros lo mismo\u201d, elogi\u00f3 Scaloni la manera en que el Real se maneja con el juvenil.<\/p>\n","protected":false},"excerpt":{"rendered":"Argentina sufri\u00f3 una nueva baja (REUTERS\/Pablo Sanhueza) A pocas horas del amistoso frente a Venezuela en Miami, la&hellip;\n","protected":false},"author":2,"featured_media":169058,"comment_status":"","ping_status":"","sticky":false,"template":"","format":"standard","meta":{"footnotes":""},"categories":[93],"tags":[168,25,24,2450,281,757,23,3020,167],"class_list":{"0":"post-169057","1":"post","2":"type-post","3":"status-publish","4":"format-standard","5":"has-post-thumbnail","7":"category-deportes","8":"tag-deportes","9":"tag-es","10":"tag-espana","11":"tag-santiago","12":"tag-soccer","13":"tag-south-america-central-america","14":"tag-spain","15":"tag-sport","16":"tag-sports"},"share_on_mastodon":{"url":"","error":""},"_links":{"self":[{"href":"https:\/\/www.europesays.com\/es\/wp-json\/wp\/v2\/posts\/169057","targetHints":{"allow":["GET"]}}],"collection":[{"href":"https:\/\/www.europesays.com\/es\/wp-json\/wp\/v2\/posts"}],"about":[{"href":"https:\/\/www.europesays.com\/es\/wp-json\/wp\/v2\/types\/post"}],"author":[{"embeddable":true,"href":"https:\/\/www.europesays.com\/es\/wp-json\/wp\/v2\/users\/2"}],"replies":[{"embeddable":true,"href":"https:\/\/www.europesays.com\/es\/wp-json\/wp\/v2\/comments?post=169057"}],"version-history":[{"count":0,"href":"https:\/\/www.europesays.com\/es\/wp-json\/wp\/v2\/posts\/169057\/revisions"}],"wp:featuredmedia":[{"embeddable":true,"href":"https:\/\/www.europesays.com\/es\/wp-json\/wp\/v2\/media\/169058"}],"wp:attachment":[{"href":"https:\/\/www.europesays.com\/es\/wp-json\/wp\/v2\/media?parent=169057"}],"wp:term":[{"taxonomy":"category","embeddable":true,"href":"https:\/\/www.europesays.com\/es\/wp-json\/wp\/v2\/categories?post=169057"},{"taxonomy":"post_tag","embeddable":true,"href":"https:\/\/www.europesays.com\/es\/wp-json\/wp\/v2\/tags?post=169057"}],"curies":[{"name":"wp","href":"https:\/\/api.w.org\/{rel}","templated":true}]}}