{"id":169061,"date":"2025-10-11T06:58:11","date_gmt":"2025-10-11T06:58:11","guid":{"rendered":"https:\/\/www.europesays.com\/es\/169061\/"},"modified":"2025-10-11T06:58:11","modified_gmt":"2025-10-11T06:58:11","slug":"ella-es-asi-de-entusiasta","status":"publish","type":"post","link":"https:\/\/www.europesays.com\/es\/169061\/","title":{"rendered":"Ella es as\u00ed de entusiasta"},"content":{"rendered":"<p data-journey-content=\"true\" data-node-id=\"3\" class=\"css-6wxqfj emevuu60\"><strong data-node-id=\"3.0\">Gema L\u00f3pez se muestra sorprendida ante la noticia de boda de Susanna Griso: \u00abElla es as\u00ed de entusiasta\u00bb, dice<\/strong>. El pasado jueves 9 de octubre, la presentadora de &#8216;Espejo P\u00fablico&#8217; se sinceraba sobre sus planes de pasar por el altar: <strong data-node-id=\"3.2\">se casa con Luis Enr\u00edquez<\/strong> tras apenas siete meses de relaci\u00f3n. La pareja, que ya est\u00e1 centrada en <a href=\"https:\/\/www.diezminutos.es\/famosos-corazon\/famosos-espanoles\/a68967768\/susanna-griso-boda-luis-enriquez-anillo-pedida\/\" target=\"_blank\" data-vars-ga-outbound-link=\"https:\/\/www.diezminutos.es\/famosos-corazon\/famosos-espanoles\/a68967768\/susanna-griso-boda-luis-enriquez-anillo-pedida\/\" data-vars-ga-ux-element=\"Hyperlink\" data-vars-ga-call-to-action=\"los preparativos de su enlace\" data-node-id=\"3.4\" class=\"body-link css-177bzfx emevuu60\" rel=\"nofollow noopener\">los preparativos de su enlace<\/a>, se dar\u00e1 el &#8216;s\u00ed, quiero&#8217; el <strong data-node-id=\"3.6\">25 de julio de 2026 en la Costa Brava<\/strong>. Una informaci\u00f3n que la periodista quer\u00eda mantener en secreto a pesar de haber sido una de las invitadas a <a href=\"https:\/\/www.diezminutos.es\/famosos-corazon\/famosos-espanoles\/a68834296\/susanna-griso-choque-cayetano-martinez-de-irujo-a-la-prensa\/\" target=\"_blank\" data-vars-ga-outbound-link=\"https:\/\/www.diezminutos.es\/famosos-corazon\/famosos-espanoles\/a68834296\/susanna-griso-choque-cayetano-martinez-de-irujo-a-la-prensa\/\" data-vars-ga-ux-element=\"Hyperlink\" data-vars-ga-call-to-action=\"la boda de Cayetano Mart\u00ednez de Irujo\" data-node-id=\"3.8\" class=\"body-link css-177bzfx emevuu60\" rel=\"nofollow noopener\">la boda de Cayetano Mart\u00ednez de Irujo<\/a> y de que muchos de sus invitados son compa\u00f1eros de profesi\u00f3n. \u00abHe pensado cu\u00e1nto tiempo ser\u00eda capaz de guardar el secreto si el 80% de mis invitados son periodistas\u00bb, bromeaba. \u00ab<strong data-node-id=\"3.10\">Tengo buenos amigos y no ha salido de ninguno de ellos<\/strong>\u00ab. Con la fecha ya marcada en pleno verano, Susanna aseguraba llevar ya cuatro meses prepar\u00e1ndolo todo: \u00ab<strong data-node-id=\"3.12\">Ser\u00e1 una celebraci\u00f3n muy informal. En esa fecha, con el calorazo, hay que ponerle las cosas f\u00e1ciles a la gente<\/strong>\u00ab.<\/p>\n<p><img draggable=\"true\" alt=\"susanna griso pasea con su pareja luis enriquez\" title=\"susanna griso luis enriquez boda\" loading=\"lazy\" width=\"2947\" height=\"2212\" decoding=\"async\" data-nimg=\"1\" style=\"color:transparent;width:100%;height:auto;\"   src=\"https:\/\/www.europesays.com\/es\/wp-content\/uploads\/2025\/10\/susana-griso-boda-68e7a4741bec6.jpg\" class=\"css-0 e1g79fud0\"\/><\/p>\n<p>GAA<\/p>\n<p>Gema L\u00f3pez habla de la boda de Susanna Griso<\/p>\n<p data-journey-content=\"true\" data-node-id=\"8\" class=\"css-6wxqfj emevuu60\">Ante la gran noticia, <strong data-node-id=\"8.1\">el c\u00edrculo m\u00e1s cercano de Susanna Griso no ha dudado en compartir sus m\u00e1s sinceras felicitaciones.<\/strong> As\u00ed lo ha hecho <a href=\"https:\/\/www.diezminutos.es\/gema-lopez\/\" target=\"_blank\" data-vars-ga-outbound-link=\"https:\/\/www.diezminutos.es\/gema-lopez\/\" data-vars-ga-ux-element=\"Hyperlink\" data-vars-ga-call-to-action=\"Gema L\u00f3pez\" data-node-id=\"8.3\" class=\"body-link css-177bzfx emevuu60\" rel=\"nofollow noopener\">Gema L\u00f3pez<\/a>, que trabaja con la presentadora en &#8216;Espejo p\u00fablico&#8217;. \u00ab<strong data-node-id=\"8.5\">Nos ha sorprendido a todos<\/strong>, yo creo que es muy buena noticia\u00bb, dec\u00eda. \u00abCelebrar el amor, celebrar la vida, hacer una fiesta&#8230; <strong data-node-id=\"8.7\">Me parece estupendo<\/strong>\u00ab. Aunque es un tema que Susanna llev\u00f3 \u00ababsolutamente en secreto\u00bb y del que, tal y como comentaba, \u00ab<strong data-node-id=\"8.9\">ella ha hecho su organizaci\u00f3n<\/strong>\u00ab, no oculta su felicidad por su compa\u00f1era. <\/p>\n<p><img draggable=\"true\" alt=\"susanna griso en espejo publico\" title=\"susanna griso en espejo publico\" loading=\"lazy\" width=\"1918\" height=\"1078\" decoding=\"async\" data-nimg=\"1\" style=\"color:transparent;width:100%;height:auto;\"   src=\"https:\/\/www.europesays.com\/es\/wp-content\/uploads\/2025\/10\/susanna-griso-anillo-68e7a58fe5125.jpg\" class=\"css-0 e1g79fud0\"\/><\/p>\n<p>Atresmedia<\/p>\n<p>Gema L\u00f3pez: \u00abTrabajar con Susanna es un lujo. Yo deseo que est\u00e9 fenomenal\u00bb<\/p>\n<p data-journey-content=\"true\" data-node-id=\"12\" class=\"css-6wxqfj emevuu60\"> \u00ab<strong data-node-id=\"12.1\">Nos hemos enterado cuando nos hemos enterado<\/strong>\u00ab, dec\u00eda Gema L\u00f3pez sobre la boda de Susanna Griso. \u00ab<strong data-node-id=\"12.3\">A m\u00ed tambi\u00e9n me ha sorprendido, pero yo creo que ella es as\u00ed de entusiasta<\/strong>. Adem\u00e1s, se la ve estupenda, se la ve feliz, \u00bfqu\u00e9 m\u00e1s podemos pedir?\u00bb. Con muchos deseos para la pareja, Gema L\u00f3pez, que tuvo un <a href=\"https:\/\/www.diezminutos.es\/teleprograma\/programas-tv\/a64474323\/gema-lopez-espejo-publico-cumpleanos-tarta\/\" target=\"_blank\" data-vars-ga-outbound-link=\"https:\/\/www.diezminutos.es\/teleprograma\/programas-tv\/a64474323\/gema-lopez-espejo-publico-cumpleanos-tarta\/\" data-vars-ga-ux-element=\"Hyperlink\" data-vars-ga-call-to-action=\"incidente en &#039;Espejo P\u00fablico&#039;\" data-node-id=\"12.5\" class=\"body-link css-177bzfx emevuu60\" rel=\"nofollow noopener\">incidente en &#8216;Espejo P\u00fablico&#8217;<\/a>, tambi\u00e9n le ha dedicado unas bonitas palabras a la que ser\u00e1 mujer de Luis Enr\u00edquez: \u00abTrabajar con Susanna es un lujo. <strong data-node-id=\"12.7\">Estar a su lado no es solo aprender, sino tener muy buen rollo. Yo deseo que est\u00e9 fenomenal<\/strong>\u00ab. \u00abQue \u00e9l la haga s\u00faper feliz porque as\u00ed vendr\u00e1 s\u00faper feliz todas las ma\u00f1anas\u00bb, a\u00f1ad\u00eda, asegurando que <strong data-node-id=\"12.9\">esperaba \u00abno faltar\u00bb al enlace. <\/strong><\/p>\n<p><img draggable=\"true\" alt=\"susanna griso pasea con su novio luis enriquez en el dia de su cumpleanos\" title=\"susanna griso y luis enriquez\" loading=\"lazy\" width=\"2814\" height=\"2112\" decoding=\"async\" data-nimg=\"1\" style=\"color:transparent;width:100%;height:auto;\"   src=\"https:\/\/www.europesays.com\/es\/wp-content\/uploads\/2025\/10\/susanna-griso-luis-enriquez-68e79e69bee60.jpg\" class=\"css-0 e1g79fud0\"\/><\/p>\n<p>Gtres\u200b<\/p>\n","protected":false},"excerpt":{"rendered":"Gema L\u00f3pez se muestra sorprendida ante la noticia de boda de Susanna Griso: \u00abElla es as\u00ed de entusiasta\u00bb,&hellip;\n","protected":false},"author":2,"featured_media":169062,"comment_status":"","ping_status":"","sticky":false,"template":"","format":"standard","meta":{"footnotes":""},"categories":[91],"tags":[253,146,147,25,24,23],"class_list":{"0":"post-169061","1":"post","2":"type-post","3":"status-publish","4":"format-standard","5":"has-post-thumbnail","7":"category-entretenimiento","8":"tag-discover","9":"tag-entertainment","10":"tag-entretenimiento","11":"tag-es","12":"tag-espana","13":"tag-spain"},"share_on_mastodon":{"url":"","error":""},"_links":{"self":[{"href":"https:\/\/www.europesays.com\/es\/wp-json\/wp\/v2\/posts\/169061","targetHints":{"allow":["GET"]}}],"collection":[{"href":"https:\/\/www.europesays.com\/es\/wp-json\/wp\/v2\/posts"}],"about":[{"href":"https:\/\/www.europesays.com\/es\/wp-json\/wp\/v2\/types\/post"}],"author":[{"embeddable":true,"href":"https:\/\/www.europesays.com\/es\/wp-json\/wp\/v2\/users\/2"}],"replies":[{"embeddable":true,"href":"https:\/\/www.europesays.com\/es\/wp-json\/wp\/v2\/comments?post=169061"}],"version-history":[{"count":0,"href":"https:\/\/www.europesays.com\/es\/wp-json\/wp\/v2\/posts\/169061\/revisions"}],"wp:featuredmedia":[{"embeddable":true,"href":"https:\/\/www.europesays.com\/es\/wp-json\/wp\/v2\/media\/169062"}],"wp:attachment":[{"href":"https:\/\/www.europesays.com\/es\/wp-json\/wp\/v2\/media?parent=169061"}],"wp:term":[{"taxonomy":"category","embeddable":true,"href":"https:\/\/www.europesays.com\/es\/wp-json\/wp\/v2\/categories?post=169061"},{"taxonomy":"post_tag","embeddable":true,"href":"https:\/\/www.europesays.com\/es\/wp-json\/wp\/v2\/tags?post=169061"}],"curies":[{"name":"wp","href":"https:\/\/api.w.org\/{rel}","templated":true}]}}