{"id":169065,"date":"2025-10-11T07:00:09","date_gmt":"2025-10-11T07:00:09","guid":{"rendered":"https:\/\/www.europesays.com\/es\/169065\/"},"modified":"2025-10-11T07:00:09","modified_gmt":"2025-10-11T07:00:09","slug":"ibex-35-mantiene-la-inercia-alcista-y-apunta-a-nuevos-maximos-objetivo-en-los-16-280","status":"publish","type":"post","link":"https:\/\/www.europesays.com\/es\/169065\/","title":{"rendered":"Ibex 35 mantiene la inercia alcista y apunta a nuevos m\u00e1ximos: objetivo en los 16.280"},"content":{"rendered":"\n<p class=\"yf-1090901\">El <a class=\"link \" href=\"https:\/\/www.estrategiasdeinversion.com\/cotizaciones\/indices\/ibex-35\" rel=\"nofollow noopener\" target=\"_blank\" data-ylk=\"slk:IBEX 35;elm:context_link;itc:0;sec:content-canvas\">IBEX 35<\/a> continu\u00f3 mostrando fuerza en la sesi\u00f3n de ayer viernes, situ\u00e1ndose en el entorno de los 15.650 puntos. En t\u00e9rminos semanales, el selectivo espa\u00f1ol acumula un alza del 0,44%, manteniendo la tendencia positiva observada desde la semana pasada.<\/p>\n<p class=\"yf-1090901\">El an\u00e1lisis t\u00e9cnico semanal indica que <strong>los m\u00e1ximos y m\u00ednimos del Ibex 35 siguen siendo crecientes, confirmando la inercia alcista.<\/strong> La directriz de medio plazo, trazada desde los m\u00ednimos de abril de 2025, sigue vigente, y los \u00faltimos m\u00ednimos crecientes, concretamente los <strong>15.052 puntos, act\u00faan como soporte clave. Mientras no se perforen estos niveles, el riesgo de correcci\u00f3n a corto plazo se mantiene limitado.<\/strong><\/p>\n<p>    <img fetchpriority=\"high\" decoding=\"async\" src=\"data:image\/gif;base64,R0lGODlhAQABAIAAAAAAAP\/\/\/ywAAAAAAQABAAACAUwAOw==\" alt=\"Ibex 35 mantiene la inercia alcista y apunta a nuevos m\u00e1ximos: objetivo en los 16.280\" loading=\"eager\" height=\"562\" width=\"960\" class=\"yf-1gfnohs loader\"\/> Ibex 35 mantiene la inercia alcista y apunta a nuevos m\u00e1ximos: objetivo en los 16.280      <\/p>\n<p class=\"yf-1090901\">El escenario m\u00e1s probable contin\u00faa siendo la superaci\u00f3n de nuevos m\u00e1ximos anuales, con un <strong>objetivo te\u00f3rico cercano a los 16.280 puntos,<\/strong> lo que implica un potencial alcista cercano al 4% desde los niveles actuales.<\/p>\n<p class=\"yf-1090901\"><a class=\"link \" href=\"https:\/\/www.estrategiasdeinversion.com\/premium\/analisis\/analisis-de-las-35-companias-del-ibex-n-853111\" rel=\"nofollow noopener\" target=\"_blank\" data-ylk=\"slk:Vea aqu\u00ed el an\u00e1lisis completo de los valores que componen el Ibex 35\u00a0;elm:context_link;itc:0;sec:content-canvas\">Vea aqu\u00ed el an\u00e1lisis completo de los valores que componen el Ibex 35\u00a0<\/a><\/p>\n","protected":false},"excerpt":{"rendered":"El IBEX 35 continu\u00f3 mostrando fuerza en la sesi\u00f3n de ayer viernes, situ\u00e1ndose en el entorno de los&hellip;\n","protected":false},"author":2,"featured_media":169066,"comment_status":"","ping_status":"","sticky":false,"template":"","format":"standard","meta":{"footnotes":""},"categories":[80],"tags":[82,95,94,25,24,49308,17383,49309,23],"class_list":{"0":"post-169065","1":"post","2":"type-post","3":"status-publish","4":"format-standard","5":"has-post-thumbnail","7":"category-economia","8":"tag-business","9":"tag-economia","10":"tag-economy","11":"tag-es","12":"tag-espana","13":"tag-inercia","14":"tag-la-semana","15":"tag-los-maximos-y-minimos","16":"tag-spain"},"share_on_mastodon":{"url":"","error":""},"_links":{"self":[{"href":"https:\/\/www.europesays.com\/es\/wp-json\/wp\/v2\/posts\/169065","targetHints":{"allow":["GET"]}}],"collection":[{"href":"https:\/\/www.europesays.com\/es\/wp-json\/wp\/v2\/posts"}],"about":[{"href":"https:\/\/www.europesays.com\/es\/wp-json\/wp\/v2\/types\/post"}],"author":[{"embeddable":true,"href":"https:\/\/www.europesays.com\/es\/wp-json\/wp\/v2\/users\/2"}],"replies":[{"embeddable":true,"href":"https:\/\/www.europesays.com\/es\/wp-json\/wp\/v2\/comments?post=169065"}],"version-history":[{"count":0,"href":"https:\/\/www.europesays.com\/es\/wp-json\/wp\/v2\/posts\/169065\/revisions"}],"wp:featuredmedia":[{"embeddable":true,"href":"https:\/\/www.europesays.com\/es\/wp-json\/wp\/v2\/media\/169066"}],"wp:attachment":[{"href":"https:\/\/www.europesays.com\/es\/wp-json\/wp\/v2\/media?parent=169065"}],"wp:term":[{"taxonomy":"category","embeddable":true,"href":"https:\/\/www.europesays.com\/es\/wp-json\/wp\/v2\/categories?post=169065"},{"taxonomy":"post_tag","embeddable":true,"href":"https:\/\/www.europesays.com\/es\/wp-json\/wp\/v2\/tags?post=169065"}],"curies":[{"name":"wp","href":"https:\/\/api.w.org\/{rel}","templated":true}]}}