{"id":169091,"date":"2025-10-11T07:19:17","date_gmt":"2025-10-11T07:19:17","guid":{"rendered":"https:\/\/www.europesays.com\/es\/169091\/"},"modified":"2025-10-11T07:19:17","modified_gmt":"2025-10-11T07:19:17","slug":"fc-barcelona-valencia-basket-fiesta-completa-en-el-palau-108-102","status":"publish","type":"post","link":"https:\/\/www.europesays.com\/es\/169091\/","title":{"rendered":"FC Barcelona &#8211; Valencia Basket: Fiesta completa en el Palau (108-102)"},"content":{"rendered":"<p>\u00c9xtasis baloncest\u00edstico en la primera actuaci\u00f3n en el Palau de la temporada. El <strong>Bar\u00e7a <\/strong>se ha impuesto al <strong>Valencia Basket <\/strong>en la tercera jornada de la <strong>Euroliga <\/strong>en un partido vibrante y de gran anotaci\u00f3n (108-102), para regalarse y regalar una gran victoria ante su afici\u00f3n.<\/p>\n<p>Inicio fulgurante con reacci\u00f3n taronja<\/p>\n<p>Despu\u00e9s de cuatro meses sin actividad competitiva en el Palau, los hombres de Joan Pe\u00f1arroya sab\u00edan que no era un partido cualquiera, y han salido m\u00e1s que enchufados para demostrarlo. As\u00ed, los visitantes han anotado la primera canasta, pero los culers han puesto la directa hasta un <strong>16-6 de salida <\/strong>gracias a ataques muy r\u00e1pidos, Willy dominando en la pintura, Clyburn castigando desde el per\u00edmetro y Shengelia bailando bajo el aro. Pero el <strong>Valencia ha respirado gracias al triple<\/strong>, y aunque ha fallado los cinco primeros, ha anotado tres seguidos para volver a engancharse al duelo. Y, pese a un buen Bar\u00e7a, precisamente un triple de Moore ha cerrado el primer periodo con m\u00e1s igualdad de la merecida (26-25).<\/p>\n<p>                <img decoding=\"async\" src=\"https:\/\/www.europesays.com\/es\/wp-content\/uploads\/2025\/10\/EA020679.JPG\" alt=\"EA020679\" class=\"embeddable-photo__image\"\/><\/p>\n<p>A pesar del 0-7 de los taronja para abrir el segundo cuarto, el Bar\u00e7a ha vuelto a tomar las riendas del partido, en un intercambio de golpes que se ha dado durante los 40 minutos de juego. El Bar\u00e7a ha dominado el marcador desde el 4-2 hasta que Brancou Badio, con el 41-42, ha vuelto a poner a los suyos por delante. Y con este tira y afloja en el marcador ha terminado la primera mitad (48-49) de <strong>alt\u00edsimo nivel y baloncesto muy ofensivo.<\/strong> El descanso, por tanto, ha sido necesario para recuperar aire y tambi\u00e9n para conocer a los ganadores del torneo 3&#215;3 que el Club ha organizado para la fiesta del partido inaugural en casa de la temporada.<\/p>\n<p>Festival ofensivo<\/p>\n<p>Una fiesta a la que los dos equipos tambi\u00e9n se han sumado en la segunda parte, continuando con un festival ofensivo y un regalo para los culers que han asistido al Palau. Pero, para estos, de nada servir\u00eda si la victoria no ca\u00eda del lado barcelonista. Hacia falta hacer muchas cosas muy bien para que as\u00ed fuera, y los de Pe\u00f1arroya han estado a la altura, con muchos nombres propios. Gracias a Punter y Clyburn, se ha vuelto a alcanzar un +10 (69-59) que ha durado muy poco. Porque <strong>este Valencia Basket tiene muchas armas para hacer da\u00f1o y muchas vidas que gastar.<\/strong> Con un buen final de cuarto para los visitantes, la ventaja culer al entrar en el \u00faltimo per\u00edodo era m\u00ednima (78-75).<\/p>\n<p>                <img decoding=\"async\" src=\"https:\/\/www.europesays.com\/es\/wp-content\/uploads\/2025\/10\/EA029843.JPG\" alt=\"EA029843\" class=\"embeddable-photo__image\"\/><\/p>\n<p>Vuelven al Palau con sonrisa<\/p>\n<p>Y con siete puntos seguidos de Darius Thompson, los valencianos lo han dado vuelta por completo, obligando al Bar\u00e7a, por en\u00e9sima vez, a poner <strong>una marcha m\u00e1s.<\/strong> Pero Satoransky, en modo l\u00edder, ha iniciado el empuje blaugrana con un triple y el<strong> acierto de Punter y la energ\u00eda de Cale<\/strong> han hecho el resto para lograr un 8-0 que daba aire. Como tambi\u00e9n lo ha hecho un triple del gigante Vesely, y otro de Brizuela de mucha dificultad. El partido no pod\u00eda escaparse, y Punter ha acabado con toda esperanza taronja para poner un <strong>final de fiesta apote\u00f3sico<\/strong>. Un baloncesto de muchos quilates y una victoria culer para inaugurar la temporada en el Palau de la mejor manera y poner el 2-1 en la Euroliga. Ahora, tambi\u00e9n en casa y contra el Hiopos Lleida, buscar\u00e1n abrir el casillero de victorias de la Liga Endesa (domingo 12:15 pm).<\/p>\n<p>\n            Anterior<\/p>\n<p>            label.aria.chevronleft\n        <\/p>\n<p>\n            Siguiente<\/p>\n<p>            label.aria.chevronright\n        <\/p>\n<p>Ficha del partido<\/p>\n<p><strong>Bar\u00e7a:<\/strong> 108<br \/><strong>Valencia Basket:<\/strong> 102<\/p>\n<p><strong>Bar\u00e7a:<\/strong> Satoransky (14), Punter (27), Clyburn (19), Shengelia (12) y Hernang\u00f3mez (11) &#8211; cinco inicial &#8211; Juani Marcos (2), Brizuela (3), Cale (5), Norris (3), Vesely (8), Fall (-) y Parra (4).<\/p>\n<p><strong>Valencia Basket:<\/strong> De Larrea (5), Puerto (7), Moore (21), Sako (14) y Costello (8) &#8211; cinco inicial &#8211; Badio (15), Taylor (5), Reuvers (4), Pradilla (4), Thompson (19), Nogu\u00e9s (0) y Sestina (0).<\/p>\n<p><strong>Parciales: <\/strong>26-25, 22-24, 30-26, 30-27.<\/p>\n<p><strong>\u00c1rbitros: <\/strong>Borys Ryzhyk, Olegs Latisevs y Mario Majkic<\/p>\n","protected":false},"excerpt":{"rendered":"\u00c9xtasis baloncest\u00edstico en la primera actuaci\u00f3n en el Palau de la temporada. El Bar\u00e7a se ha impuesto al&hellip;\n","protected":false},"author":2,"featured_media":169092,"comment_status":"","ping_status":"","sticky":false,"template":"","format":"standard","meta":{"footnotes":""},"categories":[93],"tags":[168,25,24,23,167,2288],"class_list":{"0":"post-169091","1":"post","2":"type-post","3":"status-publish","4":"format-standard","5":"has-post-thumbnail","7":"category-deportes","8":"tag-deportes","9":"tag-es","10":"tag-espana","11":"tag-spain","12":"tag-sports","13":"tag-text"},"share_on_mastodon":{"url":"","error":""},"_links":{"self":[{"href":"https:\/\/www.europesays.com\/es\/wp-json\/wp\/v2\/posts\/169091","targetHints":{"allow":["GET"]}}],"collection":[{"href":"https:\/\/www.europesays.com\/es\/wp-json\/wp\/v2\/posts"}],"about":[{"href":"https:\/\/www.europesays.com\/es\/wp-json\/wp\/v2\/types\/post"}],"author":[{"embeddable":true,"href":"https:\/\/www.europesays.com\/es\/wp-json\/wp\/v2\/users\/2"}],"replies":[{"embeddable":true,"href":"https:\/\/www.europesays.com\/es\/wp-json\/wp\/v2\/comments?post=169091"}],"version-history":[{"count":0,"href":"https:\/\/www.europesays.com\/es\/wp-json\/wp\/v2\/posts\/169091\/revisions"}],"wp:featuredmedia":[{"embeddable":true,"href":"https:\/\/www.europesays.com\/es\/wp-json\/wp\/v2\/media\/169092"}],"wp:attachment":[{"href":"https:\/\/www.europesays.com\/es\/wp-json\/wp\/v2\/media?parent=169091"}],"wp:term":[{"taxonomy":"category","embeddable":true,"href":"https:\/\/www.europesays.com\/es\/wp-json\/wp\/v2\/categories?post=169091"},{"taxonomy":"post_tag","embeddable":true,"href":"https:\/\/www.europesays.com\/es\/wp-json\/wp\/v2\/tags?post=169091"}],"curies":[{"name":"wp","href":"https:\/\/api.w.org\/{rel}","templated":true}]}}