{"id":169100,"date":"2025-10-11T07:24:09","date_gmt":"2025-10-11T07:24:09","guid":{"rendered":"https:\/\/www.europesays.com\/es\/169100\/"},"modified":"2025-10-11T07:24:09","modified_gmt":"2025-10-11T07:24:09","slug":"maria-corina-machado-el-rostro-de-la-oposicion-venezolana-que-eclipso-a-trump-en-el-nobel-de-la-paz-el-pais-expres","status":"publish","type":"post","link":"https:\/\/www.europesays.com\/es\/169100\/","title":{"rendered":"Mar\u00eda Corina Machado, el rostro de la oposici\u00f3n venezolana que eclips\u00f3 a Trump en el Nobel de la Paz | El PA\u00cdS Expr\u00e9s"},"content":{"rendered":"<p><img fetchpriority=\"high\" decoding=\"auto\" class=\"_re  a_m-h\" height=\"414\"  width=\"414\"  src=\"https:\/\/www.europesays.com\/es\/wp-content\/uploads\/2025\/10\/3DFPPUYCSVB5NJKPDZMNELQ4DQ.jpg\" loading=\"eager\"\/>(Foto de ARCHIVO)&#13;<br \/>\nJanuary 23, 2024: Caracas, Venezuela: Candidate MARIA CORINA MACHADO, leader of the Venezuelan opposition, at Plaza Belgica in Altamira, in Caracas.,Image: 839863433, License: Rights-managed, Restrictions: , Model Release: no, Pictured: Machado Maria Corina, Credit line: Jimmy Villalta \/ Zuma Press \/ ContactoPhoto<br \/>\nEditorial licence valid only for Spain and 3 MONTHS from the date of the image, then delete it from your archive. For non-editorial and non-licensed use, please contact EUROPA PRESS.&#13;<br \/>\n23\/01\/2024 ONLY FOR USE IN SPAINFoto: Jimmy Villalta  (ZUMA v\u00eda Europa Press)<\/p>\n<p class=\"\">La dirigente venezolana Mar\u00eda Corina Machado acaba de recibir el mayor reconocimiento internacional a la lucha pac\u00edfica: el Premio Nobel de la Paz 2025. <\/p>\n<ul>\n<li>El Comit\u00e9 noruego la ha distinguido por su \u201cincansable trabajo\u201d en defensa de la democracia en Venezuela y por su papel como s\u00edmbolo de resistencia frente al r\u00e9gimen de Nicol\u00e1s Maduro. <\/li>\n<li>Su elecci\u00f3n ha desplazado a otros candidatos como las Salas de Respuesta a Emergencias de Sud\u00e1n, M\u00e9dicos sin Fronteras e incluso el presidente de Estados Unidos, Donald Trump.<\/li>\n<\/ul>\n<p class=\"\"><b>Y ha reconocido sentirse \u201cabrumada\u201d por el galard\u00f3n.<\/b> \u201cYo soy una de un movimiento de millones, siento que es un poco injusto que se personifique alrededor de una figura cuando tenemos presos pol\u00edticos, nueve millones de exiliados, miles de asesinados&#8230;\u201d, ha reivindicado en una entrevista para EL PA\u00cdS.<\/p>\n<p class=\"\"><b>La historia detr\u00e1s de la mujer que desafi\u00f3 a Maduro. <\/b>A sus 58 a\u00f1os, Mar\u00eda Corina Machado es una veterana dirigente opositora venezolana.<\/p>\n<ul>\n<li>Machado pas\u00f3 de ser una voz minoritaria dentro de la oposici\u00f3n a convertirse en su principal referente. <\/li>\n<li>En las presidenciales de 2024 no pudo competir debido a una inhabilitaci\u00f3n impuesta por la Contralor\u00eda General, af\u00edn al chavismo.<\/li>\n<li>Pero aun as\u00ed, arras\u00f3 en las primarias con un 92,5% de los votos y respald\u00f3 la candidatura del diplom\u00e1tico Edmundo Gonz\u00e1lez Urrutia. <\/li>\n<li>Tras unas elecciones marcadas por denuncias de fraude y la autoproclamaci\u00f3n de Maduro como vencedor, la Fiscal\u00eda abri\u00f3 una investigaci\u00f3n contra ella y Machado pas\u00f3 a la clandestinidad.<\/li>\n<\/ul>\n<p class=\"\">\u00a9Foto: Jimmy Villalta (ZUMA v\u00eda Europa Press)<\/p>\n<p class=\"\"><a href=\"https:\/\/elpais.com\/internacional\/2025-10-10\/premio-nobel-de-la-paz.html\" target=\"_self\" rel=\"nofollow noopener\" title=\"https:\/\/elpais.com\/internacional\/2025-10-10\/premio-nobel-de-la-paz.html\">Si quieres saber m\u00e1s, puedes leer aqu\u00ed<\/a>.<\/p>\n","protected":false},"excerpt":{"rendered":"(Foto de ARCHIVO)&#13; January 23, 2024: Caracas, Venezuela: Candidate MARIA CORINA MACHADO, leader of the Venezuelan opposition, at&hellip;\n","protected":false},"author":2,"featured_media":169101,"comment_status":"","ping_status":"","sticky":false,"template":"","format":"standard","meta":{"footnotes":""},"categories":[42],"tags":[49323,17,18,13,14,11,61,62,63,64,19,20,4371,9,25064,10,15,16,49324,532,22448,12,21,22,1192,65,66,67],"class_list":{"0":"post-169100","1":"post","2":"type-post","3":"status-publish","4":"format-standard","5":"has-post-thumbnail","7":"category-internacional","8":"tag-alfred-nobel","9":"tag-breaking-news","10":"tag-breakingnews","11":"tag-featured-news","12":"tag-featurednews","13":"tag-headlines","14":"tag-internacional","15":"tag-international","16":"tag-international-news","17":"tag-internationalnews","18":"tag-latest-news","19":"tag-latestnews","20":"tag-maria-corina-machado","21":"tag-news","22":"tag-nobel-de-la-paz","23":"tag-noticias","24":"tag-noticias-destacadas","25":"tag-noticiasdestacadas","26":"tag-oslo","27":"tag-premios","28":"tag-premios-nobel","29":"tag-titulares","30":"tag-ultimas-noticias","31":"tag-ultimasnoticias","32":"tag-venezuela","33":"tag-world","34":"tag-world-news","35":"tag-worldnews"},"share_on_mastodon":{"url":"","error":""},"_links":{"self":[{"href":"https:\/\/www.europesays.com\/es\/wp-json\/wp\/v2\/posts\/169100","targetHints":{"allow":["GET"]}}],"collection":[{"href":"https:\/\/www.europesays.com\/es\/wp-json\/wp\/v2\/posts"}],"about":[{"href":"https:\/\/www.europesays.com\/es\/wp-json\/wp\/v2\/types\/post"}],"author":[{"embeddable":true,"href":"https:\/\/www.europesays.com\/es\/wp-json\/wp\/v2\/users\/2"}],"replies":[{"embeddable":true,"href":"https:\/\/www.europesays.com\/es\/wp-json\/wp\/v2\/comments?post=169100"}],"version-history":[{"count":0,"href":"https:\/\/www.europesays.com\/es\/wp-json\/wp\/v2\/posts\/169100\/revisions"}],"wp:featuredmedia":[{"embeddable":true,"href":"https:\/\/www.europesays.com\/es\/wp-json\/wp\/v2\/media\/169101"}],"wp:attachment":[{"href":"https:\/\/www.europesays.com\/es\/wp-json\/wp\/v2\/media?parent=169100"}],"wp:term":[{"taxonomy":"category","embeddable":true,"href":"https:\/\/www.europesays.com\/es\/wp-json\/wp\/v2\/categories?post=169100"},{"taxonomy":"post_tag","embeddable":true,"href":"https:\/\/www.europesays.com\/es\/wp-json\/wp\/v2\/tags?post=169100"}],"curies":[{"name":"wp","href":"https:\/\/api.w.org\/{rel}","templated":true}]}}