{"id":169102,"date":"2025-10-11T07:25:08","date_gmt":"2025-10-11T07:25:08","guid":{"rendered":"https:\/\/www.europesays.com\/es\/169102\/"},"modified":"2025-10-11T07:25:08","modified_gmt":"2025-10-11T07:25:08","slug":"la-crisis-de-gestion-de-moreno-en-andalucia-recrude-la-batalla-de-pp-y-vox-espana","status":"publish","type":"post","link":"https:\/\/www.europesays.com\/es\/169102\/","title":{"rendered":"La crisis de gesti\u00f3n de Moreno en Andaluc\u00eda recrude la batalla de PP y Vox | Espa\u00f1a"},"content":{"rendered":"<p class=\"\">Hace muy pocas semanas <a href=\"https:\/\/elpais.com\/espana\/2025-07-17\/moreno-conserva-su-mayoria-absoluta-y-la-corrupcion-lastra-al-psoe-de-montero-segun-el-cis-andaluz.html\" target=\"_self\" rel=\"nofollow noopener\" title=\"https:\/\/elpais.com\/espana\/2025-07-17\/moreno-conserva-su-mayoria-absoluta-y-la-corrupcion-lastra-al-psoe-de-montero-segun-el-cis-andaluz.html\">la hip\u00f3tesis de un magn\u00edfico resultado de Juan Manuel Moreno Bonilla en las elecciones andaluzas<\/a> de la pr\u00f3xima primavera era uno de los hitos barajados por la c\u00fapula del PP de Feij\u00f3o para asentar la idea de una especie de primer examen en las urnas contra Pedro S\u00e1nchez y su apuesta en Andaluc\u00eda por Mar\u00eda Jes\u00fas Montero. En el equipo de Moreno Bonilla, ahora, tras la crisis de gesti\u00f3n de los cribados del c\u00e1ncer de mama, acepta que su mayor\u00eda absoluta actual puede estar en peligro, en particular por el auge de Vox. No es una valoraci\u00f3n aislada. Los errores al reintroducir por su cuenta el espinoso debate sobre el aborto de <a href=\"https:\/\/elpais.com\/espana\/2025-10-10\/el-ejecutivo-de-ayuso-mantiene-su-negativa-a-crear-el-registro-de-objetores-al-aborto-tras-garantizar-feijoo-el-cumplimiento-de-la-ley.html\" target=\"_self\" rel=\"nofollow noopener\" title=\"https:\/\/elpais.com\/espana\/2025-10-10\/el-ejecutivo-de-ayuso-mantiene-su-negativa-a-crear-el-registro-de-objetores-al-aborto-tras-garantizar-feijoo-el-cumplimiento-de-la-ley.html\">los l\u00edderes madrile\u00f1os del PP, tanto de Jos\u00e9 Luis Mart\u00ednez Almeida como de Isabel D\u00edaz Ayuso<\/a>, y los bandazos en el discurso sobre inmigraci\u00f3n, <a href=\"https:\/\/elpais.com\/espana\/2025-10-10\/malestar-en-el-pp-con-ayuso-tras-su-ultimo-desafio-antiabortista-deja-a-los-demas-con-el-culo-al-aire.html\" target=\"_self\" rel=\"nofollow noopener\" title=\"https:\/\/elpais.com\/espana\/2025-10-10\/malestar-en-el-pp-con-ayuso-tras-su-ultimo-desafio-antiabortista-deja-a-los-demas-con-el-culo-al-aire.html\">ponen en cuesti\u00f3n la fortaleza del liderazgo del propio Feij\u00f3o<\/a>.<\/p>\n<p class=\"\">Para el PP, ahora, todos los debates y pol\u00e9micas que no les interesan son \u201cenormes cortinas de humo\u201d del sanchismo, como denunci\u00f3 ayer su <a href=\"https:\/\/x.com\/ALMA_EZCURRA\/status\/1976260928669728888\" target=\"_self\" rel=\"nofollow\" title=\"https:\/\/x.com\/ALMA_EZCURRA\/status\/1976260928669728888\">vicesecretaria de Coordinaci\u00f3n Sectorial, Alma Ezcurra<\/a>, para eludir comentar c\u00f3mo piensa vadear Feij\u00f3o la brecha evidente entre el sector m\u00e1s duro de su partido y el m\u00e1s abierto en el tema del aborto. Ezcurra intent\u00f3 dar por superado ese nuevo episodio de divisi\u00f3n interna con la excusa de que el asunto est\u00e1 superado por la sociedad espa\u00f1ola hace 50 a\u00f1os como si el PP no hubiera recurrido en este tiempo la ley del aborto al Constitucional y se haya opuesto a ese avance en numerosas votaciones.<\/p>\n<p class=\"\">La dirigente popular calific\u00f3 de \u201cindecencia\u201d los evidentes intentos del Gobierno de Pedro S\u00e1nchez de aprovechar esa falla del PP \u201cpara tratar de tapar su miseria moral\u201d e insisti\u00f3 en que lo que les preocupa es el problema de la baja natalidad en Espa\u00f1a y \u201cde las mujeres que quieren tener hijos y no pueden\u201d. <a href=\"https:\/\/x.com\/ALMA_EZCURRA\/status\/1976261613419180087\" target=\"_self\" rel=\"nofollow\" title=\"https:\/\/x.com\/ALMA_EZCURRA\/status\/1976261613419180087\">Ezcurra repiti\u00f3 el mensaje emitido el d\u00eda anterior por Feij\u00f3o,<\/a> en una carta en teor\u00eda dirigida a S\u00e1nchez pero con claros avisos al ala m\u00e1s conservadora del PP, sobre que un hipot\u00e9tico gobierno popular no tendr\u00eda m\u00e1s opci\u00f3n que cumplir la legalidad y, por tanto, estar a favor de los registros de objetores que prev\u00e9 la norma y que Ayuso ha amenazado con que \u201cnunca\u201d implantar\u00e1. La sanidad p\u00fablica en la Comunidad de Madrid registra uno de los porcentajes m\u00e1s bajos de Espa\u00f1a en ese servicio.<\/p>\n<p class=\"\">La responsable popular aludi\u00f3 ah\u00ed tambi\u00e9n a que el PP de Feij\u00f3o hab\u00eda <a href=\"https:\/\/elpais.com\/espana\/2025-07-06\/el-nuevo-ideario-del-pp-endurecimiento-sobre-inmigracion-sin-rastro-del-aborto-y-defensa-de-la-libertad-de-prensa-o-la-tauromaquia.html\" target=\"_self\" rel=\"nofollow noopener\" title=\"https:\/\/elpais.com\/espana\/2025-07-06\/el-nuevo-ideario-del-pp-endurecimiento-sobre-inmigracion-sin-rastro-del-aborto-y-defensa-de-la-libertad-de-prensa-o-la-tauromaquia.html\">aprobado por unanimidad su ponencia pol\u00edtica en el congreso nacional<\/a> hace tres meses y el equipo del presidente nacional entiende, por tanto, que, como no hubo ah\u00ed enmiendas al respecto, no deber\u00eda haber ahora ning\u00fan debate. En el c\u00f3nclave popular de julio, la discusi\u00f3n sobre el aborto se obvi\u00f3, como casi todas las materias susceptibles de confrontaci\u00f3n, y se incluyeron cinco p\u00e1rrafos gen\u00e9ricos en favor de la familia y de ayuda e informaci\u00f3n a las mujeres que quieran ser madres.<\/p>\n<p class=\"\">Feij\u00f3o y su entorno llevan varias semanas intentando en vano zanjar ese asunto que suscit\u00f3 el alcalde madrile\u00f1o al permitir una moci\u00f3n de Vox sobre el acient\u00edfico s\u00edndrome postaborto. Almeida fue forzado a matizar sus convicciones personales y Ayuso, que hace pocos a\u00f1os defend\u00eda posiciones avanzadas a favor del aborto incluso entre las adolescentes sin el permiso de sus padres, ahora ha querido diferenciarse de otros barones del PP que s\u00ed han asumido que tendr\u00e1n que realizar ese registro de objetores.<\/p>\n<p class=\"\">Lo que constatan en <a href=\"https:\/\/elpais.com\/espana\/2025-10-04\/el-pp-alejado-de-madrid-quiere-combatir-y-no-competir-con-vox.html\" target=\"_self\" rel=\"nofollow noopener\" title=\"https:\/\/elpais.com\/espana\/2025-10-04\/el-pp-alejado-de-madrid-quiere-combatir-y-no-competir-con-vox.html\">el PP de Feij\u00f3o, con malestar, inquietud y la sensaci\u00f3n de que no logran imponer su agenda pol\u00edtica<\/a> en un momento judicial y medi\u00e1tico de enorme presi\u00f3n para S\u00e1nchez con los esc\u00e1ndalos que rodean a la trama del caso \u00c1balos, Cerd\u00e1n y Koldo, es que Vox se les acerca en las encuestas sin apenas esfuerzo. Y que reflejan un enorme trasvase de voto. Y que a Vox no le penaliza sino m\u00e1s bien al contrario su radicalidad en materia de inmigraci\u00f3n. Y que las elecciones en Castilla y Le\u00f3n y Andaluc\u00eda tienen que ser en el primer semestre de 2026.<\/p>\n<p class=\"\">El <a href=\"https:\/\/elpais.com\/espana\/2025-10-10\/abascal-pide-a-moreno-que-dimita-y-convoque-ya-las-elecciones-andaluzas.html\" target=\"_self\" rel=\"nofollow noopener\" title=\"https:\/\/elpais.com\/espana\/2025-10-10\/abascal-pide-a-moreno-que-dimita-y-convoque-ya-las-elecciones-andaluzas.html\">l\u00edder de Vox, Santiago Abascal, aprovech\u00f3 ese clima de disputa y tensi\u00f3n con el PP para acercarse a Sevilla<\/a> y lanzar su campa\u00f1a en Andaluc\u00eda. El dirigente ultra aprovech\u00f3 la crisis de gesti\u00f3n de los cribados del c\u00e1ncer de mama para reclamar el anticipo electoral \u201cpara que los andaluces vuelvan a ser preguntados sobre si quieren la continuaci\u00f3n de las pol\u00edticas socialistas o si quieren una alternativa de verdad\u201d. Abascal record\u00f3 que Moreno Bonilla gobern\u00f3 por primera vez tras 37 a\u00f1os de socialismo gracias al apoyo de Vox y le culp\u00f3 de aplicar el mismo tipo de pol\u00edticas en un \u201csocialismo azul\u201d.<\/p>\n<p class=\"\">Sobre inmigraci\u00f3n,<a href=\"https:\/\/x.com\/ppopular\/status\/1976613531144319182\" target=\"_self\" rel=\"nofollow\" title=\"https:\/\/x.com\/ppopular\/status\/1976613531144319182\"> la popular Ezcurra se plant\u00f3 ayer con el secretario de esa \u00e1rea del PP, Rafa N\u00fa\u00f1ez, en el barrio madrile\u00f1o multi\u00e9tnico de Usera<\/a> y se sent\u00f3 con unas exitosas emigrantes para insistir en el mantra de que hay emigraci\u00f3n buena, que llega a Espa\u00f1a regularmente para trabajar y aportar y as\u00ed diferenciarse de los prejuicios difundidos desde Vox. El martes, en Barcelona, el PP presentar\u00e1 su plan nacional de inmigraci\u00f3n en esa l\u00ednea, pero ya avanz\u00f3 que tambi\u00e9n con medidas m\u00e1s restrictivas, como exigir la p\u00e9rdida autom\u00e1tica de la residencia para los migrantes que se demuestren con alg\u00fan v\u00ednculo violento.<\/p>\n","protected":false},"excerpt":{"rendered":"Hace muy pocas semanas la hip\u00f3tesis de un magn\u00edfico resultado de Juan Manuel Moreno Bonilla en las elecciones&hellip;\n","protected":false},"author":2,"featured_media":169103,"comment_status":"","ping_status":"","sticky":false,"template":"","format":"standard","meta":{"footnotes":""},"categories":[8],"tags":[17020,49325,6069,259,17,18,4374,49326,49327,6068,25,24,13,14,582,11,590,895,15398,3515,26166,19,20,49328,9,10,15,16,958,956,23,12,21,22,624],"class_list":{"0":"post-169102","1":"post","2":"type-post","3":"status-publish","4":"format-standard","5":"has-post-thumbnail","7":"category-espana","8":"tag-aborto","9":"tag-aborto-ilegal","10":"tag-alberto-nunez-feijoo","11":"tag-andalucia","12":"tag-breaking-news","13":"tag-breakingnews","14":"tag-elecciones","15":"tag-elecciones-andaluzas-2022","16":"tag-elecciones-autonomicas-2023","17":"tag-encuestas","18":"tag-es","19":"tag-espana","20":"tag-featured-news","21":"tag-featurednews","22":"tag-gobierno","23":"tag-headlines","24":"tag-inmigracion","25":"tag-inmigracion-irregular","26":"tag-inmigracion-irregular-espana","27":"tag-isabel-diaz-ayuso","28":"tag-juan-manuel-moreno","29":"tag-latest-news","30":"tag-latestnews","31":"tag-liderazgo-politico","32":"tag-news","33":"tag-noticias","34":"tag-noticias-destacadas","35":"tag-noticiasdestacadas","36":"tag-oposicion-politica","37":"tag-pp","38":"tag-spain","39":"tag-titulares","40":"tag-ultimas-noticias","41":"tag-ultimasnoticias","42":"tag-vox"},"share_on_mastodon":{"url":"","error":""},"_links":{"self":[{"href":"https:\/\/www.europesays.com\/es\/wp-json\/wp\/v2\/posts\/169102","targetHints":{"allow":["GET"]}}],"collection":[{"href":"https:\/\/www.europesays.com\/es\/wp-json\/wp\/v2\/posts"}],"about":[{"href":"https:\/\/www.europesays.com\/es\/wp-json\/wp\/v2\/types\/post"}],"author":[{"embeddable":true,"href":"https:\/\/www.europesays.com\/es\/wp-json\/wp\/v2\/users\/2"}],"replies":[{"embeddable":true,"href":"https:\/\/www.europesays.com\/es\/wp-json\/wp\/v2\/comments?post=169102"}],"version-history":[{"count":0,"href":"https:\/\/www.europesays.com\/es\/wp-json\/wp\/v2\/posts\/169102\/revisions"}],"wp:featuredmedia":[{"embeddable":true,"href":"https:\/\/www.europesays.com\/es\/wp-json\/wp\/v2\/media\/169103"}],"wp:attachment":[{"href":"https:\/\/www.europesays.com\/es\/wp-json\/wp\/v2\/media?parent=169102"}],"wp:term":[{"taxonomy":"category","embeddable":true,"href":"https:\/\/www.europesays.com\/es\/wp-json\/wp\/v2\/categories?post=169102"},{"taxonomy":"post_tag","embeddable":true,"href":"https:\/\/www.europesays.com\/es\/wp-json\/wp\/v2\/tags?post=169102"}],"curies":[{"name":"wp","href":"https:\/\/api.w.org\/{rel}","templated":true}]}}