{"id":169106,"date":"2025-10-11T07:28:07","date_gmt":"2025-10-11T07:28:07","guid":{"rendered":"https:\/\/www.europesays.com\/es\/169106\/"},"modified":"2025-10-11T07:28:07","modified_gmt":"2025-10-11T07:28:07","slug":"por-fin-una-novillada-de-madrid","status":"publish","type":"post","link":"https:\/\/www.europesays.com\/es\/169106\/","title":{"rendered":"Por fin una novillada \u00abde Madrid\u00bb"},"content":{"rendered":"<p>Gonzalo I. Bienvenida Madrid<\/p>\n<p>Actualizado  S\u00e1bado,<br \/>\n11<br \/>\noctubre<br \/>\n2025<br \/>\n&#8211;<br \/>\n09:06<\/p>\n<p class=\"ue-c-article__paragraph\">La \u00faltima novillada del a\u00f1o en Madrid tuvo las hechuras y la presencia de lo que llevamos reivindicando tanto tiempo. <strong>Novillos serios, con apariencia de novillos, de buenas hechuras.<\/strong> El juego no fue el esperado, aunque hubo algunos novillos con ciertas posibilidades. <\/p>\n<p class=\"ue-c-article__paragraph\">Las Ventas es una plaza de temporada que tiene la obligaci\u00f3n de lanzar nombres a la fiesta. <strong>En las 14 novilladas celebradas en 2025 no se ha abierto en ninguna ocasi\u00f3n la Puerta Grande<\/strong>. Triste dato que debe hacer pensar a los veedores de la plaza, especialmente ahora que viene el relevo de Florito. La realidad es que la lidiada por Fuente Ymbro no despert\u00f3 ni una protesta, respaldando la decisi\u00f3n de ganadero, veedor, veterinarios y presidente. La afici\u00f3n quiere ver contenido en las novilladas no caras de corridas de toros -o para las calles- ni kilos y m\u00e1s kilos. <\/p>\n<p class=\"ue-c-article__paragraph\">Los tres novilleros se hab\u00edan ganado el regreso a Madrid. Fueron los finalistas del certamen nocturno de julio: \u2018C\u00e9nate Las Ventas\u2019 donde mostraron una gran proyecci\u00f3n. <\/p>\n<p class=\"ue-c-article__paragraph\">De esta segunda novillada de Oto\u00f1o guardaremos en nuestra memoria algunos chispazos de El Mene. Novillero con tanta personalidad como irregularidad. El quinto fue el novillo de la tarde, muy fino de cabos, humill\u00f3 desde la primera toma de contacto con el capote. <strong>El novillero ma\u00f1o se entretuvo en chicuelinas<\/strong> cuando el novillo ped\u00eda vuelos para torear a la ver\u00f3nica como \u00e9l ha demostrado en otras ocasiones. El inicio con la muleta tuvo sabor, con una trinchera de hondo temple. Las tandas fueron sucediendo con muletazos buenos aislados hasta que se faj\u00f3 en dos derechazos de bella verticalidad. En lugar de ahondar ah\u00ed, se fue al recurso de los circulares por atr\u00e1s. Aquello qued\u00f3 sin remato. La espada adem\u00e1s esta vez no entr\u00f3 -firm\u00f3 la estocada de la tarde en su primer turno-. Salud\u00f3 una ovaci\u00f3n, gust\u00f3 en Madrid pese sus altibajos. En su primero se justific\u00f3 sin opci\u00f3n alguna con el parado novillo. <\/p>\n<p class=\"ue-c-article__paragraph\">Pedro Luis cruz\u00f3 el ruedo con el capote arrastrado para postrarse en la puerta de chiqueros. Un paseo solemne y lento, consciente de la loter\u00eda que supone la suerte de la porta gayola. <strong>Su tarde fue un derroche de entrega. <\/strong>El debe fue el largometraje de sus faenas. M\u00e1s opciones encontr\u00f3 con el sexto al que le corri\u00f3 la mano, le perdi\u00f3 pasos y le dej\u00f3 el hueco que requer\u00eda para embestir. Lo pinch\u00f3 y, al ir a decabellar, le peg\u00f3 una fuerte voltereta destroz\u00e1ndole la taleguilla. Con su bronco primero fue todo voluntad. <\/p>\n<p class=\"ue-c-article__paragraph\">Otro volteret\u00f3n <strong>sufri\u00f3 Bruno Aloi en el cuarto, <\/strong>despu\u00e9s de alargar en exceso una faena a un descastado novillo. Lo iz\u00f3 con violencia al intentar una \u00faltima tanda que ya no ten\u00eda. Se repuso para estoquearlo. Firm\u00f3 buenas estocadas. Resolvi\u00f3 con el flojo primero que no le dio opci\u00f3n ninguna. Este verano cay\u00f3 herido de gravedad en El \u00c1lamo. Reapareci\u00f3 del percance en esta novillada. <\/p>\n<p class=\"ue-c-article__paragraph\"><strong>FUENTE YMBRO \/ Bruno Aloi, El Mene y Pedro Luis<\/strong><\/p>\n<p class=\"ue-c-article__paragraph\"><strong>MONUMENTAL DE LAS VENTAS<\/strong> Viernes, 10 de octubre de 2025. Segunda novillada de la Feria de Oto\u00f1o. M\u00e1s de tres cuartos de entrada. Novillos de Fuente Ymbro, bien presentados aunque de juego desigual. Destacaron 5\u00ba y 6\u00ba<\/p>\n<p class=\"ue-c-article__paragraph\"><strong>Bruno Aloi, de teja y oro<\/strong>. Estocada (silencio); En el cuarto, estocada (palmas). <\/p>\n<p class=\"ue-c-article__paragraph\"><strong>El Mene, de tabaco y oro<\/strong>. Gran estocada (saludos); En el quinto, pinchazo hondo y dos descabellos (saludos).<\/p>\n<p class=\"ue-c-article__paragraph\"><strong>Pedro Luis, de azul rey y oro.<\/strong> Estocada desprendida. Dos avisos (silencio); En el sexto, dos pinchazos y dos decabellos (palmas de despedida).<\/p>\n","protected":false},"excerpt":{"rendered":"Gonzalo I. Bienvenida Madrid Actualizado S\u00e1bado, 11 octubre 2025 &#8211; 09:06 La \u00faltima novillada del a\u00f1o en Madrid&hellip;\n","protected":false},"author":2,"featured_media":169107,"comment_status":"","ping_status":"","sticky":false,"template":"","format":"standard","meta":{"footnotes":""},"categories":[277],"tags":[373,819,168,25,24,23,167,374,444],"class_list":{"0":"post-169106","1":"post","2":"type-post","3":"status-publish","4":"format-standard","5":"has-post-thumbnail","7":"category-toreo","8":"tag-bullfighting","9":"tag-cultura-toros","10":"tag-deportes","11":"tag-es","12":"tag-espana","13":"tag-spain","14":"tag-sports","15":"tag-toreo","16":"tag-toros"},"share_on_mastodon":{"url":"","error":""},"_links":{"self":[{"href":"https:\/\/www.europesays.com\/es\/wp-json\/wp\/v2\/posts\/169106","targetHints":{"allow":["GET"]}}],"collection":[{"href":"https:\/\/www.europesays.com\/es\/wp-json\/wp\/v2\/posts"}],"about":[{"href":"https:\/\/www.europesays.com\/es\/wp-json\/wp\/v2\/types\/post"}],"author":[{"embeddable":true,"href":"https:\/\/www.europesays.com\/es\/wp-json\/wp\/v2\/users\/2"}],"replies":[{"embeddable":true,"href":"https:\/\/www.europesays.com\/es\/wp-json\/wp\/v2\/comments?post=169106"}],"version-history":[{"count":0,"href":"https:\/\/www.europesays.com\/es\/wp-json\/wp\/v2\/posts\/169106\/revisions"}],"wp:featuredmedia":[{"embeddable":true,"href":"https:\/\/www.europesays.com\/es\/wp-json\/wp\/v2\/media\/169107"}],"wp:attachment":[{"href":"https:\/\/www.europesays.com\/es\/wp-json\/wp\/v2\/media?parent=169106"}],"wp:term":[{"taxonomy":"category","embeddable":true,"href":"https:\/\/www.europesays.com\/es\/wp-json\/wp\/v2\/categories?post=169106"},{"taxonomy":"post_tag","embeddable":true,"href":"https:\/\/www.europesays.com\/es\/wp-json\/wp\/v2\/tags?post=169106"}],"curies":[{"name":"wp","href":"https:\/\/api.w.org\/{rel}","templated":true}]}}