{"id":169108,"date":"2025-10-11T07:29:10","date_gmt":"2025-10-11T07:29:10","guid":{"rendered":"https:\/\/www.europesays.com\/es\/169108\/"},"modified":"2025-10-11T07:29:10","modified_gmt":"2025-10-11T07:29:10","slug":"hecher-sosa-el-guanche-warrior-quiero-dejar-un-legado","status":"publish","type":"post","link":"https:\/\/www.europesays.com\/es\/169108\/","title":{"rendered":"Hecher Sosa, el \u2018Guanche Warrior\u2019: \u201cQuiero dejar un legado\u201d"},"content":{"rendered":"<p>Hace unos a\u00f1os, hablar de MMA, de UFC o de algunas de las distintas competiciones de artes marciales mixtas era poco m\u00e1s que hacerlo en arameo: solo unos pocos lo entend\u00edan. El auge de este deporte a escala mundial ha hecho que cada vez se vean m\u00e1s combates y que aumente el n\u00famero de practicantes. Lanzarote ya tiene un nombre propio: Hecher Sosa, quien luch\u00f3 desde abajo para llegar a lo m\u00e1s alto, la UFC, peleando incluso contra las circunstancias.<\/p>\n<p>Conocido como el Guanche Warrior, comparte sus sentimientos, ambiciones y el coste personal que ha implicado llegar hasta la UFC. Tras un combate decisivo en Las Vegas, en el marco del Dana White\u2019s Contender Series (DWCS), Hecher no solo asegur\u00f3 su contrato con la organizaci\u00f3n m\u00e1s prestigiosa de las artes marciales mixtas, sino que lo hizo soportando el golpe m\u00e1s duro: el fallecimiento de su padre pocas horas antes del pesaje.<\/p>\n<p>En Las Vegas, Sosa se enfrent\u00f3 a Mackson Lee en el DWCS, venciendo por decisi\u00f3n un\u00e1nime y asegurando un contrato directo con la UFC. Fue una noche hist\u00f3rica: el lanzarote\u00f1o se convirti\u00f3 en el primer espa\u00f1ol en llegar a la UFC por esa v\u00eda competitiva. Con \u00e9l, ya son dos los canarios que han logrado firmar con la UFC, y solo nueve espa\u00f1oles han alcanzado un contrato profesional con la compa\u00f1\u00eda m\u00e1s importante.<\/p>\n<p>Lo que era alegr\u00eda en ese momento, hab\u00eda sido llanto. Poco antes del pesaje para esa pelea, el padre de Hecher, Domingo Sosa, que fue boxeador amateur, falleci\u00f3 tras luchar contra el c\u00e1ncer. El d\u00eda del ajuste de peso, recibi\u00f3 la noticia temprano: \u201cMi hermano me llam\u00f3, me despert\u00f3 y me dijo: \u2018Hermano, pap\u00e1 se ha ido\u2019&#8230; le colgu\u00e9 el tel\u00e9fono, llor\u00e9, fue un dolor que no puedo explicar\u201d.<\/p>\n<p>A pesar del impacto, decidi\u00f3 seguir adelante con la pelea en honor a su padre. \u201c\u00c9l dej\u00f3 su cuerpo para venir a Las Vegas y estar conmigo en el momento m\u00e1s importante de mi carrera deportiva, y quiero pensar que, cuando entr\u00e9 en la jaula, \u00e9ramos dos los que est\u00e1bamos compitiendo contra mi rival\u201d.<\/p>\n<p>La organizaci\u00f3n le ofreci\u00f3 la posibilidad de aplazar su combate ante el brasile\u00f1o Mackson Lee, pero el lanzarote\u00f1o decidi\u00f3 continuar. Un futuro Tras conseguir la victoria y el contrato, el Guanche Warrior recibi\u00f3 otra noticia: \u201cMe ofrecieron debutar en la UFC en noviembre\u201d. Sin embargo, rechaz\u00f3 esa oportunidad para pasar tiempo con su familia tras lo vivido.<\/p>\n<p><img decoding=\"async\" src=\"https:\/\/www.europesays.com\/es\/wp-content\/uploads\/2025\/10\/111025HecherSosa.jpg\"\/><\/p>\n<blockquote>\n<p>\u201cNo tengo pensado moverme de Lanzarote, esta es mi casa\u201d, asegura Sosa<\/p>\n<\/blockquote>\n<p>Este gesto amplifica el valor humano de su historia, mostrando que, para \u00e9l, la victoria no se mide solo en logros deportivos, sino tambi\u00e9n en responsabilidad y afecto. Llegar a la UFC implica cambios, aunque Hecher quiere seguir siendo fiel a sus ra\u00edces. \u201cNo tengo pensado moverme de Lanzarote, esta es mi casa, y cuando lo haga ser\u00e1 para prepararme con los mejores, ya sea en Madrid, Tailandia o Estados Unidos, pero regresando a Lanzarote\u201d, explica.<\/p>\n<p>\u201cVengo de una isla peque\u00f1a donde los sue\u00f1os se hacen grandes, y estoy aqu\u00ed para cumplirlos\u201d. Explica que \u201cel contrato de UFC garantiza cuatro combates\u201d, y Hecher, que no es de estar mucho tiempo parado, ya piensa en cu\u00e1ndo volver a pelear. \u201cMe gustar\u00eda hacer, al menos, tres combates en 2026\u201d, se\u00f1ala. \u201cNo me voy a conformar con esto, no he llegado hasta aqu\u00ed para quedarme en el camino, sino que quiero dejar un legado\u201d.<\/p>\n<p align=\"center\"><strong>Recibimiento apote\u00f3sico<\/strong><\/p>\n<p>La haza\u00f1a de Hecher Sosa se ha convertido en una de las gestas individuales m\u00e1s importantes de la historia del deporte en Isla. El aeropuerto C\u00e9sar Manrique se llen\u00f3 de familiares, amigos y seguidores para recibir al peleador lanzarote\u00f1o. Tras fundirse en un abrazo con sus seres queridos, no par\u00f3 de fotografiarse y firmar aut\u00f3grafos con todos los presentes. No se fue del aeropuerto hasta haber atendido al \u00faltimo aficionado, demostrando una vez m\u00e1s su humildad.<\/p>\n<p>La historia de Hecher Sosa no es solo la de un luchador que acaba de firmar un contrato con la UFC, sino la de un hombre que, ante la adversidad m\u00e1s profunda, supo seguir adelante para honrar a su padre, a su familia y a s\u00ed mismo. Su triunfo en el Dana White\u2019s Contender Series transforma su nombre en una referencia para las artes marciales mixtas espa\u00f1olas.<\/p>\n<p>El Guanche Warrior tiene por delante una ruta dif\u00edcil, pero cargada de significado. Sea como sea, ya ha demostrado que sus sue\u00f1os no solo pueden hacerse realidad, sino que se forjan con sacrificio, humildad, coraje y el firme deseo de que su apellido, y su historia, signifiquen algo para quienes lo siguen.<\/p>\n","protected":false},"excerpt":{"rendered":"Hace unos a\u00f1os, hablar de MMA, de UFC o de algunas de las distintas competiciones de artes marciales&hellip;\n","protected":false},"author":2,"featured_media":169109,"comment_status":"","ping_status":"","sticky":false,"template":"","format":"standard","meta":{"footnotes":""},"categories":[276],"tags":[168,25,24,23,167,343],"class_list":{"0":"post-169108","1":"post","2":"type-post","3":"status-publish","4":"format-standard","5":"has-post-thumbnail","7":"category-ufc","8":"tag-deportes","9":"tag-es","10":"tag-espana","11":"tag-spain","12":"tag-sports","13":"tag-ufc"},"share_on_mastodon":{"url":"","error":""},"_links":{"self":[{"href":"https:\/\/www.europesays.com\/es\/wp-json\/wp\/v2\/posts\/169108","targetHints":{"allow":["GET"]}}],"collection":[{"href":"https:\/\/www.europesays.com\/es\/wp-json\/wp\/v2\/posts"}],"about":[{"href":"https:\/\/www.europesays.com\/es\/wp-json\/wp\/v2\/types\/post"}],"author":[{"embeddable":true,"href":"https:\/\/www.europesays.com\/es\/wp-json\/wp\/v2\/users\/2"}],"replies":[{"embeddable":true,"href":"https:\/\/www.europesays.com\/es\/wp-json\/wp\/v2\/comments?post=169108"}],"version-history":[{"count":0,"href":"https:\/\/www.europesays.com\/es\/wp-json\/wp\/v2\/posts\/169108\/revisions"}],"wp:featuredmedia":[{"embeddable":true,"href":"https:\/\/www.europesays.com\/es\/wp-json\/wp\/v2\/media\/169109"}],"wp:attachment":[{"href":"https:\/\/www.europesays.com\/es\/wp-json\/wp\/v2\/media?parent=169108"}],"wp:term":[{"taxonomy":"category","embeddable":true,"href":"https:\/\/www.europesays.com\/es\/wp-json\/wp\/v2\/categories?post=169108"},{"taxonomy":"post_tag","embeddable":true,"href":"https:\/\/www.europesays.com\/es\/wp-json\/wp\/v2\/tags?post=169108"}],"curies":[{"name":"wp","href":"https:\/\/api.w.org\/{rel}","templated":true}]}}