{"id":169120,"date":"2025-10-11T07:38:11","date_gmt":"2025-10-11T07:38:11","guid":{"rendered":"https:\/\/www.europesays.com\/es\/169120\/"},"modified":"2025-10-11T07:38:11","modified_gmt":"2025-10-11T07:38:11","slug":"paco-cerda-premio-nacional-de-narrativa-2025-por-su-obra-presentes","status":"publish","type":"post","link":"https:\/\/www.europesays.com\/es\/169120\/","title":{"rendered":"Paco Cerd\u00e0, Premio Nacional de Narrativa 2025 por su obra &#8216;Presentes&#8217;"},"content":{"rendered":"<p class=\"paragraph text-xl pb-7 w-full text-pretty [&amp;_a]:text-link-normal dark:[&amp;_a]:text-link-dark [&amp;_a]:decoration-1 [&amp;_a:hover]:underline [&amp;_a:hover]:text-link-hover [&amp;_a:hover]:decoration-2 [&amp;_b_a]:text-link-normal dark:[&amp;_b_a]:text-link-dark [&amp;_b_a]:decoration-1 [&amp;_b_a:hover]:underline [&amp;_b_a:hover]:text-link-hover desktop:leading-relaxed break-words font-serif\" data-original-text-size=\"text-xl\">El escritor <b>Paco Cerd\u00e0<\/b> (Genov\u00e9s, Valencia, 1985) ha sido elegido Premio Nacional de Narrativa 2025 por su obra Presentes (Alfaguara) en la que narra el <a href=\"https:\/\/www.publico.es\/politica\/restos-primo-rivera-seran-trasladados-lugar-preeminente-valle-caidos.html\" title=\"Los restos de Primo de Rivera ser\u00e1n trasladados a un lugar \" no=\"\" preeminente=\"\" del=\"\" valle=\"\" de=\"\" los=\"\" ca=\"\" rel=\"nofollow noopener\" target=\"_blank\">traslado de los restos de Jos\u00e9 Antonio Primo de Rivera<\/a>, fundador de Falange Espa\u00f1ola, desde Alicante hasta El Escorial.<\/p>\n<p class=\"paragraph text-xl pb-7 w-full text-pretty [&amp;_a]:text-link-normal dark:[&amp;_a]:text-link-dark [&amp;_a]:decoration-1 [&amp;_a:hover]:underline [&amp;_a:hover]:text-link-hover [&amp;_a:hover]:decoration-2 [&amp;_b_a]:text-link-normal dark:[&amp;_b_a]:text-link-dark [&amp;_b_a]:decoration-1 [&amp;_b_a:hover]:underline [&amp;_b_a:hover]:text-link-hover desktop:leading-relaxed break-words font-serif\" data-original-text-size=\"text-xl\">El jurado del premio, concedido por el Ministerio de Cultura y dotado con 30.000 euros, ha destacado \u00abla <b>maestr\u00eda estil\u00edstica<\/b> con la que el autor, con un lirismo tan natural como impactante, describe la construcci\u00f3n de un mito\u00bb.<\/p>\n<p class=\"paragraph text-xl pb-7 w-full text-pretty [&amp;_a]:text-link-normal dark:[&amp;_a]:text-link-dark [&amp;_a]:decoration-1 [&amp;_a:hover]:underline [&amp;_a:hover]:text-link-hover [&amp;_a:hover]:decoration-2 [&amp;_b_a]:text-link-normal dark:[&amp;_b_a]:text-link-dark [&amp;_b_a]:decoration-1 [&amp;_b_a:hover]:underline [&amp;_b_a:hover]:text-link-hover desktop:leading-relaxed break-words font-serif\" data-original-text-size=\"text-xl\">Asimismo, ha valorado que el autor \u00abcombina la investigaci\u00f3n period\u00edstica con un <b>estilo narrativo limpio y honesto<\/b>\u00bb y que su mirada \u00abse dirige a los invisibles de la historia \u2014los que nunca tuvieron voz\u2014 y los convierte en protagonistas de una reflexi\u00f3n humana y profunda sobre el pasado\u00bb.<\/p>\n<p>Relacionado con este tema<\/p>\n<p class=\"paragraph text-xl pb-7 w-full text-pretty [&amp;_a]:text-link-normal dark:[&amp;_a]:text-link-dark [&amp;_a]:decoration-1 [&amp;_a:hover]:underline [&amp;_a:hover]:text-link-hover [&amp;_a:hover]:decoration-2 [&amp;_b_a]:text-link-normal dark:[&amp;_b_a]:text-link-dark [&amp;_b_a]:decoration-1 [&amp;_b_a:hover]:underline [&amp;_b_a:hover]:text-link-hover desktop:leading-relaxed break-words font-serif\" data-original-text-size=\"text-xl\">Demuestra as\u00ed, prosigue el fallo, que la literatura \u00abpuede ser un acto de <b>verdad y reparaci\u00f3n<\/b> sin renunciar a la belleza\u00bb, a trav\u00e9s de una historia \u00abtan aterradora como emocionante\u00bb, una cr\u00f3nica coral que entrelaza diferentes voces \u00absin perder el ritmo para abordar un episodio de nuestra historia solemne y grotesco a la vez\u00bb.<\/p>\n<p class=\"paragraph text-xl pb-7 w-full text-pretty [&amp;_a]:text-link-normal dark:[&amp;_a]:text-link-dark [&amp;_a]:decoration-1 [&amp;_a:hover]:underline [&amp;_a:hover]:text-link-hover [&amp;_a:hover]:decoration-2 [&amp;_b_a]:text-link-normal dark:[&amp;_b_a]:text-link-dark [&amp;_b_a]:decoration-1 [&amp;_b_a:hover]:underline [&amp;_b_a:hover]:text-link-hover desktop:leading-relaxed break-words font-serif\" data-original-text-size=\"text-xl\">El escritor se ha declarado \u00abapabullado y muy emocionado\u00bb con el galard\u00f3n y feliz de que las \u00abvoces olvidadas de los vencidos\u00bb en la Guerra Civil vayan a darse a conocer en hasta 14 pa\u00edses.<\/p>\n<p class=\"paragraph text-xl pb-7 w-full text-pretty [&amp;_a]:text-link-normal dark:[&amp;_a]:text-link-dark [&amp;_a]:decoration-1 [&amp;_a:hover]:underline [&amp;_a:hover]:text-link-hover [&amp;_a:hover]:decoration-2 [&amp;_b_a]:text-link-normal dark:[&amp;_b_a]:text-link-dark [&amp;_b_a]:decoration-1 [&amp;_b_a:hover]:underline [&amp;_b_a:hover]:text-link-hover desktop:leading-relaxed break-words font-serif\" data-original-text-size=\"text-xl\">Cerd\u00e1 ha comentado que, en torno a las 13.30 ha recibido una llamada \u00abde un n\u00famero que no ten\u00eda controlado\u00bb y que ha resultado ser del ministro de Cultura, <b>Ernest Urtasun<\/b>, quien le ha informado personalmente de la concesi\u00f3n del premio.<\/p>\n<p class=\"paragraph text-xl pb-7 w-full text-pretty [&amp;_a]:text-link-normal dark:[&amp;_a]:text-link-dark [&amp;_a]:decoration-1 [&amp;_a:hover]:underline [&amp;_a:hover]:text-link-hover [&amp;_a:hover]:decoration-2 [&amp;_b_a]:text-link-normal dark:[&amp;_b_a]:text-link-dark [&amp;_b_a]:decoration-1 [&amp;_b_a:hover]:underline [&amp;_b_a:hover]:text-link-hover desktop:leading-relaxed break-words font-serif\" data-original-text-size=\"text-xl\">\u00abMe he quedado apabullado y muy emocionado\u00bb, ha reconocido Cerd\u00e1, quien ha dicho que se crio \u00abcon <b>Javier Mar\u00edas y Juan Jos\u00e9 Mill\u00e1s<\/b>, que siempre ten\u00edan en la car\u00e1tula de sus libros que eran Premio Nacional y ahora yo tambi\u00e9n, me parece muy fuerte \u2013ha afirmado\u2013\u00bb.<\/p>\n<p class=\"paragraph text-xl pb-7 w-full text-pretty [&amp;_a]:text-link-normal dark:[&amp;_a]:text-link-dark [&amp;_a]:decoration-1 [&amp;_a:hover]:underline [&amp;_a:hover]:text-link-hover [&amp;_a:hover]:decoration-2 [&amp;_b_a]:text-link-normal dark:[&amp;_b_a]:text-link-dark [&amp;_b_a]:decoration-1 [&amp;_b_a:hover]:underline [&amp;_b_a:hover]:text-link-hover desktop:leading-relaxed break-words font-serif\" data-original-text-size=\"text-xl\">Periodista y escritor, Cerd\u00e1 tambi\u00e9n es autor de 14 de abril, otra cr\u00f3nica sobre la <b>historia espa\u00f1ola del siglo XX<\/b>, en este caso la <a href=\"https:\/\/www.publico.es\/politica\/ii-republica-paso-14-abril-1931-espana.html\" title=\"II Rep\u00fablica: \u00bfQu\u00e9 pas\u00f3 el 14 de abril de 1931 en Espa\u00f1a?\" rel=\"nofollow noopener\" target=\"_blank\">proclamaci\u00f3n de la Segunda Rep\u00fablica<\/a>, con la que gan\u00f3 el Premio de No Ficci\u00f3n Libros del Asteroide 2022 o el de la Cr\u00edtica Valenciana.<\/p>\n<p class=\"paragraph text-xl pb-7 w-full text-pretty [&amp;_a]:text-link-normal dark:[&amp;_a]:text-link-dark [&amp;_a]:decoration-1 [&amp;_a:hover]:underline [&amp;_a:hover]:text-link-hover [&amp;_a:hover]:decoration-2 [&amp;_b_a]:text-link-normal dark:[&amp;_b_a]:text-link-dark [&amp;_b_a]:decoration-1 [&amp;_b_a:hover]:underline [&amp;_b_a:hover]:text-link-hover desktop:leading-relaxed break-words font-serif\" data-original-text-size=\"text-xl\">Tambi\u00e9n ha publicado El pe\u00f3n, Premio C\u00e1lamo al Libro del A\u00f1o 2020 y finalista del Premio al Mejor Libro Extranjero de Francia y Los \u00faltimos (2017).<\/p>\n<p class=\"paragraph text-xl pb-7 w-full text-pretty [&amp;_a]:text-link-normal dark:[&amp;_a]:text-link-dark [&amp;_a]:decoration-1 [&amp;_a:hover]:underline [&amp;_a:hover]:text-link-hover [&amp;_a:hover]:decoration-2 [&amp;_b_a]:text-link-normal dark:[&amp;_b_a]:text-link-dark [&amp;_b_a]:decoration-1 [&amp;_b_a:hover]:underline [&amp;_b_a:hover]:text-link-hover desktop:leading-relaxed break-words font-serif\" data-original-text-size=\"text-xl\">Como <b>reportero <\/b>ha trabajado en el diario Levante-El Mercantil Valenciano y ha colaborado con la Cadena Ser. Escribe en el diario El Pa\u00eds y en Cuadernos Hispanoamericanos e imparte clases de literatura de no ficci\u00f3n en la Universitat de Val\u00e8ncia.\u00a0Asimismo es fundador y dirigi\u00f3 la editorial La Caja Books.<\/p>\n<p class=\"paragraph text-xl pb-7 w-full text-pretty [&amp;_a]:text-link-normal dark:[&amp;_a]:text-link-dark [&amp;_a]:decoration-1 [&amp;_a:hover]:underline [&amp;_a:hover]:text-link-hover [&amp;_a:hover]:decoration-2 [&amp;_b_a]:text-link-normal dark:[&amp;_b_a]:text-link-dark [&amp;_b_a]:decoration-1 [&amp;_b_a:hover]:underline [&amp;_b_a:hover]:text-link-hover desktop:leading-relaxed break-words font-serif\" data-original-text-size=\"text-xl\">En su pasada edici\u00f3n, el Premio Nacional de Narrativa reconoci\u00f3 a <b>Ra\u00fal Quinto<\/b>, uni\u00e9ndose a una amplia <b>lista de galardonados<\/b>, entre quienes se encuentran Marilar Aleixandre, Xes\u00fas Fraga, Juan Bonilla, Pilar Ad\u00f3n, Cristina Morales, <a href=\"https:\/\/www.publico.es\/uwu\/cultura\/almudena-grandes-retrato-narrado-escritora-nunca-quiso-famosa.html\" title=\"Almudena Grandes, un retrato narrado de una escritora que nunca quiso ser famosa\" rel=\"nofollow noopener\" target=\"_blank\">Almudena Grandes<\/a>, Fernando Aramburu o Cristina Fern\u00e1ndez Cubas, entre otros.<\/p>\n","protected":false},"excerpt":{"rendered":"El escritor Paco Cerd\u00e0 (Genov\u00e9s, Valencia, 1985) ha sido elegido Premio Nacional de Narrativa 2025 por su obra&hellip;\n","protected":false},"author":2,"featured_media":169121,"comment_status":"","ping_status":"","sticky":false,"template":"","format":"standard","meta":{"footnotes":""},"categories":[172],"tags":[224,49249,146,147,25,24,225,813,4027,1047,843,23],"class_list":{"0":"post-169120","1":"post","2":"type-post","3":"status-publish","4":"format-standard","5":"has-post-thumbnail","7":"category-libros","8":"tag-books","9":"tag-cerda","10":"tag-entertainment","11":"tag-entretenimiento","12":"tag-es","13":"tag-espana","14":"tag-libros","15":"tag-nacional","16":"tag-narrativa","17":"tag-paco","18":"tag-premio","19":"tag-spain"},"share_on_mastodon":{"url":"","error":""},"_links":{"self":[{"href":"https:\/\/www.europesays.com\/es\/wp-json\/wp\/v2\/posts\/169120","targetHints":{"allow":["GET"]}}],"collection":[{"href":"https:\/\/www.europesays.com\/es\/wp-json\/wp\/v2\/posts"}],"about":[{"href":"https:\/\/www.europesays.com\/es\/wp-json\/wp\/v2\/types\/post"}],"author":[{"embeddable":true,"href":"https:\/\/www.europesays.com\/es\/wp-json\/wp\/v2\/users\/2"}],"replies":[{"embeddable":true,"href":"https:\/\/www.europesays.com\/es\/wp-json\/wp\/v2\/comments?post=169120"}],"version-history":[{"count":0,"href":"https:\/\/www.europesays.com\/es\/wp-json\/wp\/v2\/posts\/169120\/revisions"}],"wp:featuredmedia":[{"embeddable":true,"href":"https:\/\/www.europesays.com\/es\/wp-json\/wp\/v2\/media\/169121"}],"wp:attachment":[{"href":"https:\/\/www.europesays.com\/es\/wp-json\/wp\/v2\/media?parent=169120"}],"wp:term":[{"taxonomy":"category","embeddable":true,"href":"https:\/\/www.europesays.com\/es\/wp-json\/wp\/v2\/categories?post=169120"},{"taxonomy":"post_tag","embeddable":true,"href":"https:\/\/www.europesays.com\/es\/wp-json\/wp\/v2\/tags?post=169120"}],"curies":[{"name":"wp","href":"https:\/\/api.w.org\/{rel}","templated":true}]}}