{"id":169122,"date":"2025-10-11T07:39:08","date_gmt":"2025-10-11T07:39:08","guid":{"rendered":"https:\/\/www.europesays.com\/es\/169122\/"},"modified":"2025-10-11T07:39:08","modified_gmt":"2025-10-11T07:39:08","slug":"la-voz-13-6-mantiene-el-liderazgo-ante-de-viernes-12-1-que-recorta-distancias-con-carlo-costanzia-en-plato","status":"publish","type":"post","link":"https:\/\/www.europesays.com\/es\/169122\/","title":{"rendered":"&#8216;La Voz&#8217; (13.6%) mantiene el liderazgo ante &#8216;De Viernes&#8217; (12.1%), que recorta distancias con Carlo Costanzia en plat\u00f3"},"content":{"rendered":"<p class=\"article-text\">\n        Cuarta semana de <strong>Audiciones a ciegas<\/strong> en<strong> La Voz<\/strong>, y cuarto liderazgo consecutivo para el talent show de <strong>Antena 3<\/strong>. El programa musical firma una nueva victoria en prime time, aunque cede algo de terreno en favor de su rival <strong>De Viernes<\/strong>, que consigue recortar distancias con la entrevista en plat\u00f3 a <strong>Carlo Costanzia<\/strong>.\n    <\/p>\n<p>    <a href=\"https:\/\/www.eldiario.es\/vertele\/audiencias-tv\/jueves-9-octubre-la-promesa-marca-record-temporada-encabeza-tarde-positiva-audiencias-rtve-la-1_1_12672591.html\" data-mrf-recirculation=\"saber-mas\" data-dl-event=\"saber-mas\" rel=\"nofollow noopener\" target=\"_blank\"><\/p>\n<p class=\"know-more__title\">&#8216;La Promesa&#8217; (15.1%) marca r\u00e9cord de temporada y encabeza otra tarde muy positiva en audiencias para La 1 de RTVE<\/p>\n<p>            <img decoding=\"async\" class=\"lazy\" loading=\"lazy\" data-src=\"https:\/\/static.eldiario.es\/clip\/03ec0bb9-626b-4313-825f-eb03b53909b6_16-9-aspect-ratio_default_0.jpg\" src=\"data:image\/svg+xml,%3Csvg xmlns=\" http:=\"\" viewbox=\"0 0 880 495\" alt=\"'La Promesa' (15.1%) marca r\u00e9cord de temporada y encabeza otra tarde muy positiva en audiencias para La 1 de RTVE\"\/><\/p>\n<p>                        <\/a><\/p>\n<p class=\"article-text\">\n        El formato presentado por <strong>Eva Gonz\u00e1lez <\/strong>registra un <strong>13.6% y 1.162.000 espectadores<\/strong>, lo que supone una <strong>bajada de 1,4 puntos<\/strong> y 65.000 seguidores respecto a siete d\u00edas atr\u00e1s, donde protagoniz\u00f3 una importante subida. El dato, no obstante, sirve a La Voz para mantener el liderazgo de la noche y por ahora no ve peligrar su dominio.\n    <\/p>\n<p class=\"article-text\">\n        Por detr\u00e1s asoma el espacio de coraz\u00f3n de<strong> Santi Acosta y Beatriz Archidona <\/strong>en <strong>Telecinco<\/strong>, que despu\u00e9s de marcar su peor dato de la temporada hace una semana, recupera sensaciones y crece hasta un <strong>12.1% y 888.000 espectadores <\/strong>con la entrevista en plat\u00f3 al hijo de <strong>Mar Flores<\/strong>.\n    <\/p>\n<p class=\"article-text\">\n        Esto significa una subida de 1,3 puntos y 125.000 seguidores para De Viernes si nos fijamos en el dato de hace siete d\u00edas, y le permite recortar su distancia con el l\u00edder a <strong>\u00fanicamente 1,5 puntos<\/strong>.\n    <\/p>\n<p class=\"article-text\">\n        En el resto de la jornada, las series diarias vuelven a destacar en la tarde con un 14.3% y 1.178.000 espectadores para <strong>Sue\u00f1os de libertad<\/strong>, que se desmarca un d\u00eda m\u00e1s en Antena 3 como la m\u00e1s vista. Tambi\u00e9n <strong>La Promesa<\/strong> sigue en grandes datos tras su r\u00e9cord y registra un 14% y 949.000 seguidores en La 1. <strong>Valle Salvaje<\/strong>, tambi\u00e9n de RTVE, contin\u00faa fuerte con un 13.1%.\n    <\/p>\n<p class=\"article-text\">\n        En la franja matinal,<strong> Ma\u00f1aneros 360 <\/strong>se dispara a r\u00e9cord de temporada con un imponente <strong>17.7% de cuota <\/strong>y 535.000 espectadores para<strong> Adela Gonz\u00e1lez y Javier Ruiz<\/strong>. Antes, <strong>Silvia Intxaurrondo<\/strong> sigue imparable con <strong>La hora de La 1<\/strong>, que se instala en el 21% de share.\n    <\/p>\n<ul>\n<li><strong>PROGRAMAS CON MEJOR CUOTA DEL VIERNES (POR CADENAS)<\/strong><\/li>\n<\/ul>\n<tr>\n<td colspan=\"2\" class=\"                                                \">\n                    <strong>                    Antena 3:<br \/>\n                    <\/strong>                <\/td>\n<td class=\"                                                \">\n                                        La ruleta de la suerte\n                                    <\/td>\n<td class=\"new_share__tbl--5                                                \">\n                                        21.4%\n                                    <\/td>\n<\/tr>\n<tr>\n<td colspan=\"2\" class=\"                                                \">\n                    <strong>                    La 1:<br \/>\n                    <\/strong>                <\/td>\n<td class=\"                                                \">\n                                        Ma\u00f1aneros 360\n                                    <\/td>\n<td class=\"new_share__tbl--5                                                \">\n                                        17.7%\n                                    <\/td>\n<\/tr>\n<tr>\n<td colspan=\"2\" class=\"                                                \">\n                    <strong>                    laSexta:<br \/>\n                    <\/strong>                <\/td>\n<td class=\"                                                \">\n                                        Aruser@s\n                                    <\/td>\n<td class=\"new_share__tbl--5                                                \">\n                                        14.2%\n                                    <\/td>\n<\/tr>\n<tr>\n<td colspan=\"2\" class=\"                                                \">\n                    <strong>                    Telecinco:<br \/>\n                    <\/strong>                <\/td>\n<td class=\"                                                \">\n                                        El programa de Ana Rosa\n                                    <\/td>\n<td class=\"new_share__tbl--5                                                \">\n                                        12.5%\n                                    <\/td>\n<\/tr>\n<tr>\n<td colspan=\"2\" class=\"                                                \">\n                    <strong>                    Cuatro:<br \/>\n                    <\/strong>                <\/td>\n<td class=\"                                                \">\n                                        First dates\n                                    <\/td>\n<td class=\"new_share__tbl--5                                                \">\n                                        7.9%\n                                    <\/td>\n<\/tr>\n<tr>\n<td colspan=\"2\" class=\"                                                \">\n                    <strong>                    La 2:<br \/>\n                    <\/strong>                <\/td>\n<td class=\"                                                \">\n                                        Cifras y letras\n                                    <\/td>\n<td class=\"new_share__tbl--5                                                \">\n                                        6.6%\n                                    <\/td>\n<\/tr>\n<tr>\n<td colspan=\"2\" class=\"                                                \">\n                    <strong>                    Informativo con mejor share:<br \/>\n                    <\/strong>                <\/td>\n<td class=\"                                                \">\n                                        Antena 3 Noticias 1\n                                    <\/td>\n<td class=\"new_share__tbl--5                                                \">\n                                        23.1%\n                                    <\/td>\n<\/tr>\n<p class=\"article-text\">\n        *Programas emitidos entre las 09:00 y las 01:00 horas\n    <\/p>\n<p class=\"article-text\">\n        &#8216;Pasapalabra&#8217; (Antena 3), a las 21:02 con 2.591.770 espectadores y un 26.9% de share\n    <\/p>\n<p>    D\u00eda<\/p>\n<tr>\n<td class=\"                                                \">\n                                        Antena 3\n                                    <\/td>\n<td class=\"new_share__tbl--5                                                \">\n                                        13.8%\n                                    <\/td>\n<\/tr>\n<tr>\n<td class=\"                                                \">\n                                        La 1\n                                    <\/td>\n<td class=\"new_share__tbl--5                                                \">\n                                        12.4%\n                                    <\/td>\n<\/tr>\n<tr>\n<td class=\"                                                \">\n                                        Tem\u00e1ticas de pago\n                                    <\/td>\n<td class=\"new_share__tbl--5                                                \">\n                                        9.8%\n                                    <\/td>\n<\/tr>\n<tr>\n<td class=\"                                                \">\n                                        Telecinco\n                                    <\/td>\n<td class=\"new_share__tbl--5                                                \">\n                                        9.6%\n                                    <\/td>\n<\/tr>\n<tr>\n<td class=\"                                                \">\n                                        Auton\u00f3micas (FORTA)\n                                    <\/td>\n<td class=\"new_share__tbl--5                                                \">\n                                        8.5%\n                                    <\/td>\n<\/tr>\n<tr>\n<td class=\"                                                \">\n                                        laSexta\n                                    <\/td>\n<td class=\"new_share__tbl--5                                                \">\n                                        6.3%\n                                    <\/td>\n<\/tr>\n<tr>\n<td class=\"                                                \">\n                                        Cuatro\n                                    <\/td>\n<td class=\"new_share__tbl--5                                                \">\n                                        5.7%\n                                    <\/td>\n<\/tr>\n<tr>\n<td class=\"                                                \">\n                                        La 2\n                                    <\/td>\n<td class=\"new_share__tbl--5                                                \">\n                                        3.3%\n                                    <\/td>\n<\/tr>\n<tr>\n<td class=\"                                                \">\n                                        Auton\u00f3micas privadas\n                                    <\/td>\n<td class=\"new_share__tbl--5                                                \">\n                                        0.4%\n                                    <\/td>\n<\/tr>\n<p>    Mes<\/p>\n<tr>\n<td class=\"                                                \">\n                                        Antena 3\n                                    <\/td>\n<td class=\"new_share__tbl--5                                                \">\n                                        13.2%\n                                    <\/td>\n<\/tr>\n<tr>\n<td class=\"                                                \">\n                                        La 1\n                                    <\/td>\n<td class=\"new_share__tbl--5                                                \">\n                                        12.2%\n                                    <\/td>\n<\/tr>\n<tr>\n<td class=\"                                                \">\n                                        Tem\u00e1ticas de pago\n                                    <\/td>\n<td class=\"new_share__tbl--5                                                \">\n                                        10.7%\n                                    <\/td>\n<\/tr>\n<tr>\n<td class=\"                                                \">\n                                        Telecinco\n                                    <\/td>\n<td class=\"new_share__tbl--5                                                \">\n                                        9.5%\n                                    <\/td>\n<\/tr>\n<tr>\n<td class=\"                                                \">\n                                        Auton\u00f3micas (FORTA)\n                                    <\/td>\n<td class=\"new_share__tbl--5                                                \">\n                                        8.5%\n                                    <\/td>\n<\/tr>\n<tr>\n<td class=\"                                                \">\n                                        laSexta\n                                    <\/td>\n<td class=\"new_share__tbl--5                                                \">\n                                        6%\n                                    <\/td>\n<\/tr>\n<tr>\n<td class=\"                                                \">\n                                        Cuatro\n                                    <\/td>\n<td class=\"new_share__tbl--5                                                \">\n                                        5.8%\n                                    <\/td>\n<\/tr>\n<tr>\n<td class=\"                                                \">\n                                        La 2\n                                    <\/td>\n<td class=\"new_share__tbl--5                                                \">\n                                        3.1%\n                                    <\/td>\n<\/tr>\n<tr>\n<td class=\"                                                \">\n                                        Auton\u00f3micas privadas\n                                    <\/td>\n<td class=\"new_share__tbl--5                                                \">\n                                        0.3%\n                                    <\/td>\n<\/tr>\n<p class=\"article-text\">\n        <strong>SOBREMESA<\/strong>\n    <\/p>\n<tr>\n<td class=\"                                                \">\n                                        Antena 3 Noticias 1\n                                    <\/td>\n<td class=\"new_share__tbl--5                                                \">\n                                        23.1%\n                                    <\/td>\n<td class=\"                        new_share__tbl--10                        \">\n                                        2.056.000\n                                    <\/td>\n<\/tr>\n<tr>\n<td class=\"                                                \">\n                                        Telediario 1\n                                    <\/td>\n<td class=\"new_share__tbl--5                                                \">\n                                        17.8%\n                                    <\/td>\n<td class=\"                        new_share__tbl--10                        \">\n                                        1.592.000\n                                    <\/td>\n<\/tr>\n<tr>\n<td class=\"                                                \">\n                                        Informativos Telecinco 15h\n                                    <\/td>\n<td class=\"new_share__tbl--5                                                \">\n                                        9.2%\n                                    <\/td>\n<td class=\"                        new_share__tbl--10                        \">\n                                        816.000\n                                    <\/td>\n<\/tr>\n<tr>\n<td class=\"                                                \">\n                                        laSexta Noticias 14h\n                                    <\/td>\n<td class=\"new_share__tbl--5                                                \">\n                                        8.8%\n                                    <\/td>\n<td class=\"                        new_share__tbl--10                        \">\n                                        666.000\n                                    <\/td>\n<\/tr>\n<tr>\n<td class=\"                                                \">\n                                        Jugones\n                                    <\/td>\n<td class=\"new_share__tbl--5                                                \">\n                                        5.5%\n                                    <\/td>\n<td class=\"                        new_share__tbl--10                        \">\n                                        503.000\n                                    <\/td>\n<\/tr>\n<p class=\"article-text\">\n        <strong>PRIME TIME<\/strong>\n    <\/p>\n<tr>\n<td class=\"                                                \">\n                                        Antena 3 Noticias 2\n                                    <\/td>\n<td class=\"new_share__tbl--5                                                \">\n                                        18.6%\n                                    <\/td>\n<td class=\"                        new_share__tbl--10                        \">\n                                        1.884.000\n                                    <\/td>\n<\/tr>\n<tr>\n<td class=\"                                                \">\n                                        Telediario 2\n                                    <\/td>\n<td class=\"new_share__tbl--5                                                \">\n                                        13.5%\n                                    <\/td>\n<td class=\"                        new_share__tbl--10                        \">\n                                        1.364.000\n                                    <\/td>\n<\/tr>\n<tr>\n<td class=\"                                                \">\n                                        Informativos Telecinco 21h\n                                    <\/td>\n<td class=\"new_share__tbl--5                                                \">\n                                        8.1%\n                                    <\/td>\n<td class=\"                        new_share__tbl--10                        \">\n                                        824.000\n                                    <\/td>\n<\/tr>\n<tr>\n<td class=\"                                                \">\n                                        laSexta Noticias 20h\n                                    <\/td>\n<td class=\"new_share__tbl--5                                                \">\n                                        6.9%\n                                    <\/td>\n<td class=\"                        new_share__tbl--10                        \">\n                                        548.000\n                                    <\/td>\n<\/tr>\n<tr>\n<td class=\"                                                \">\n                                        Noticias Cuatro 2\n                                    <\/td>\n<td class=\"new_share__tbl--5                                                \">\n                                        4.9%\n                                    <\/td>\n<td class=\"                        new_share__tbl--10                        \">\n                                        386.000\n                                    <\/td>\n<\/tr>\n<p class=\"article-text\">\n        <strong>FRANJA MATINAL<\/strong>\n    <\/p>\n<tr>\n<td class=\"                                                \">\n                                        Telediario matinal\n                                    <\/td>\n<td class=\"new_share__tbl--5                                                \">\n                                        17.4%\n                                    <\/td>\n<td class=\"                        new_share__tbl--10                        \">\n                                        124.000\n                                    <\/td>\n<\/tr>\n<tr>\n<td class=\"                                                \">\n                                        Antena 3 Noticias de la ma\u00f1ana\n                                    <\/td>\n<td class=\"new_share__tbl--5                                                \">\n                                        14.2%\n                                    <\/td>\n<td class=\"                        new_share__tbl--10                        \">\n                                        153.000\n                                    <\/td>\n<\/tr>\n<tr>\n<td class=\"                                                \">\n                                        El Matinal (Telecinco)\n                                    <\/td>\n<td class=\"new_share__tbl--5                                                \">\n                                        11.2%\n                                    <\/td>\n<td class=\"                        new_share__tbl--10                        \">\n                                        128.000\n                                    <\/td>\n<\/tr>\n<p>    <a href=\"https:\/\/www.eldiario.es\/vertele\/entrevistas\/eva-soriano-rtve-cuanto-aprender-vivir-con-filtro-odio-correccion-politica-hablar-impostado-la-1_1_12673919.html\" data-mrf-recirculation=\"saber-mas-abajo\" data-dl-event=\"saber-mas-abajo\" rel=\"nofollow noopener\" target=\"_blank\"><\/p>\n<p class=\"know-more__title\">Eva Soriano vuelve a RTVE tras aprender \u201ca vivir con un filtro\u201d: \u201cOdio esa correcci\u00f3n pol\u00edtica de hablar impostado\u201d\n<\/p>\n<p>            <img decoding=\"async\" class=\"lazy\" loading=\"lazy\" data-src=\"https:\/\/static.eldiario.es\/clip\/ca79fc44-e1f4-4315-8ee6-1dd2ee72006d_16-9-aspect-ratio_default_0.jpg\" src=\"data:image\/svg+xml,%3Csvg xmlns=\" http:=\"\" viewbox=\"0 0 880 495\" alt=\"Eva Soriano vuelve a RTVE tras aprender &quot;a vivir con un filtro&quot;: &quot;Odio esa correcci\u00f3n pol\u00edtica de hablar impostado&quot;\"\/><\/p>\n<p>                        <\/a><\/p>\n<p class=\"article-text\">\n        Todos los datos de audiencia de este informe son CON invitados y CON segundas residencias, el est\u00e1ndar del sector acordado por las cadenas con Kantar Media y aceptado por los anunciantes. Kantar Media, como fabricante de la base de datos que contiene los \u00edndices de audiencia, es la propietaria exclusiva de la informaci\u00f3n suministrada a Vertele. Cualquier utilizaci\u00f3n o reutilizaci\u00f3n de los datos y el uso indebido de los productos Kantar Media S.A. dar\u00e1 lugar a las correspondientes responsabilidades legales.\n    <\/p>\n","protected":false},"excerpt":{"rendered":"Cuarta semana de Audiciones a ciegas en La Voz, y cuarto liderazgo consecutivo para el talent show de&hellip;\n","protected":false},"author":2,"featured_media":169123,"comment_status":"","ping_status":"","sticky":false,"template":"","format":"standard","meta":{"footnotes":""},"categories":[171],"tags":[11919,5566,35883,41186,12215,14770,146,147,25,24,49330,15562,9072,19533,23,692,214,381],"class_list":{"0":"post-169122","1":"post","2":"type-post","3":"status-publish","4":"format-standard","5":"has-post-thumbnail","7":"category-tv","8":"tag-11919","9":"tag-antena3","10":"tag-carlo","11":"tag-costanzia","12":"tag-deviernes","13":"tag-distancias","14":"tag-entertainment","15":"tag-entretenimiento","16":"tag-es","17":"tag-espana","18":"tag-lavoz","19":"tag-liderazgo","20":"tag-octubre","21":"tag-recorta","22":"tag-spain","23":"tag-telecinco","24":"tag-tv","25":"tag-viernes"},"share_on_mastodon":{"url":"","error":""},"_links":{"self":[{"href":"https:\/\/www.europesays.com\/es\/wp-json\/wp\/v2\/posts\/169122","targetHints":{"allow":["GET"]}}],"collection":[{"href":"https:\/\/www.europesays.com\/es\/wp-json\/wp\/v2\/posts"}],"about":[{"href":"https:\/\/www.europesays.com\/es\/wp-json\/wp\/v2\/types\/post"}],"author":[{"embeddable":true,"href":"https:\/\/www.europesays.com\/es\/wp-json\/wp\/v2\/users\/2"}],"replies":[{"embeddable":true,"href":"https:\/\/www.europesays.com\/es\/wp-json\/wp\/v2\/comments?post=169122"}],"version-history":[{"count":0,"href":"https:\/\/www.europesays.com\/es\/wp-json\/wp\/v2\/posts\/169122\/revisions"}],"wp:featuredmedia":[{"embeddable":true,"href":"https:\/\/www.europesays.com\/es\/wp-json\/wp\/v2\/media\/169123"}],"wp:attachment":[{"href":"https:\/\/www.europesays.com\/es\/wp-json\/wp\/v2\/media?parent=169122"}],"wp:term":[{"taxonomy":"category","embeddable":true,"href":"https:\/\/www.europesays.com\/es\/wp-json\/wp\/v2\/categories?post=169122"},{"taxonomy":"post_tag","embeddable":true,"href":"https:\/\/www.europesays.com\/es\/wp-json\/wp\/v2\/tags?post=169122"}],"curies":[{"name":"wp","href":"https:\/\/api.w.org\/{rel}","templated":true}]}}