{"id":169137,"date":"2025-10-11T07:48:14","date_gmt":"2025-10-11T07:48:14","guid":{"rendered":"https:\/\/www.europesays.com\/es\/169137\/"},"modified":"2025-10-11T07:48:14","modified_gmt":"2025-10-11T07:48:14","slug":"alerta-roja-en-alicante-y-murcia-por-el-paso-de-la-dana-alice-lluvias-torrenciales-y-desalojos","status":"publish","type":"post","link":"https:\/\/www.europesays.com\/es\/169137\/","title":{"rendered":"Alerta roja en Alicante y Murcia por el paso de la DANA Alice: lluvias torrenciales y desalojos"},"content":{"rendered":"<p>\n                    Publicado                 10\/10\/2025 &#8211; 16:37 CEST<br \/>\n                \u2022Ultima actualizaci\u00f3n<br \/>\n                                     17:37\n                                        <\/p>\n<p>          <img decoding=\"async\" class=\"c-ad__placeholder__logo\" src=\"https:\/\/static.euronews.com\/website\/images\/logos\/logo-euronews-stacked-outlined-72x72-grey-9.svg\" width=\"72\" height=\"72\" alt=\"\" loading=\"lazy\"\/><br \/>\n          PUBLICIDAD<\/p>\n<p>La <a href=\"https:\/\/www.aemet.es\/es\/portada\" target=\"_blank\" rel=\"noreferrer nofollow noopener\"><strong>Agencia Estatal de Meteorolog\u00eda (Aemet)<\/strong><\/a> mantiene este viernes el <strong>aviso rojo<\/strong> en el litoral sur de <strong>Alicante<\/strong> y en el Campo de Cartagena y Mazarr\u00f3n (<strong>Murcia<\/strong>) ante el paso de la <a href=\"https:\/\/es.euronews.com\/green\/2025\/10\/09\/espana-activa-la-alerta-roja-en-alicante-y-murcia-por-las-lluvias-extremas-de-la-dana-alic\" rel=\"nofollow noopener\" target=\"_blank\">DANA Alice<\/a>, que est\u00e1 dejando lluvias torrenciales y <strong>riesgo extremo de inundaciones<\/strong>.  <\/p>\n<p>El aviso, en vigor desde las 10:00 hasta las 23:59, implica un peligro extraordinario con acumulaciones que podr\u00edan alcanzar los 60 litros por metro cuadrado en una hora y los <strong>180 litros en 12 horas<\/strong>, seg\u00fan el \u00faltimo parte meteorol\u00f3gico publicado por la Aemet. El organismo advierte en su web oficial de que \u00abpueden producirse crecidas repentinas y graves problemas de circulaci\u00f3n en zonas urbanas o ramblas\u00bb, e insta a la poblaci\u00f3n a <strong>evitar desplazamientos innecesarios<\/strong> y seguir las indicaciones de los servicios de emergencia (Aemet).<\/p>\n<p>\u00abRiesgo extremo\u00bb en Murcia<\/p>\n<p>En la Regi\u00f3n de Murcia, el Gobierno regional ha activado el <a href=\"https:\/\/www.112rmurcia.es\/index.php\/proteccion-civil\/planes-de-emergencia-autonomicos\/inunmur\" target=\"_blank\" rel=\"noreferrer nofollow noopener\"><strong>Plan Especial de Protecci\u00f3n Civil ante el Riesgo de Inundaciones (Plan Inunmur)<\/strong><\/a> en fase de emergencia. Seg\u00fan inform\u00f3 el 112 Regi\u00f3n de Murcia, <strong>se han registrado m\u00e1s de 180 incidencias<\/strong> relacionadas con achiques de agua, cortes de v\u00eda y filtraciones en viviendas, aunque sin v\u00edctimas. <\/p>\n<p>El presidente auton\u00f3mico, Fernando L\u00f3pez Miras, visit\u00f3 Cartagena para supervisar las labores de prevenci\u00f3n y asegur\u00f3 que \u00abla prioridad absoluta es la seguridad de las personas y la coordinaci\u00f3n entre los servicios de emergencia\u00bb. Ante el agravamiento de la situaci\u00f3n, la Consejer\u00eda de Educaci\u00f3n decidi\u00f3 <strong>suspender las clases en 13 municipios<\/strong>, entre ellos Cartagena, La Uni\u00f3n, Mazarr\u00f3n, San Javier y <a href=\"https:\/\/es.euronews.com\/my-europe\/2025\/07\/18\/como-la-desinformacion-alimento-los-disturbios-antimigrantes-en-espana-tras-la-agresion-a-\" rel=\"nofollow noopener\" target=\"_blank\">Torre Pacheco<\/a>. En el municipio de Cartagena, <strong>67 personas fueron evacuadas<\/strong> de una urbanizaci\u00f3n, un poblado y un camping, y realojadas en el pabell\u00f3n Cabezo Beaza, seg\u00fan confirm\u00f3 el 112 de Murcia.<\/p>\n<p>Alerta roja en Alicante y medidas preventivas<\/p>\n<p>En la provincia de Alicante, el <strong>aviso rojo afecta especialmente al litoral sur<\/strong> y zonas pr\u00f3ximas a la Vega Baja, donde los servicios de emergencia permanecen desplegados para prevenir desbordamientos. El Ayuntamiento de Alicante reforz\u00f3 la vigilancia en los principales cauces y barrancos, especialmente en el del <strong>Juncaret<\/strong>, que desemboca en la playa de la Albufereta. El alcalde, Luis Barcala, alert\u00f3 de que <strong>\u00abla prioridad es prevenir cualquier situaci\u00f3n de riesgo y evitar desplazamientos innecesarios\u00bb<\/strong>, despu\u00e9s de que se registraran da\u00f1os materiales por acumulaciones de agua en zonas costeras. <\/p>\n<p>Alerta masiva en Valencia por \u00ablluvias intensas\u00bb<\/p>\n<p>En la Comunidad Valenciana, la Generalitat mantiene activado el <a href=\"https:\/\/mediambient.gva.es\/es\/web\/planificacion-territorial-e-infraestructura-verde\/patricova-plan-de-accion-territorial-de-caracter-sectorial-sobre-prevencion-del-riesgo-de-inundacion-en-la-comunitat-valenciana\" target=\"_blank\" rel=\"noreferrer nofollow noopener\">Plan Especial Frente al Riesgo de Inundaciones (Patricova) <\/a>en nivel de emergencia y envi\u00f3 una <strong>alerta masiva a los tel\u00e9fonos m\u00f3viles<\/strong> de la provincia a trav\u00e9s del sistema <strong>Es-Alert<\/strong>, advirtiendo del \u00abriesgo extremo por lluvias muy intensas\u00bb. El mensaje fue emitido por la Direcci\u00f3n General de Emergencias para advertir a los ciudadanos de la situaci\u00f3n de peligro inminente.<\/p>\n<p>El temporal tambi\u00e9n ha afectado a los <strong>transportes<\/strong>. El TRAM de Alicante suspendi\u00f3 la l\u00ednea 5 y varios servicios de <a href=\"https:\/\/es.euronews.com\/tag\/renfe\" rel=\"nofollow noopener\" target=\"_blank\"><strong>Cercan\u00edas Renfe<\/strong> <\/a>entre Valencia y Castell\u00f3n sufren retrasos. La <strong>Direcci\u00f3n General de Tr\u00e1fico (DGT)<\/strong> ha pedido \u00abm\u00e1xima prudencia\u00bb en los desplazamientos y record\u00f3 que \u00abel nivel rojo implica peligro para la vida\u00bb, seg\u00fan un comunicado publicado en su portal oficial.<\/p>\n<p>La primera DANA con nombre propio<\/p>\n<p>La DANA Alice (siglas de<a href=\"https:\/\/es.euronews.com\/green\/2024\/10\/31\/por-que-fueron-han-sido-tan-mortales-de-valencia-llegaron-demasiado-tarde-las-advertencias\" rel=\"nofollow noopener\" target=\"_blank\"> Depresi\u00f3n Aislada en Niveles Altos<\/a>) es el primer fen\u00f3meno de este tipo al que la Aemet <strong>ha asignado un nombre propio<\/strong>, en l\u00ednea con el sistema europeo de denominaci\u00f3n de borrascas con alto impacto. Este fen\u00f3meno provoca lluvias torrenciales, tormentas el\u00e9ctricas y un alto riesgo de inundaciones.<\/p>\n<p>En su <a href=\"https:\/\/www.aemet.es\/es\/eltiempo\/prediccion\/avisos\" target=\"_blank\" rel=\"noreferrer nofollow noopener\"><strong>\u00faltimo bolet\u00edn<\/strong><\/a>, la Aemet se\u00f1ala que \u00abla situaci\u00f3n meteorol\u00f3gica continuar\u00e1 siendo adversa durante el fin de semana, especialmente el viernes y el s\u00e1bado\u00bb, aunque <strong>se prev\u00e9 una leve mejor\u00eda a partir del domingo<\/strong>. El organismo advierte de que la posici\u00f3n exacta de Alice \u00absigue siendo incierta\u00bb, por lo que las precipitaciones m\u00e1s intensas podr\u00edan desplazarse <strong>hacia el norte o las Islas Baleares<\/strong>.<\/p>\n<p>La agencia implant\u00f3 este sistema de nombramiento tras episodios extremos como la <a href=\"https:\/\/es.euronews.com\/2024\/11\/10\/la-tragedia-de-las-inundaciones-climaticas-en-espana-en-imagenes\" rel=\"nofollow noopener\" target=\"_blank\"><strong>DANA de 2024<\/strong><\/a>, que dej\u00f3 m\u00e1s de 200 v\u00edctimas y graves da\u00f1os en la Comunidad Valenciana. Aquella \u00abgota fr\u00eda\u00bb, una de las m\u00e1s destructivas de las \u00faltimas d\u00e9cadas, no lleg\u00f3 a tener nombre oficial, lo que llev\u00f3 a reforzar los <a href=\"https:\/\/es.euronews.com\/green\/2024\/10\/31\/por-que-fueron-han-sido-tan-mortales-de-valencia-llegaron-demasiado-tarde-las-advertencias\" rel=\"nofollow noopener\" target=\"_blank\">protocolos de comunicaci\u00f3n<\/a> del riesgo y coordinaci\u00f3n entre servicios meteorol\u00f3gicos y de emergencias.<\/p>\n<p>Seg\u00fan los registros de la Aemet, las lluvias m\u00e1s fuertes de Alice han dejado <strong>m\u00e1s de 200 litros por metro cuadrado<\/strong> en el Cabo de la Nao (J\u00e1vea) y acumulados superiores a 100 litros por metro cuadrado en el sur de Valencia y norte de Alicante. En Baleares contin\u00faa activo el nivel naranja por lluvias y tormentas, mientras que los servicios de emergencia de la Comunidad Valenciana y la Regi\u00f3n de Murcia mantienen operativos reforzados de bomberos, polic\u00eda y protecci\u00f3n civil ante posibles desbordamientos.<\/p>\n","protected":false},"excerpt":{"rendered":"Publicado 10\/10\/2025 &#8211; 16:37 CEST \u2022Ultima actualizaci\u00f3n 17:37 PUBLICIDAD La Agencia Estatal de Meteorolog\u00eda (Aemet) mantiene este viernes&hellip;\n","protected":false},"author":2,"featured_media":169138,"comment_status":"","ping_status":"","sticky":false,"template":"","format":"standard","meta":{"footnotes":""},"categories":[8],"tags":[17,18,1296,1681,25,24,13,14,11,44958,19,20,1479,9,10,15,16,23,12,21,22],"class_list":{"0":"post-169137","1":"post","2":"type-post","3":"status-publish","4":"format-standard","5":"has-post-thumbnail","7":"category-espana","8":"tag-breaking-news","9":"tag-breakingnews","10":"tag-crisis-climatica","11":"tag-dana","12":"tag-es","13":"tag-espana","14":"tag-featured-news","15":"tag-featurednews","16":"tag-headlines","17":"tag-inundacion","18":"tag-latest-news","19":"tag-latestnews","20":"tag-lluvia","21":"tag-news","22":"tag-noticias","23":"tag-noticias-destacadas","24":"tag-noticiasdestacadas","25":"tag-spain","26":"tag-titulares","27":"tag-ultimas-noticias","28":"tag-ultimasnoticias"},"share_on_mastodon":{"url":"","error":""},"_links":{"self":[{"href":"https:\/\/www.europesays.com\/es\/wp-json\/wp\/v2\/posts\/169137","targetHints":{"allow":["GET"]}}],"collection":[{"href":"https:\/\/www.europesays.com\/es\/wp-json\/wp\/v2\/posts"}],"about":[{"href":"https:\/\/www.europesays.com\/es\/wp-json\/wp\/v2\/types\/post"}],"author":[{"embeddable":true,"href":"https:\/\/www.europesays.com\/es\/wp-json\/wp\/v2\/users\/2"}],"replies":[{"embeddable":true,"href":"https:\/\/www.europesays.com\/es\/wp-json\/wp\/v2\/comments?post=169137"}],"version-history":[{"count":0,"href":"https:\/\/www.europesays.com\/es\/wp-json\/wp\/v2\/posts\/169137\/revisions"}],"wp:featuredmedia":[{"embeddable":true,"href":"https:\/\/www.europesays.com\/es\/wp-json\/wp\/v2\/media\/169138"}],"wp:attachment":[{"href":"https:\/\/www.europesays.com\/es\/wp-json\/wp\/v2\/media?parent=169137"}],"wp:term":[{"taxonomy":"category","embeddable":true,"href":"https:\/\/www.europesays.com\/es\/wp-json\/wp\/v2\/categories?post=169137"},{"taxonomy":"post_tag","embeddable":true,"href":"https:\/\/www.europesays.com\/es\/wp-json\/wp\/v2\/tags?post=169137"}],"curies":[{"name":"wp","href":"https:\/\/api.w.org\/{rel}","templated":true}]}}