{"id":169139,"date":"2025-10-11T07:49:11","date_gmt":"2025-10-11T07:49:11","guid":{"rendered":"https:\/\/www.europesays.com\/es\/169139\/"},"modified":"2025-10-11T07:49:11","modified_gmt":"2025-10-11T07:49:11","slug":"macron-vuelve-a-nombrar-a-lecornu-como-primer-ministro-2","status":"publish","type":"post","link":"https:\/\/www.europesays.com\/es\/169139\/","title":{"rendered":"Macron vuelve a nombrar a Lecornu como primer ministro"},"content":{"rendered":"<p>  Por&amp;nbsp<a href=\"https:\/\/es.euronews.com\/perfiles\/2366\" rel=\"nofollow noopener\" target=\"_blank\">Sophia Khatsenkova<\/a>&amp;nbsp&amp;&amp;nbsp<b>Euronews<\/b><\/p>\n<p>\n                    Publicado                 10\/10\/2025 &#8211; 22:07 CEST<br \/>\n                \u2022Ultima actualizaci\u00f3n<br \/>\n                                     22:11\n                                        <\/p>\n<p>          <img decoding=\"async\" class=\"c-ad__placeholder__logo\" src=\"https:\/\/static.euronews.com\/website\/images\/logos\/logo-euronews-stacked-outlined-72x72-grey-9.svg\" width=\"72\" height=\"72\" alt=\"\" loading=\"lazy\"\/><br \/>\n          PUBLICIDAD<\/p>\n<p>El presidente franc\u00e9s, Emmanuel Macron, ha vuelto <a href=\"https:\/\/es.euronews.com\/2025\/10\/09\/macron-podria-nombrar-a-un-nuevo-primer-ministro-en-48-horas-segun-lecornu\" rel=\"nofollow noopener\" target=\"_blank\">a nombrar al primer ministro saliente<\/a>, <strong>S\u00e9bastien Lecornu<\/strong>, en una sorprendente decisi\u00f3n que pone fin a d\u00edas de especulaciones e intensas negociaciones destinadas a resolver el creciente <strong>estancamiento pol\u00edtico<\/strong> del pa\u00eds. El anuncio se produjo el viernes por la noche, tras las \u00faltimas consultas con los representantes de los principales partidos pol\u00edticos franceses.<\/p>\n<p>El jefe del Estado <strong>reuni\u00f3 a primera hora del d\u00eda en el El\u00edseo a los l\u00edderes de los partidos<\/strong>, a excepci\u00f3n de los de la formaci\u00f3n de extrema izquierda La Francia Insumisa y la ultraderechista Reagrupaci\u00f3n Nacional (RN).<\/p>\n<p>La reuni\u00f3n, dijo antes el El\u00edseo, \u00abdebe ser un momento de responsabilidad colectiva\u00bb. El nombramiento marca un momento crucial en la <strong>presidencia de Macron<\/strong>, que se prolongar\u00e1 hasta 2027. Sin mayor\u00eda en la Asamblea Nacional y con crecientes cr\u00edticas tanto de la oposici\u00f3n como dentro de sus propias filas, Macron tiene poco margen de maniobra pol\u00edtica.<\/p>\n<p>La crisis se agrav\u00f3 a principios de semana, cuando S\u00e9bastien Lecornu dimiti\u00f3 abruptamente el lunes, pocas horas despu\u00e9s de anunciar su <strong>nuevo gabinete<\/strong>. Su sorprendente marcha provoc\u00f3 que la oposici\u00f3n volviera a pedir a <strong>Macron que dimitiera o convocara de nuevo elecciones anticipadas.<\/strong><\/p>\n<p>La agitaci\u00f3n se remonta a la sorprendente decisi\u00f3n de Macron en junio de 2024 de disolver la Asamblea Nacional. Las consiguientes elecciones anticipadas dieron lugar a un Parlamento en blanco, <strong>sin mayor\u00eda de ning\u00fan bloque pol\u00edtico.<\/strong> El nuevo primer ministro se enfrenta ahora a la ardua tarea de navegar por el mismo paisaje fracturado y aprobar el pol\u00e9mico plan presupuestario del pr\u00f3ximo a\u00f1o. El <strong>presupuesto de 2026<\/strong> es un asunto urgente para Francia, ya que el plazo para presentarlo finaliza el 13 de octubre.<\/p>\n","protected":false},"excerpt":{"rendered":"Por&amp;nbspSophia Khatsenkova&amp;nbsp&amp;&amp;nbspEuronews Publicado 10\/10\/2025 &#8211; 22:07 CEST \u2022Ultima actualizaci\u00f3n 22:11 PUBLICIDAD El presidente franc\u00e9s, Emmanuel Macron, ha vuelto&hellip;\n","protected":false},"author":2,"featured_media":169140,"comment_status":"","ping_status":"","sticky":false,"template":"","format":"standard","meta":{"footnotes":""},"categories":[5],"tags":[17,18,730,25,24,13,14,317,11,19,20,9,10,15,16,14863,35851,23,12,21,22],"class_list":{"0":"post-169139","1":"post","2":"type-post","3":"status-publish","4":"format-standard","5":"has-post-thumbnail","7":"category-titulares","8":"tag-breaking-news","9":"tag-breakingnews","10":"tag-emmanuel-macron","11":"tag-es","12":"tag-espana","13":"tag-featured-news","14":"tag-featurednews","15":"tag-francia","16":"tag-headlines","17":"tag-latest-news","18":"tag-latestnews","19":"tag-news","20":"tag-noticias","21":"tag-noticias-destacadas","22":"tag-noticiasdestacadas","23":"tag-parlamento","24":"tag-politica-francesa","25":"tag-spain","26":"tag-titulares","27":"tag-ultimas-noticias","28":"tag-ultimasnoticias"},"share_on_mastodon":{"url":"","error":""},"_links":{"self":[{"href":"https:\/\/www.europesays.com\/es\/wp-json\/wp\/v2\/posts\/169139","targetHints":{"allow":["GET"]}}],"collection":[{"href":"https:\/\/www.europesays.com\/es\/wp-json\/wp\/v2\/posts"}],"about":[{"href":"https:\/\/www.europesays.com\/es\/wp-json\/wp\/v2\/types\/post"}],"author":[{"embeddable":true,"href":"https:\/\/www.europesays.com\/es\/wp-json\/wp\/v2\/users\/2"}],"replies":[{"embeddable":true,"href":"https:\/\/www.europesays.com\/es\/wp-json\/wp\/v2\/comments?post=169139"}],"version-history":[{"count":0,"href":"https:\/\/www.europesays.com\/es\/wp-json\/wp\/v2\/posts\/169139\/revisions"}],"wp:featuredmedia":[{"embeddable":true,"href":"https:\/\/www.europesays.com\/es\/wp-json\/wp\/v2\/media\/169140"}],"wp:attachment":[{"href":"https:\/\/www.europesays.com\/es\/wp-json\/wp\/v2\/media?parent=169139"}],"wp:term":[{"taxonomy":"category","embeddable":true,"href":"https:\/\/www.europesays.com\/es\/wp-json\/wp\/v2\/categories?post=169139"},{"taxonomy":"post_tag","embeddable":true,"href":"https:\/\/www.europesays.com\/es\/wp-json\/wp\/v2\/tags?post=169139"}],"curies":[{"name":"wp","href":"https:\/\/api.w.org\/{rel}","templated":true}]}}