{"id":169141,"date":"2025-10-11T07:51:08","date_gmt":"2025-10-11T07:51:08","guid":{"rendered":"https:\/\/www.europesays.com\/es\/169141\/"},"modified":"2025-10-11T07:51:08","modified_gmt":"2025-10-11T07:51:08","slug":"toros-en-la-nuevo-progreso-diego-san-roman-se-consagra-en-la-tradicional-corrida-de-las-luces","status":"publish","type":"post","link":"https:\/\/www.europesays.com\/es\/169141\/","title":{"rendered":"Toros en la Nuevo Progreso: Diego San Rom\u00e1n se consagra en la tradicional \u201cCorrida de las Luces\u201d"},"content":{"rendered":"<p>En una noche llena de color, fe y tradici\u00f3n en la plaza de toros Nuevo Progreso, <strong>el queretano Diego San Rom\u00e1n se proclam\u00f3 como el gran triunfador de la tradicional \u201cCorrida de las Luces\u201d, festejo en honor a la Virgen de Zapopan<\/strong> que marc\u00f3 el inicio de la segunda parte de la Temporada Grande.<\/p>\n<p><strong>San Rom\u00e1n abri\u00f3 plaza ante \u201cJoyerito\u201d, un toro de 485 kilos, muy esperado por la afici\u00f3n tapat\u00eda, con el que tore\u00f3 con clase y firm\u00f3 una faena intensa y de buena conexi\u00f3n con el tendido. Su segunda actuaci\u00f3n, ante \u201cPardito\u201d, un toro de 498 kilos, fue a\u00fan m\u00e1s rotunda, ya que cuaj\u00f3 una faena de gran entrega y verdad, cerrada con una estocada certera que puso al p\u00fablico de pie. Se adjudic\u00f3 dos orejas con las que el queretano sali\u00f3 en hombros por la puerta grande, rubricando as\u00ed una noche de consagraci\u00f3n.<\/strong><\/p>\n<p>Con este triunfo, Diego San Rom\u00e1n no solo se lleva el reconocimiento del p\u00fablico tapat\u00edo, sino que ratifica su gran momento profesional y su capacidad para sostener la responsabilidad de abrir carteles importantes. Su actuaci\u00f3n en Guadalajara deja claro que el joven queretano ha madurado y que su tauromaquia, basada en la entrega, el valor y la verdad, tiene todav\u00eda mucho por decir en los ruedos de M\u00e9xico y de otras partes del mundo.<\/p>\n<p>En otros resultados,<strong> Isaac Fonseca,<\/strong> segundo de la noche, enfrent\u00f3 a \u201cGuantero\u201d, un toro de 478 kilos que no le ofreci\u00f3 opciones. El michoacano, siempre dispuesto y con actitud, trat\u00f3 de imponerse, pero ante la falta de transmisi\u00f3n del ejemplar, decidi\u00f3 abreviar su labor, recibiendo una ovaci\u00f3n de reconocimiento a su disposici\u00f3n.<\/p>\n<p>Por su parte, el joven espa\u00f1ol <strong>Marco P\u00e9rez<\/strong> demostr\u00f3 que tiene madera de figura. Con \u201cVencedor\u201d, de 475 kilos, se mostr\u00f3 breve pero elegante con el capote, y ya con la muleta logr\u00f3 conectar muletazos templados y de gran clase por el derecho, que fueron bien valorados por el p\u00fablico. Posteriormente, con \u201cCortesano\u201d, de 487 kilos, cerr\u00f3 la noche con una faena de empaque y ritmo, aunque lamentablemente fall\u00f3 con la espada, lo que le priv\u00f3 de un mejor resultado.<\/p>\n<p>La \u201cCorrida de las Luces\u201d volvi\u00f3 a ser un espect\u00e1culo lleno de simbolismo, en el que las luces de las velas y los destellos en los tendidos se mezclaron con la emoci\u00f3n del toreo. La devoci\u00f3n a la Virgen de Zapopan, patrona de Jalisco, se hizo presente en cada detalle, desde el pase\u00edllo hasta los \u00faltimos compases de la noche.<\/p>\n<p>\n            Temas\n        <\/p>\n<p>\n\t\t\t\t\tLee Tambi\u00e9n\n\t\t\t\t<\/p>\n","protected":false},"excerpt":{"rendered":"En una noche llena de color, fe y tradici\u00f3n en la plaza de toros Nuevo Progreso, el queretano&hellip;\n","protected":false},"author":2,"featured_media":169142,"comment_status":"","ping_status":"","sticky":false,"template":"","format":"standard","meta":{"footnotes":""},"categories":[277],"tags":[373,168,25,24,33426,23,167,374,2487,444],"class_list":{"0":"post-169141","1":"post","2":"type-post","3":"status-publish","4":"format-standard","5":"has-post-thumbnail","7":"category-toreo","8":"tag-bullfighting","9":"tag-deportes","10":"tag-es","11":"tag-espana","12":"tag-plaza-de-toros-nuevo-progreso","13":"tag-spain","14":"tag-sports","15":"tag-toreo","16":"tag-toreros","17":"tag-toros"},"share_on_mastodon":{"url":"","error":""},"_links":{"self":[{"href":"https:\/\/www.europesays.com\/es\/wp-json\/wp\/v2\/posts\/169141","targetHints":{"allow":["GET"]}}],"collection":[{"href":"https:\/\/www.europesays.com\/es\/wp-json\/wp\/v2\/posts"}],"about":[{"href":"https:\/\/www.europesays.com\/es\/wp-json\/wp\/v2\/types\/post"}],"author":[{"embeddable":true,"href":"https:\/\/www.europesays.com\/es\/wp-json\/wp\/v2\/users\/2"}],"replies":[{"embeddable":true,"href":"https:\/\/www.europesays.com\/es\/wp-json\/wp\/v2\/comments?post=169141"}],"version-history":[{"count":0,"href":"https:\/\/www.europesays.com\/es\/wp-json\/wp\/v2\/posts\/169141\/revisions"}],"wp:featuredmedia":[{"embeddable":true,"href":"https:\/\/www.europesays.com\/es\/wp-json\/wp\/v2\/media\/169142"}],"wp:attachment":[{"href":"https:\/\/www.europesays.com\/es\/wp-json\/wp\/v2\/media?parent=169141"}],"wp:term":[{"taxonomy":"category","embeddable":true,"href":"https:\/\/www.europesays.com\/es\/wp-json\/wp\/v2\/categories?post=169141"},{"taxonomy":"post_tag","embeddable":true,"href":"https:\/\/www.europesays.com\/es\/wp-json\/wp\/v2\/tags?post=169141"}],"curies":[{"name":"wp","href":"https:\/\/api.w.org\/{rel}","templated":true}]}}