{"id":169143,"date":"2025-10-11T07:52:10","date_gmt":"2025-10-11T07:52:10","guid":{"rendered":"https:\/\/www.europesays.com\/es\/169143\/"},"modified":"2025-10-11T07:52:10","modified_gmt":"2025-10-11T07:52:10","slug":"muere-asesinado-en-sidney-un-luchador-de-la-ufc-a-los-33-anos","status":"publish","type":"post","link":"https:\/\/www.europesays.com\/es\/169143\/","title":{"rendered":"Muere asesinado en Sidney un luchador de la UFC a los 33 a\u00f1os"},"content":{"rendered":"<p>ASESINATO<\/p>\n<p>Suman Mokhtarian, exluchador de la UFC y entrenador de MMA, fue asesinado a tiros el mi\u00e9rcoles durante un ataque a plena luz del d\u00eda en S\u00eddney. La polic\u00eda investiga el suceso como un ajuste de cuentas dirigido, en un contexto de creciente violencia organizada en Australia.<\/p>\n<p class=\"articleSignature-name\"><a href=\"https:\/\/www.ondacero.es\/autores\/rafa-sanz-del-rio\/\" rel=\"nofollow noopener\" target=\"_blank\">Rafa Sanz del R\u00edo<\/a><\/p>\n<p class=\"articleSignature-datecontent\">Madrid | <strong>10.10.2025 18:33 <\/strong><\/p>\n<p><img loading=\"lazy\" decoding=\"async\" title=\"Muere asesinado en Sidney un luchador de la UFC a los 33 a\u00f1os\" alt=\"Muere asesinado en Sidney un luchador de la UFC a los 33 a\u00f1os\" width=\"480\" height=\"270\" src=\"https:\/\/www.europesays.com\/es\/wp-content\/uploads\/2025\/10\/muere-asesinado-sidney-luchador-ufc-33-anos_70.jpg\"\/>Muere asesinado en Sidney un luchador de la UFC a los 33 a\u00f1os | getty<\/p>\n","protected":false},"excerpt":{"rendered":"ASESINATO Suman Mokhtarian, exluchador de la UFC y entrenador de MMA, fue asesinado a tiros el mi\u00e9rcoles durante&hellip;\n","protected":false},"author":2,"featured_media":169144,"comment_status":"","ping_status":"","sticky":false,"template":"","format":"standard","meta":{"footnotes":""},"categories":[276],"tags":[168,25,24,23,167,343],"class_list":{"0":"post-169143","1":"post","2":"type-post","3":"status-publish","4":"format-standard","5":"has-post-thumbnail","7":"category-ufc","8":"tag-deportes","9":"tag-es","10":"tag-espana","11":"tag-spain","12":"tag-sports","13":"tag-ufc"},"share_on_mastodon":{"url":"","error":""},"_links":{"self":[{"href":"https:\/\/www.europesays.com\/es\/wp-json\/wp\/v2\/posts\/169143","targetHints":{"allow":["GET"]}}],"collection":[{"href":"https:\/\/www.europesays.com\/es\/wp-json\/wp\/v2\/posts"}],"about":[{"href":"https:\/\/www.europesays.com\/es\/wp-json\/wp\/v2\/types\/post"}],"author":[{"embeddable":true,"href":"https:\/\/www.europesays.com\/es\/wp-json\/wp\/v2\/users\/2"}],"replies":[{"embeddable":true,"href":"https:\/\/www.europesays.com\/es\/wp-json\/wp\/v2\/comments?post=169143"}],"version-history":[{"count":0,"href":"https:\/\/www.europesays.com\/es\/wp-json\/wp\/v2\/posts\/169143\/revisions"}],"wp:featuredmedia":[{"embeddable":true,"href":"https:\/\/www.europesays.com\/es\/wp-json\/wp\/v2\/media\/169144"}],"wp:attachment":[{"href":"https:\/\/www.europesays.com\/es\/wp-json\/wp\/v2\/media?parent=169143"}],"wp:term":[{"taxonomy":"category","embeddable":true,"href":"https:\/\/www.europesays.com\/es\/wp-json\/wp\/v2\/categories?post=169143"},{"taxonomy":"post_tag","embeddable":true,"href":"https:\/\/www.europesays.com\/es\/wp-json\/wp\/v2\/tags?post=169143"}],"curies":[{"name":"wp","href":"https:\/\/api.w.org\/{rel}","templated":true}]}}