{"id":16915,"date":"2025-07-31T18:39:07","date_gmt":"2025-07-31T18:39:07","guid":{"rendered":"https:\/\/www.europesays.com\/es\/16915\/"},"modified":"2025-07-31T18:39:07","modified_gmt":"2025-07-31T18:39:07","slug":"queria-que-supiera-lo-gran-jugador-que-es","status":"publish","type":"post","link":"https:\/\/www.europesays.com\/es\/16915\/","title":{"rendered":"Quer\u00eda que supiera lo gran jugador que es"},"content":{"rendered":"<p class=\"c-paragraph\">El espa\u00f1ol <a href=\"https:\/\/www.20minutos.es\/tags\/deportes\/alejandro-davidovich-fokina.html\" title=\"Alejandro Davidovich Fokina\" rel=\"nofollow noopener\" target=\"_blank\">Alejandro Davidovich<\/a> volvi\u00f3 a perder una final el pasado domingo. Ante \u00c1lex De Mi\u00f1aur, el malague\u00f1o se qued\u00f3 a nada de tocar la gloria por primera vez. <b>Era la final del ATP 500 de Washington, ten\u00eda tres bolas de partido y, de nuevo, se vio superado.<\/b> Fue la peor de las derrotas para \u00e9l, sobre todo porque era su cuarta oportunidad para conquistar su primer t\u00edtulo profesional y se qued\u00f3 en otro disgusto m\u00e1s.<\/p>\n<p class=\"c-paragraph\">Tras confirmarse su derrota, Davidovich fue consolado por \u00c1lex de Mi\u00f1aur, con quien mantiene una buena relaci\u00f3n. Pocos d\u00edas despu\u00e9s, e<b>l tenista australiano ha desvelado qu\u00e9 le dijo a su compa\u00f1ero<\/b> en un momento tan complicado como ese y que se llev\u00f3 el aplauso de los aficionados.<\/p>\n<p class=\"c-paragraph\">\u00abAntes que tenistas, somos seres humanos. Sab\u00eda que cualquier cosa que le dijera en esos momentos no le ayudar\u00eda del todo, pero<b> quer\u00eda que supiera lo gran jugador de es<\/b>\u00ab, ha afirmado De Mi\u00f1aur, n\u00famero ocho del mundo.<\/p>\n<p class=\"c-paragraph\">El australiano, con or\u00edgenes espa\u00f1oles, asegur\u00f3 que quer\u00eda que Davidovic supiera \u00ablo mucho que est\u00e1 mejorando y que<b> es demasiado buen jugador como para no ganar pronto un t\u00edtulo<\/b>\u00ab.<\/p>\n","protected":false},"excerpt":{"rendered":"El espa\u00f1ol Alejandro Davidovich volvi\u00f3 a perder una final el pasado domingo. Ante \u00c1lex De Mi\u00f1aur, el malague\u00f1o&hellip;\n","protected":false},"author":2,"featured_media":16916,"comment_status":"","ping_status":"","sticky":false,"template":"","format":"standard","meta":{"footnotes":""},"categories":[274],"tags":[2865,168,25,24,5134,3294,10917,2074,23,167,327,326],"class_list":{"0":"post-16915","1":"post","2":"type-post","3":"status-publish","4":"format-standard","5":"has-post-thumbnail","7":"category-tenis","8":"tag-alex","9":"tag-deportes","10":"tag-es","11":"tag-espana","12":"tag-explica","13":"tag-le","14":"tag-minaur","15":"tag-que","16":"tag-spain","17":"tag-sports","18":"tag-tenis","19":"tag-tennis"},"share_on_mastodon":{"url":"","error":""},"_links":{"self":[{"href":"https:\/\/www.europesays.com\/es\/wp-json\/wp\/v2\/posts\/16915","targetHints":{"allow":["GET"]}}],"collection":[{"href":"https:\/\/www.europesays.com\/es\/wp-json\/wp\/v2\/posts"}],"about":[{"href":"https:\/\/www.europesays.com\/es\/wp-json\/wp\/v2\/types\/post"}],"author":[{"embeddable":true,"href":"https:\/\/www.europesays.com\/es\/wp-json\/wp\/v2\/users\/2"}],"replies":[{"embeddable":true,"href":"https:\/\/www.europesays.com\/es\/wp-json\/wp\/v2\/comments?post=16915"}],"version-history":[{"count":0,"href":"https:\/\/www.europesays.com\/es\/wp-json\/wp\/v2\/posts\/16915\/revisions"}],"wp:featuredmedia":[{"embeddable":true,"href":"https:\/\/www.europesays.com\/es\/wp-json\/wp\/v2\/media\/16916"}],"wp:attachment":[{"href":"https:\/\/www.europesays.com\/es\/wp-json\/wp\/v2\/media?parent=16915"}],"wp:term":[{"taxonomy":"category","embeddable":true,"href":"https:\/\/www.europesays.com\/es\/wp-json\/wp\/v2\/categories?post=16915"},{"taxonomy":"post_tag","embeddable":true,"href":"https:\/\/www.europesays.com\/es\/wp-json\/wp\/v2\/tags?post=16915"}],"curies":[{"name":"wp","href":"https:\/\/api.w.org\/{rel}","templated":true}]}}