{"id":169170,"date":"2025-10-11T08:09:08","date_gmt":"2025-10-11T08:09:08","guid":{"rendered":"https:\/\/www.europesays.com\/es\/169170\/"},"modified":"2025-10-11T08:09:08","modified_gmt":"2025-10-11T08:09:08","slug":"el-nuevo-plan-antiapagon-de-red-electrica-volvera-a-subir-la-factura-de-la-luz","status":"publish","type":"post","link":"https:\/\/www.europesays.com\/es\/169170\/","title":{"rendered":"El nuevo plan antiapag\u00f3n de Red El\u00e9ctrica volver\u00e1 a subir la factura de la luz"},"content":{"rendered":"<p style=\"\">El coste del apag\u00f3n que dej\u00f3 a cero a nuestro pa\u00eds el pasado 28 de abril sigue impactando en la econom\u00eda espa\u00f1ola y, sobre todo, en los bolsillos de los consumidores. Seg\u00fan la asociaci\u00f3n fotovoltaica UNEF, el coste de tener un mayor control de la  &#8230; red tras aquel fat\u00eddico d\u00eda, a trav\u00e9s de restricciones t\u00e9cnicas \u2013<strong>el conocido &#8216;modo reforzado&#8217;<\/strong>\u2013, asciende ya a cerca de 3.000 millones de euros extra, y se calcula que se podr\u00eda disparar hasta un acumulado desde mayo de 4.000 millones a cierre de a\u00f1o, publica &#8216;El Espa\u00f1ol. Ahora bien, varios expertos consultados aseguran a ABC que las nuevas medidas pedidas por Red El\u00e9ctrica a Competencia disparar\u00e1n a\u00fan m\u00e1s si cabe ese coste acumulado.<\/p>\n<p class=\"voc-p\" style=\"\">El &#8216;modo reforzado&#8217; puesto en marcha por el operador espa\u00f1ol para evitar nuevas ca\u00eddas a cero del suministro el\u00e9ctrico consiste en que m\u00e1s de 20 ciclos combinados (centrales de gas) se mantienen encendidos, acoplados y generando electricidad, cobrando por estar disponibles por si el sistema lo necesita y evitar as\u00ed un nuevo apag\u00f3n. Mientras, <strong>se obliga a reducir la producci\u00f3n de energ\u00eda renovable<\/strong> \u2013se expulsa\u2013, cuyas centrales no pueden verter su producci\u00f3n porque se prioriza a otras como respuesta a esa pol\u00edtica de seguridad del sistema el\u00e9ctrico.<\/p>\n<p class=\"voc-p\" style=\"\">Los expertos consultados coinciden en que esta nueva forma de operar, manteniendo decenas de centrales de gas encendidas en modo espera, <a href=\"https:\/\/www.abc.es\/economia\/luz-sube-apagon-20250829024504-nt.html\" target=\"_self\" data-voc-vtm-id=\"in-text-traffic\" title=\"incrementa notablemente los costes del sistema el\u00e9ctrico\" data-mrf-link=\"www.abc.es\" rel=\"nofollow noopener\">incrementa notablemente los costes del sistema el\u00e9ctrico<\/a>. <\/p>\n<p class=\"voc-p\" style=\"\">A partir de ahora, tras las medidas propuestas por Red El\u00e9ctrica a la CNMC se dar\u00e1n <strong>cambios en los procedimientos de operaci\u00f3n<\/strong> que el organismo regulador somete a consulta p\u00fablica \u2013en los que se pretende que los generadores puedan controlar la tensi\u00f3n\u2013 y tambi\u00e9n en las rampas de generaci\u00f3n, en la subida y bajada de potencia<\/p>\n<p>\nProceso m\u00e1s caro\n<\/p>\n<p class=\"voc-p\" style=\"\">Con las nuevas medidas pedidas, se busca que las energ\u00edas renovables ralenticen <strong>desde los 2 minutos actuales a los 15<\/strong> el tiempo que tarda una de sus plantas en pasar de cero a cien de potencia, de forma que Red El\u00e9ctrica tendr\u00eda m\u00e1s tiempo para responder a las fluctuaciones de tensi\u00f3n que generan dichas rampas.<\/p>\n<p class=\"voc-p\" style=\"\">Adem\u00e1s, el operador ha pedido pasar a un &#8216;m\u00e9todo reforzado plus&#8217; que le permitir\u00e1 tener<strong> encendidos todos los ciclos combinados pero sin acoplar<\/strong>. Un proceso que es m\u00e1s caro que el procedimiento habitual, porque si est\u00e1n apagados tardan hora y media en ponerse en funcionamiento (como ocurri\u00f3 el d\u00eda del apag\u00f3n) y estando encendidos en 15 minutos est\u00e1n disponibles, lo que encarecer\u00e1 el precio final en el recibo de la luz.<\/p>\n<p class=\"voc-p\" style=\"\">De hecho, en el informe presentado el pasado jueves por <a href=\"https:\/\/www.abc.es\/economia\/empresas-esperan-informe-cnmc-desatascar-reclamaciones-millonarias-20250804183156-nt.html\" target=\"_self\" data-voc-vtm-id=\"in-text-traffic\" title=\"la Comisi\u00f3n Nacional de los Mercados y la Competencia (CNMC)\" data-mrf-link=\"www.abc.es\" rel=\"nofollow noopener\">la Comisi\u00f3n Nacional de los Mercados y la Competencia (CNMC)<\/a>, el operador del sistema reconoci\u00f3 que \u00ablas medidas solicitadas podr\u00edan tener un impacto significativo sobre los servicios de balance, restricciones y control de tensi\u00f3n as\u00ed como en la negociaci\u00f3n de las instalaciones de producci\u00f3n en todos los mercados\u00bb.<\/p>\n<p class=\"voc-p\" style=\"\">Fuentes del <strong>Ministerio para la Transici\u00f3n Ecol\u00f3gica<\/strong> apuntan que \u00abhemos pedido al operador del sistema el\u00e9ctrico que act\u00fae seg\u00fan sus funciones y a la CNMC que refuerce la supervisi\u00f3n y tome las medidas necesarias para asegurar que todos los agentes cumplen con sus obligaciones para el buen funcionamiento del sistema\u00bb.<\/p>\n","protected":false},"excerpt":{"rendered":"El coste del apag\u00f3n que dej\u00f3 a cero a nuestro pa\u00eds el pasado 28 de abril sigue impactando&hellip;\n","protected":false},"author":2,"featured_media":169171,"comment_status":"","ping_status":"","sticky":false,"template":"","format":"standard","meta":{"footnotes":""},"categories":[80],"tags":[49335,82,95,94,27732,25,24,5848,1875,524,2568,905,23,20716,7705],"class_list":{"0":"post-169170","1":"post","2":"type-post","3":"status-publish","4":"format-standard","5":"has-post-thumbnail","7":"category-economia","8":"tag-antiapagon","9":"tag-business","10":"tag-economia","11":"tag-economy","12":"tag-electrica","13":"tag-es","14":"tag-espana","15":"tag-factura","16":"tag-luz","17":"tag-nuevo","18":"tag-plan","19":"tag-red","20":"tag-spain","21":"tag-subir","22":"tag-volvera"},"share_on_mastodon":{"url":"","error":""},"_links":{"self":[{"href":"https:\/\/www.europesays.com\/es\/wp-json\/wp\/v2\/posts\/169170","targetHints":{"allow":["GET"]}}],"collection":[{"href":"https:\/\/www.europesays.com\/es\/wp-json\/wp\/v2\/posts"}],"about":[{"href":"https:\/\/www.europesays.com\/es\/wp-json\/wp\/v2\/types\/post"}],"author":[{"embeddable":true,"href":"https:\/\/www.europesays.com\/es\/wp-json\/wp\/v2\/users\/2"}],"replies":[{"embeddable":true,"href":"https:\/\/www.europesays.com\/es\/wp-json\/wp\/v2\/comments?post=169170"}],"version-history":[{"count":0,"href":"https:\/\/www.europesays.com\/es\/wp-json\/wp\/v2\/posts\/169170\/revisions"}],"wp:featuredmedia":[{"embeddable":true,"href":"https:\/\/www.europesays.com\/es\/wp-json\/wp\/v2\/media\/169171"}],"wp:attachment":[{"href":"https:\/\/www.europesays.com\/es\/wp-json\/wp\/v2\/media?parent=169170"}],"wp:term":[{"taxonomy":"category","embeddable":true,"href":"https:\/\/www.europesays.com\/es\/wp-json\/wp\/v2\/categories?post=169170"},{"taxonomy":"post_tag","embeddable":true,"href":"https:\/\/www.europesays.com\/es\/wp-json\/wp\/v2\/tags?post=169170"}],"curies":[{"name":"wp","href":"https:\/\/api.w.org\/{rel}","templated":true}]}}