{"id":169188,"date":"2025-10-11T08:21:20","date_gmt":"2025-10-11T08:21:20","guid":{"rendered":"https:\/\/www.europesays.com\/es\/169188\/"},"modified":"2025-10-11T08:21:20","modified_gmt":"2025-10-11T08:21:20","slug":"oda-al-empate-para-dormir-cuarto-en-la-tabla","status":"publish","type":"post","link":"https:\/\/www.europesays.com\/es\/169188\/","title":{"rendered":"Oda al empate para dormir cuarto en la tabla"},"content":{"rendered":"<p><a class=\"v-mdl-ath__fig-a\" href=\"https:\/\/www.canarias7.es\/autor\/daniel-herrera-rodriguez-6598.html\" title=\"Daniel Herrera Rodr\u00edguez\" rel=\"nofollow noopener\" target=\"_blank\"><br \/>\n<img decoding=\"async\" class=\"v-mdl-ath__img\" src=\"https:\/\/www.europesays.com\/es\/wp-content\/uploads\/2025\/08\/autor-6598-foto-1.jpeg\" alt=\"Daniel Herrera Rodr\u00edguez\"\/><br \/>\n<\/a><\/p>\n<p class=\"v-mdl-ath__p v-mdl-ath__p--6\">\nViernes, 10 de octubre 2025<\/p>\n<p>| Actualizado 11\/10\/2025 01:07h.<\/p>\n<p class=\"v-p\">Sin p\u00f3lvora ni fortuna. Los axiomas se repiten en un encuentro en el que lo mejor para la <strong>UD Las Palmas <\/strong>fue, <strong>sin duda el resultado (0-0).<\/strong> Los isle\u00f1os sufrieron de lo lindo en la batalla de Los C\u00e1rmenes ante un <strong>Granada <\/strong>correoso, f\u00edsico y solvente, que se lo puso m\u00e1s que complicado en un duelo lleno de alternativas, aunque en la segunda parte los hombres de Luis Garc\u00eda acabaron defendi\u00e9ndose con la pelota y pidiendo la hora.<\/p>\n<p class=\"v-p\">En cualquier caso, el empate sirvi\u00f3 como excelente b\u00e1lsamo para un equipo que duerme provisionalmente en la cuarta plaza, demostrando una semana m\u00e1s que es la retaguardia m\u00e1s solvente de la categor\u00eda, alcanzando adem\u00e1s un satisfactorio bot\u00edn de la &#8216;triada andaluza&#8217; -derrota ante el <strong>Almer\u00eda <\/strong>(0-1), triunfo ante el <strong>C\u00e1diz <\/strong>(1-0) y el consabido empate a costa del <strong>Granada<\/strong>-. <\/p>\n<p class=\"v-p\">Con la <strong>consabida ausencia de Milos Lukovic por sanci\u00f3n <\/strong>-a\u00fan arrastraba la sanci\u00f3n por el &#8216;salivazo&#8217; en el choque ante el Almer\u00eda- y <strong>la baja de \u00faltima hora de Jonathan Viera por molest\u00edas f\u00edsicas<\/strong>, la pizarra de Luis Garc\u00eda puso en vanguardia a <strong>Ale Garc\u00eda<\/strong> en esta ocasi\u00f3n, dejando en el costado derecho a <strong>Manu Fuster<\/strong> y a <strong>Viti <\/strong>en la izquierda. En la medular, tanto <strong>Loiodice y Amatucci <\/strong>-el t\u00e1ndem m\u00e1s repetido esta temporada en la sala de m\u00e1quinas- asumieron de nuevo los galones de inicio junto a <strong>Iv\u00e1n Gil<\/strong>, mientras que en la zaga, el canterano <strong>Juanma Herzog <\/strong>se emparej\u00f3 con el eterno <strong>Sergio Barcia <\/strong>como dupla de centrales, siendo <strong>Marvin <\/strong>el lateral derecho y <strong>Clemente<\/strong>, el responsable del flanco izquierdo.<\/p>\n<p class=\"v-p\">Por su parte, el conjunto nazar\u00ed, con <strong>Souleymane Faye y \u00c1lex Sola <\/strong>como principales artilleros -dos goles cada uno antes del inicio del choque- intentaron poner la r\u00e9plica en Los C\u00e1rmenes, y ya en los primeros 30 segundos, el propio Sola puso a prueba a Horkas con un disparo cruzado que oblig\u00f3 al meta amarillo a despejar a c\u00f3rner. <\/p>\n<p class=\"v-p\">Con ese juego vertical e intenso en la presi\u00f3n, el Granada consigui\u00f3 ahogar la salida de la UD, que sufr\u00eda de lo lindo para alcanzar siquiera la l\u00ednea del centro del campo en los primeros compases. <\/p>\n<p class=\"v-p\">Sin embargo, una excelente cabalgada de <strong>Ale Garc\u00eda <\/strong>en el minuto 5, con taconazo previo del canterano en el control, puso en jaque a la trinchera andaluza, aunque el disparo final de <strong>Amatucci <\/strong>acab\u00f3 rebotando en la zaga. Un primer y bals\u00e1mico aviso para un equipo isle\u00f1o que ya fue poco a poco conquistando terreno. <\/p>\n<p>Arriba, Loiodice trata de progresar en la medular. Abajo a la izquierda, Enrique Clemente controla el esf\u00e9rico ante Sola. A la derecha, el t\u00e9cnico amarillo Luis Garc\u00eda.<\/p>\n<p>LaLiga<\/p>\n<p><img decoding=\"async\" loading=\"lazy\" src=\"https:\/\/www.europesays.com\/es\/wp-content\/uploads\/2025\/10\/ud2-kOb--1200x841@Canarias7.jpg\" class=\"v-mdl__img-z\" width=\"1200\" height=\"841\" alt=\"Imagen principal - Arriba, Loiodice trata de progresar en la medular. Abajo a la izquierda, Enrique Clemente controla el esf\u00e9rico ante Sola. A la derecha, el t\u00e9cnico amarillo Luis Garc\u00eda.\"\/><\/p>\n<p><img decoding=\"async\" loading=\"lazy\" src=\"https:\/\/www.europesays.com\/es\/wp-content\/uploads\/2025\/10\/Clemente-Granada-kOb--1200x851@Canarias7.jpeg\" class=\"v-mdl__img-z\" width=\"1200\" height=\"851\" alt=\"Imagen secundaria 1 - Arriba, Loiodice trata de progresar en la medular. Abajo a la izquierda, Enrique Clemente controla el esf\u00e9rico ante Sola. A la derecha, el t\u00e9cnico amarillo Luis Garc\u00eda.\"\/><\/p>\n<p><img decoding=\"async\" loading=\"lazy\" src=\"https:\/\/www.europesays.com\/es\/wp-content\/uploads\/2025\/10\/luisgarcia-ud-granada-kOb--711x841@Canarias7.jpeg\" class=\"v-mdl__img-z\" width=\"711\" height=\"841\" alt=\"Imagen secundaria 2 - Arriba, Loiodice trata de progresar en la medular. Abajo a la izquierda, Enrique Clemente controla el esf\u00e9rico ante Sola. A la derecha, el t\u00e9cnico amarillo Luis Garc\u00eda.\"\/><\/p>\n<p class=\"v-p\">No obstante, el Granada no se achant\u00f3 ni mucho menos. <strong>Faye <\/strong>volvi\u00f3 a disfrutar de dos ocasiones clara de gol, primero con un centro desde la izquierda que no lleg\u00f3 a enganchar en el \u00e1rea peque\u00f1a y despu\u00e9s con un disparo en la frontal del \u00e1rea que se march\u00f3 cerca del palo derecho. Apenas hab\u00edan pasado 15 minutos y el partido se tornaba en un improvisado correcalles, aunque los pupilos de <strong>Pacheta <\/strong>generaban m\u00e1s sensaci\u00f3n de peligro.<\/p>\n<p class=\"v-p\">Ya en el 19&#8242;, <strong>Ale Garc\u00eda <\/strong>volvi\u00f3 a acechar el arco local con un lanzamiento en segunda l\u00ednea que se fue lamiendo el palo dereho. Y poco despu\u00e9s, en el minuto 25, el propio atacante amarillo pudo firmar el gol con un remate en pleno \u00e1rea peque\u00f1a que desactiv\u00f3 <strong>Iker Garc\u00eda<\/strong>.<\/p>\n<p class=\"v-p\">Posteriormente, un ca\u00f1onazo de <strong>Pascual <\/strong>desde la derecha en el 30&#8242; volvi\u00f3 a agitar la tensa tranquilidad del once canario, pero el esf\u00e9rico se evapor\u00f3 por encima del larguero tras una trayectoria envenenada que bien pudo convertirse en el gol de la liga.<\/p>\n<p class=\"v-p\">Con el paso de los minutos, el fuego cruzado se fue diluyendo, estanc\u00e1ndose la pelota en zonas yermas del campo, hasta que<strong> Iv\u00e1n Gil<\/strong> se sac\u00f3 de la chistera un saque de c\u00f3rner desde la izquierda que casi se cuela en la porter\u00eda.<\/p>\n<p><img decoding=\"async\" loading=\"lazy\" src=\"https:\/\/www.europesays.com\/es\/wp-content\/uploads\/2025\/10\/AleGarcia-UD-kOb--748x524@Canarias7.jpeg\" class=\"v-a-img\" width=\"748\" height=\"524\" alt=\"Ale Garc\u00eda fue uno de los jugadores m\u00e1s activos en el ataque isle\u00f1o.\" data-voc-vtm-id=\"in-text-traffic\"\/><\/p>\n<p>Ale Garc\u00eda fue uno de los jugadores m\u00e1s activos en el ataque isle\u00f1o.<\/p>\n<p>LaLiga<\/p>\n<p><img loading=\"lazy\" decoding=\"async\" src=\"https:\/\/www.europesays.com\/es\/wp-content\/uploads\/2025\/10\/AleGarcia-UD-kOb--748x524@Canarias7.jpeg\" class=\"v-mdl__img-z\" width=\"748\" height=\"524\" alt=\"\"\/><\/p>\n<p class=\"v-p\">En la reanudaci\u00f3n, la UD estir\u00f3 las l\u00edneas y aument\u00f3 la dosis de posesi\u00f3n. Otra cosa era la p\u00f3lvora que, ante un rival de la enjundia f\u00edsica de los rojiblancos, se antojaba una misi\u00f3n m\u00e1s que compleja. <\/p>\n<p class=\"v-p\">De hecho, en el minuto 57, justo despu\u00e9s de <strong>la entrada de Recoba en sustituci\u00f3n de Iv\u00e1n Gil, <\/strong>el Granada se asom\u00f3 a la guarida canaria tras una galopada de<strong> \u00c1lex Sola <\/strong>desde el carril derecho cuyo centro enganch\u00f3 <strong>Sergio Ruiz con un magistral taconazo <\/strong>que se pase\u00f3 por la l\u00ednea de gol. Sin duda, la m\u00e1s clara del partido.<\/p>\n<p class=\"v-p\">Posteriormente, <strong>Luis Garc\u00eda <\/strong>exprimi\u00f3 su libreto con nuevos cambios: <strong>Kirian por Loiodice, Ale Su\u00e1rez por Herzog y Peji\u00f1o por Viti Rozada<\/strong>, en un intento por dar ox\u00edgeno en la retaguardia, toque en la central y algo m\u00e1s de mordiente en los costados. Sin embargo, los hombres de Pacheta hab\u00edan dado un paso adelante en pleno ecuador de la segunda parte. <\/p>\n<p class=\"v-p\">La mala suerte volvi\u00f3 a invocarse sobre la UD, ya que la participaci\u00f3n de <strong>Recoba <\/strong>en el campo apenas dur\u00f3 17 minutos, tras lesionarse el uruguayo en un choque fortuito.<\/p>\n<p class=\"v-p\">Tomar\u00eda la alternativa <strong>Mata <\/strong>en la punta de lanza ante tal frenes\u00ed de cambios. Una nueva oportunidad para que el madrile\u00f1o se reivindicara tras meses de anonimato. Pero en la recta final del encuentro, la UD trat\u00f3 de defenderse con la pelota, sufriendo con la falta de gasolina en los \u00faltimos minutos y pidiendo la hora.<\/p>\n<p class=\"v-p\">Al final, empate sin goles para la UD que salva otra plaza dif\u00edcil, a pesar de la falta de gol que se compensa con las \u00f3ptimas prestaciones de la retaguardia, que le permite seguir en la zona noble de la tabla.<\/p>\n<p><a href=\"http:\/\/www.canarias7.es\/deportes\/ud-las-palmas\/granada-palmas-partido-goles-resultado-directo-20251010184441-di.html#vtm_modulosEngag=mod-rel:deportes:noticia:1:cmp:1-not\" class=\"v-a-link\" aria-label=\"Imagen\" rel=\"nofollow noopener\" target=\"_blank\"><\/p>\n<p><img decoding=\"async\" loading=\"lazy\" src=\"https:\/\/www.europesays.com\/es\/wp-content\/uploads\/2025\/10\/ud2.jpg\" class=\"v-a-img\" width=\"258\" height=\"180\" alt=\"\" data-voc-vtm-id=\"in-text-traffic\"\/><\/p>\n<p><\/a><\/p>\n<p>Reporta un error<\/p>\n","protected":false},"excerpt":{"rendered":"Viernes, 10 de octubre 2025 | Actualizado 11\/10\/2025 01:07h. Sin p\u00f3lvora ni fortuna. Los axiomas se repiten en&hellip;\n","protected":false},"author":2,"featured_media":169189,"comment_status":"","ping_status":"","sticky":false,"template":"","format":"standard","meta":{"footnotes":""},"categories":[268],"tags":[168,3937,4096,25,24,280,282,19715,49340,281,23,167],"class_list":{"0":"post-169188","1":"post","2":"type-post","3":"status-publish","4":"format-standard","5":"has-post-thumbnail","7":"category-futbol","8":"tag-deportes","9":"tag-dormir","10":"tag-epica","11":"tag-es","12":"tag-espana","13":"tag-football","14":"tag-futbol","15":"tag-lideres","16":"tag-oda","17":"tag-soccer","18":"tag-spain","19":"tag-sports"},"share_on_mastodon":{"url":"","error":""},"_links":{"self":[{"href":"https:\/\/www.europesays.com\/es\/wp-json\/wp\/v2\/posts\/169188","targetHints":{"allow":["GET"]}}],"collection":[{"href":"https:\/\/www.europesays.com\/es\/wp-json\/wp\/v2\/posts"}],"about":[{"href":"https:\/\/www.europesays.com\/es\/wp-json\/wp\/v2\/types\/post"}],"author":[{"embeddable":true,"href":"https:\/\/www.europesays.com\/es\/wp-json\/wp\/v2\/users\/2"}],"replies":[{"embeddable":true,"href":"https:\/\/www.europesays.com\/es\/wp-json\/wp\/v2\/comments?post=169188"}],"version-history":[{"count":0,"href":"https:\/\/www.europesays.com\/es\/wp-json\/wp\/v2\/posts\/169188\/revisions"}],"wp:featuredmedia":[{"embeddable":true,"href":"https:\/\/www.europesays.com\/es\/wp-json\/wp\/v2\/media\/169189"}],"wp:attachment":[{"href":"https:\/\/www.europesays.com\/es\/wp-json\/wp\/v2\/media?parent=169188"}],"wp:term":[{"taxonomy":"category","embeddable":true,"href":"https:\/\/www.europesays.com\/es\/wp-json\/wp\/v2\/categories?post=169188"},{"taxonomy":"post_tag","embeddable":true,"href":"https:\/\/www.europesays.com\/es\/wp-json\/wp\/v2\/tags?post=169188"}],"curies":[{"name":"wp","href":"https:\/\/api.w.org\/{rel}","templated":true}]}}