{"id":169193,"date":"2025-10-11T08:24:37","date_gmt":"2025-10-11T08:24:37","guid":{"rendered":"https:\/\/www.europesays.com\/es\/169193\/"},"modified":"2025-10-11T08:24:37","modified_gmt":"2025-10-11T08:24:37","slug":"la-comunidad-de-madrid-celebra-una-nueva-edicion-de-libros-a-la-calle-para-acercar-la-literatura-a-los-usuarios-del-transporte-publico","status":"publish","type":"post","link":"https:\/\/www.europesays.com\/es\/169193\/","title":{"rendered":"La Comunidad de Madrid celebra una nueva edici\u00f3n de Libros a la Calle para acercar la literatura a los usuarios del transporte p\u00fablico"},"content":{"rendered":"<p>Los consejeros de Vivienda, Transportes e Infraestructuras, Jorge Rodrigo, y de Cultura, Turismo y Deporte, Mariano de Paco Serrano, han realizado hoy un recorrido en la L\u00ednea 8 del suburbano, desde la estaci\u00f3n de Nuevos Ministerios hasta Feria de Madrid, donde han colocado una de estas l\u00e1minas que plasman peque\u00f1as p\u00edldoras de textos de renombrados escritores.<\/p>\n<p>\u201cSe trata de una iniciativa que ya se ha convertido en tradici\u00f3n y que representa una reivindicaci\u00f3n de la lectura como elemento constructivo de una sociedad con ciudadanos m\u00e1s formados, dialogantes, con sentido cr\u00edtico y esencialmente libres\u201d, ha destacado Rodrigo.<\/p>\n<p>Esta campa\u00f1a del Gobierno regional, que se enmarca en el Plan de Fomento de la Lectura, parte de la Asociaci\u00f3n de Editores de Madrid (AEM) y se realiza en colaboraci\u00f3n con el Consorcio Regional de Transportes, Metro y el Centro Espa\u00f1ol de Derechos Reprogr\u00e1ficos (CEDRO). Como cada a\u00f1o, en este proyecto tienen cabida todo tipo de g\u00e9neros desde el infantil y juvenil, a la poes\u00eda y el ensayo, pasando por el c\u00f3mic, la novela, el relato corto o el teatro.<\/p>\n<p>De Paco Serrano ha recordado que \u201cla Comunidad de Madrid es l\u00edder indiscutible en h\u00e1bitos de lectura, a lo que contribuyen propuestas como esta que acercan la literatura a trav\u00e9s del transporte p\u00fablico tanto a los lectores consolidados como a los futuros. Con Libros a la Calle, los pasajeros pueden viajar mediante sugestivos fragmentos mientras realizan sus desplazamientos diarios, que se convierten en una experiencia m\u00e1s placentera en nuestro inigualable Metro\u00bb.<\/p>\n<p><strong>Textos de reconocidos autores\u00a0<\/strong><\/p>\n<p>En esta ocasi\u00f3n, se han seleccionado textos de autores premiados en los \u00faltimos cert\u00e1menes literarios nacionales m\u00e1s prestigiosos, como es el caso de Luis Mateo D\u00edez, Premio Miguel de Cervantes; Cristina Fern\u00e1ndez Cubas, Premio Nacional de las Letras Espa\u00f1olas 2023 por Todos los cuentos, o Antonio Monegal, Premio Nacional de Ensayo 2023, con Como el aire que respiramos. El sentido de la cultura.<\/p>\n<p>Adem\u00e1s, se ha rendido homenaje a escritores como Mar\u00eda de la O Lej\u00e1rraga en el 150 aniversario de su nacimiento y al centenario de la publicaci\u00f3n de Luces de Bohemia, de Ram\u00f3n Mar\u00eda del Valle-Incl\u00e1n. \u00a0\u00a0<\/p>\n<p>Todos los vinilos de los trenes cuentan con ilustraciones de destacados artistas gr\u00e1ficos como Francisco Ib\u00e1\u00f1ez, Mikel Casal, Sara Herranz o Alba S\u00e1enz. Gracias al QR que figura junto a los textos se puede acceder a la web <a href=\"https:\/\/www.editoresmadrid.org\/libros-a-la-calle\/\" rel=\"nofollow noopener\" target=\"_blank\">https:\/\/www.editoresmadrid.org\/libros-a-la-calle\/<\/a> para descubrir m\u00e1s detalles sobre cada obra, su autor y el ilustrador que ha trabajado en la l\u00e1mina.<\/p>\n","protected":false},"excerpt":{"rendered":"Los consejeros de Vivienda, Transportes e Infraestructuras, Jorge Rodrigo, y de Cultura, Turismo y Deporte, Mariano de Paco&hellip;\n","protected":false},"author":2,"featured_media":169194,"comment_status":"","ping_status":"","sticky":false,"template":"","format":"standard","meta":{"footnotes":""},"categories":[172],"tags":[224,146,147,25,24,225,23],"class_list":{"0":"post-169193","1":"post","2":"type-post","3":"status-publish","4":"format-standard","5":"has-post-thumbnail","7":"category-libros","8":"tag-books","9":"tag-entertainment","10":"tag-entretenimiento","11":"tag-es","12":"tag-espana","13":"tag-libros","14":"tag-spain"},"share_on_mastodon":{"url":"","error":""},"_links":{"self":[{"href":"https:\/\/www.europesays.com\/es\/wp-json\/wp\/v2\/posts\/169193","targetHints":{"allow":["GET"]}}],"collection":[{"href":"https:\/\/www.europesays.com\/es\/wp-json\/wp\/v2\/posts"}],"about":[{"href":"https:\/\/www.europesays.com\/es\/wp-json\/wp\/v2\/types\/post"}],"author":[{"embeddable":true,"href":"https:\/\/www.europesays.com\/es\/wp-json\/wp\/v2\/users\/2"}],"replies":[{"embeddable":true,"href":"https:\/\/www.europesays.com\/es\/wp-json\/wp\/v2\/comments?post=169193"}],"version-history":[{"count":0,"href":"https:\/\/www.europesays.com\/es\/wp-json\/wp\/v2\/posts\/169193\/revisions"}],"wp:featuredmedia":[{"embeddable":true,"href":"https:\/\/www.europesays.com\/es\/wp-json\/wp\/v2\/media\/169194"}],"wp:attachment":[{"href":"https:\/\/www.europesays.com\/es\/wp-json\/wp\/v2\/media?parent=169193"}],"wp:term":[{"taxonomy":"category","embeddable":true,"href":"https:\/\/www.europesays.com\/es\/wp-json\/wp\/v2\/categories?post=169193"},{"taxonomy":"post_tag","embeddable":true,"href":"https:\/\/www.europesays.com\/es\/wp-json\/wp\/v2\/tags?post=169193"}],"curies":[{"name":"wp","href":"https:\/\/api.w.org\/{rel}","templated":true}]}}