{"id":169195,"date":"2025-10-11T08:25:10","date_gmt":"2025-10-11T08:25:10","guid":{"rendered":"https:\/\/www.europesays.com\/es\/169195\/"},"modified":"2025-10-11T08:25:10","modified_gmt":"2025-10-11T08:25:10","slug":"las-5-series-latinoamericanas-de-exito-que-no-te-puedes-perder-para-un-maraton-de-lujo","status":"publish","type":"post","link":"https:\/\/www.europesays.com\/es\/169195\/","title":{"rendered":"las 5 series latinoamericanas de \u00e9xito que no te puedes perder para un marat\u00f3n de lujo"},"content":{"rendered":"<p id=\"evY0ssiwxm\" data-wc=\"94\">Como cada a\u00f1o, el <strong>12 de octubre <\/strong>se celebra en nuestro pa\u00eds el D\u00eda de la Hispanidad. Como norma general, l<a class=\"hm-link ho-link\" href=\"https:\/\/www.hola.com\/viajes\/20251007860074\/como-celebrar-fiestas-hispanidad-madrid-2025\/\" data-mrf-recirculation=\"article-body-link\" rel=\"nofollow noopener\" target=\"_blank\">as calles de nuestras ciudades se visten con sus mejores galas para la jornada<\/a>, que cuenta con eventos multitudinarios, coronados con el espectacular desfile de las Fuerzas Armadas y dem\u00e1s instituciones que velan por nuestra seguridad. Si prefieres evitar las aglomeraciones, te traemos <strong>c<\/strong><strong>inco series espectaculares que encapsulan la esencia del arte hispano <\/strong>y te regalamos dos proyectos que, a pesar de que a\u00fan no se hayan estrenado, <strong>prometen engancharnos desde el minuto uno. <\/strong><\/p>\n<p>  <img src=\"https:\/\/www.europesays.com\/es\/wp-content\/uploads\/2025\/10\/316a8158772c-cads108-sc858s-19r.jpg\"   width=\"1080\" height=\"1080\" loading=\"lazy\" decoding=\"async\" alt=\"Media Image\" fetchpriority=\"auto\" class=\"image ho-image\"\/>\u00a9 Netflix<\/p>\n<p>Cien a\u00f1os de soledad<\/p>\n<p id=\"e8xwM1zcVh\" data-wc=\"111\">La <strong>novela de Gabriel Garc\u00eda M\u00e1rquez<\/strong>, considerada obra maestra de la literatura mundial, se convirti\u00f3 el a\u00f1o pasado en serie y ha recibido alabanzas por parte de la cr\u00edtica especializada. En la <a class=\"hm-link ho-link\" href=\"https:\/\/www.hola.com\/actualidad\/20241212735641\/cien-anyos-de-soledad-adaptacion-netflix-gabriel-garcia-marquez\/\" data-mrf-recirculation=\"article-body-link\" rel=\"nofollow noopener\" target=\"_blank\">adaptaci\u00f3n colombiana, visualmente espectacular, se cuenta la historia de los primos Jos\u00e9 Arcadio Buend\u00eda y \u00darsula Iguar\u00e1n<\/a>, que, tras casarse contra la voluntad de sus padres, dejan atr\u00e1s su pueblo y emprenden un largo viaje en busca de un nuevo hogar. Acompa\u00f1ados por <strong>amigos y aventureros, fundan un ut\u00f3pico pueblo al que bautizan como Macondo,<\/strong> cuyo devenir marcar\u00e1 a varias generaciones de la estirpe de los Buend\u00eda y una terrible maldici\u00f3n que las condena a cien a\u00f1os de soledad.\u00a0<\/p>\n<p id=\"e8jE2MNa0B\" data-wc=\"3\"><strong>D\u00f3nde verla:<\/strong> Netflix<\/p>\n<p>  <img src=\"https:\/\/www.europesays.com\/es\/wp-content\/uploads\/2025\/10\/f17fe2f029a7-como-agua-para-chocolate-estreno.jpg\"   width=\"1920\" height=\"1080\" loading=\"lazy\" decoding=\"async\" alt=\"Media Image\" fetchpriority=\"auto\" class=\"image ho-image\"\/>\u00a9 HBO Max<\/p>\n<p>Como agua para chocolate<\/p>\n<p id=\"ewqKW7mpcD\" data-wc=\"57\">La pel\u00edcula de<strong> 1992 <\/strong>nos rob\u00f3 el coraz\u00f3n y las codornices con p\u00e9talos de rosa pasaron al recetario de platos evocadores y para enamorar. Esta <strong>nueva adaptaci\u00f3n de la novela de la mexicana Laura Esquivel <\/strong>cuenta con m\u00e1s detalle y g<strong>ran dosis de belleza la historia de amor imposi<\/strong><strong>ble,<\/strong> de encuentros y desencuentros y de gastronom\u00eda emocional.\u00a0<\/p>\n<p id=\"exbhwfg1X6\" data-wc=\"4\"><strong>D\u00f3nde verla:<\/strong> HBO Max<\/p>\n<p>  <img src=\"https:\/\/www.europesays.com\/es\/wp-content\/uploads\/2025\/10\/b45bed1f4eac-laspelotarisnicodeassas8409.jpg\"   width=\"1920\" height=\"1080\" loading=\"lazy\" decoding=\"async\" alt=\"Media Image\" fetchpriority=\"auto\" class=\"image ho-image\"\/>\u00a9 SkyShowtime<\/p>\n<p>Las pelotaris 1926<\/p>\n<p id=\"eKSfIZMLea\" data-wc=\"60\">Con un<strong> reparto de protagonistas mezcla de actrices mexicanas y espa\u00f1olas<\/strong> \u2014Zuria Vega, Claudia Salas, Mar\u00eda de Nati\u2014, esta serie mexicana cuenta la historia de t<strong>res jugadoras de pelota vasca que luchan por sus sue\u00f1os en los a\u00f1os 20 <\/strong>y pagar\u00e1n un alto precio por ganar su propio dinero, triunfar, revelarse frente al maltrato o vivir en libertad sus afectos.\u00a0<\/p>\n<p id=\"ebNmenrVgw\" data-wc=\"3\"><strong>Donde verla:\u00a0<\/strong>SkyShowtime<\/p>\n<p>  <img src=\"https:\/\/www.europesays.com\/es\/wp-content\/uploads\/2025\/10\/68d175fda14b-nada-1.jpg\"   width=\"1920\" height=\"1080\" loading=\"lazy\" decoding=\"async\" alt=\"Media Image\" fetchpriority=\"auto\" class=\"image ho-image\"\/>\u00a9 Disney+<\/p>\n<p>Nada<\/p>\n<p id=\"es89lS92Xw\" data-wc=\"57\">De la \u00faltima oleada de buen\u00edsimas series argentinas de comedia \u2014como El encargado, Divisi\u00f3n Palermo o Bellas Artes\u2014 destaca esta sobre un<strong> cr\u00edtico gastron\u00f3mico altivo y provocador cuya vida empieza a desmoronarse cuando muere Celsa,<\/strong> la mujer que ha trabajado en su casa durante d\u00e9cadas. Tierna y divertida, cuenta con una\u00a0<a class=\"hm-link ho-link\" href=\"https:\/\/www.hola.com\/actualidad\/20250817849961\/robert-de-niro-cumple-62-proyecto-espana\/\" data-mrf-recirculation=\"article-body-link\" rel=\"nofollow noopener\" target=\"_blank\">aparici\u00f3n estelar de Robert de Niro.<\/a><\/p>\n<p id=\"eFOoHhlID7\" data-wc=\"3\"><strong>D\u00f3nde verla:<\/strong> Disney+<\/p>\n<p>  <img src=\"https:\/\/www.europesays.com\/es\/wp-content\/uploads\/2025\/10\/409497d52e67-noticia20de20un20secuestro.jpg\"   width=\"1920\" height=\"1080\" loading=\"lazy\" decoding=\"async\" alt=\"Media Image\" fetchpriority=\"auto\" class=\"image ho-image\"\/>\u00a9 Prime Video<\/p>\n<p>Noticia de un secreto<\/p>\n<p id=\"eSLdyGna_D\" data-wc=\"54\">Basada tambi\u00e9n en una<strong> novela de Gabriel Garc\u00eda M\u00e1rquez y producida por Rodrigo Garc\u00eda, hijo del autor,<\/strong> esta serie \u2014ganadora de un <strong>premio Platino<\/strong> a la mejor miniserie\u2014 narra el <strong>secuestro de Maruja Pach\u00f3n y Beatriz Villamizar, esposa y hermana del pol\u00edtico Alberto Villamizar<\/strong>, en los tiempos de la lucha gubernamental contra el narcotr\u00e1fico.\u00a0<\/p>\n<p id=\"edCgBQamz5\" data-wc=\"4\"><strong>D\u00f3nde verla:<\/strong> Prime Video<\/p>\n<p>  <img src=\"https:\/\/www.europesays.com\/es\/wp-content\/uploads\/2025\/10\/4a6022cbee11-era20240510082tamaraarranz.jpg\"   width=\"1920\" height=\"1080\" loading=\"lazy\" decoding=\"async\" alt=\"Media Image\" fetchpriority=\"auto\" class=\"image ho-image\"\/>\u00a9 Netflix<\/p>\n<p>No te pierdas El refugio at\u00f3mico, nueva serie espa\u00f1ola y fen\u00f3meno mundial<\/p>\n<p id=\"e5mdB-A-vO\" data-wc=\"205\">La conexi\u00f3n de El refugio at\u00f3mico con La casa de papel\u00a0va m\u00e1s all\u00e1 de los monos naranjas que se ven en la foto superior. No en vano, <strong>sus creadores son \u00c1lex Pina y Esther Mart\u00ednez Lobato, los art\u00edfices del que supuso el mayor \u00e9xito internacional de una serie espa\u00f1ola<\/strong>, y el fen\u00f3meno de audiencia influy\u00f3 para que la gran plataforma prestara atenci\u00f3n a las series en lengua no inglesa. Esto fue en el a\u00f1o 2019, y su \u00e9xito lograron replicarlo, aunque no al mismo nivel, con Sky Rojo y Berl\u00edn, spin-off de la serie de atracos. Y parece que van a volver por la misma senda con esta nueva serie, que<strong> en su primera semana de emisi\u00f3n ha superado los 10 millones de espectadores<\/strong>. Pero \u00bfde qu\u00e9 va El refugio at\u00f3mico? Un <a class=\"hm-link ho-link\" href=\"https:\/\/www.hola.com\/actualidad\/20250918856018\/el-refugio-atomico-nuevo-thriller-netflix-creadores-de-la-casa-de-papel\/\" data-mrf-recirculation=\"article-body-link\" rel=\"nofollow noopener\" target=\"_blank\">grupo de millonarios se instala en un b\u00fanker ante la amenaza de una nueva guerra mundial;<\/a> desde el interior, en el que abundan los conflictos personales,<strong> ven el fin del mundo a trav\u00e9s de pantallas<\/strong>. Pero una mujer, Minerva, no va a hacer que su vida enclaustrada sea f\u00e1cil. Con un reparto de caras muy populares, como Miren Ibaguren, Carlos Santos y Natalia Verbeke, no dudamos de que os enganchar\u00e9is a ella.<\/p>\n<p id=\"eQ2UlCtHkbm\" data-wc=\"11\"><strong>Nos encanta porque&#8230;<\/strong> Combina acci\u00f3n con tensiones entre personajes y secretos.\u00a0<\/p>\n<p id=\"ef-69VLVct\" data-wc=\"9\"><strong>Te gustar\u00e1 si te gusta&#8230;<\/strong> La casa de papel.\u00a0<\/p>\n<p id=\"ev34vwOTzc\" data-wc=\"3\"><strong>D\u00f3nde verla:<\/strong> Netflix<\/p>\n<p>  <img src=\"https:\/\/www.europesays.com\/es\/wp-content\/uploads\/2025\/10\/15107cedfbd1-pruebamaestro106episodic025.jpg\"   width=\"1920\" height=\"1080\" loading=\"lazy\" decoding=\"async\" alt=\"Media Image\" fetchpriority=\"auto\" class=\"image ho-image\"\/>\u00a9 Diseny+<\/p>\n<p>Y adem\u00e1s&#8230; La suerte\u00a0<\/p>\n<p id=\"eF0KewWEycr\" data-wc=\"57\">Un<strong> t\u00edmido taxista <\/strong>se convierte inesperadamente en el <strong>ch\u00f3fer de \u00abel Maestro\u00bb, una figura del toreo que sale de su retiro para recuperar el prestigio perdido. <\/strong>El Maestro est\u00e1 de capa ca\u00edda y David le trae suerte. O eso dice. Con \u00d3scar Jaenada, Ricardo G\u00f3mez y Almudena Cid. La veremos porque&#8230; Es una comedia amable y exc\u00e9ntrica.\u00a0<\/p>\n<p id=\"e7WHiKE21Y\" data-wc=\"4\"><strong>Estreno:\u00a0<\/strong>8\/10 en Disney+<\/p>\n<p>El centro<\/p>\n<p id=\"ewv1i1Gw4aD\" data-wc=\"43\"><strong>Thriller de espionaje<\/strong> con reparto de campanillas \u2014Juan Diego Botto, Israel Elejalde, Elisabet Casanovas, Clara Segura, Nacho S\u00e1nchez y Trist\u00e1n Ulloa\u2014 que se adentra en el <strong>CNI\u00a0<\/strong>y que arranca con un <strong>asesinato que destapa una operaci\u00f3n de los servicios de Inteligencia rusos.<\/strong>\u00a0<\/p>\n<p id=\"ejvrngU9ZCp\" data-wc=\"12\"><strong>La veremos porque&#8230; <\/strong>Es una rara avis, una serie espa\u00f1ola de esp\u00edas.\u00a0<\/p>\n<p id=\"eKKjsrXobZ\" data-wc=\"4\"><strong>Estreno:\u00a0<\/strong>9\/10 en Movistar+<\/p>\n","protected":false},"excerpt":{"rendered":"Como cada a\u00f1o, el 12 de octubre se celebra en nuestro pa\u00eds el D\u00eda de la Hispanidad. Como&hellip;\n","protected":false},"author":2,"featured_media":169196,"comment_status":"","ping_status":"","sticky":false,"template":"","format":"standard","meta":{"footnotes":""},"categories":[171],"tags":[3900,517,3899,49341,146,147,25,24,805,23,214],"class_list":{"0":"post-169195","1":"post","2":"type-post","3":"status-publish","4":"format-standard","5":"has-post-thumbnail","7":"category-tv","8":"tag-hola","9":"tag-actualidad","10":"tag-contenido-sensible","11":"tag-dia-de-la-hispanidad","12":"tag-entertainment","13":"tag-entretenimiento","14":"tag-es","15":"tag-espana","16":"tag-series","17":"tag-spain","18":"tag-tv"},"share_on_mastodon":{"url":"","error":""},"_links":{"self":[{"href":"https:\/\/www.europesays.com\/es\/wp-json\/wp\/v2\/posts\/169195","targetHints":{"allow":["GET"]}}],"collection":[{"href":"https:\/\/www.europesays.com\/es\/wp-json\/wp\/v2\/posts"}],"about":[{"href":"https:\/\/www.europesays.com\/es\/wp-json\/wp\/v2\/types\/post"}],"author":[{"embeddable":true,"href":"https:\/\/www.europesays.com\/es\/wp-json\/wp\/v2\/users\/2"}],"replies":[{"embeddable":true,"href":"https:\/\/www.europesays.com\/es\/wp-json\/wp\/v2\/comments?post=169195"}],"version-history":[{"count":0,"href":"https:\/\/www.europesays.com\/es\/wp-json\/wp\/v2\/posts\/169195\/revisions"}],"wp:featuredmedia":[{"embeddable":true,"href":"https:\/\/www.europesays.com\/es\/wp-json\/wp\/v2\/media\/169196"}],"wp:attachment":[{"href":"https:\/\/www.europesays.com\/es\/wp-json\/wp\/v2\/media?parent=169195"}],"wp:term":[{"taxonomy":"category","embeddable":true,"href":"https:\/\/www.europesays.com\/es\/wp-json\/wp\/v2\/categories?post=169195"},{"taxonomy":"post_tag","embeddable":true,"href":"https:\/\/www.europesays.com\/es\/wp-json\/wp\/v2\/tags?post=169195"}],"curies":[{"name":"wp","href":"https:\/\/api.w.org\/{rel}","templated":true}]}}