{"id":169210,"date":"2025-10-11T08:35:14","date_gmt":"2025-10-11T08:35:14","guid":{"rendered":"https:\/\/www.europesays.com\/es\/169210\/"},"modified":"2025-10-11T08:35:14","modified_gmt":"2025-10-11T08:35:14","slug":"el-gobierno-de-ayuso-informa-de-lo-que-va-a-hacer-en-el-metro-de-madrid-este-12-de-octubre-y-el-cabreo-es-mayusculo","status":"publish","type":"post","link":"https:\/\/www.europesays.com\/es\/169210\/","title":{"rendered":"El Gobierno de Ayuso informa de lo que va a hacer en el Metro de Madrid este 12 de octubre y el cabreo es may\u00fasculo"},"content":{"rendered":"<p>El colapso que se produce a diario en la hora punta del <a href=\"https:\/\/www.huffingtonpost.es\/virales\/el-consejero-metro-madrid-defiende-gestion-tuit-truco-evidente-dicen-momento.html\" rel=\"nofollow noopener\" target=\"_blank\">Metro de Madrid <\/a>se ha convertido en constante y muchas personas no dudan en denunciarlo a trav\u00e9s de sus redes sociales, con v\u00eddeos, im\u00e1genes y mensajes.\u00a0\u00a0<\/p>\n<p>Pero el revuelo ha sido todav\u00eda mayor al ver el tuit que la <a href=\"https:\/\/www.huffingtonpost.es\/virales\/a-primera-vista-risa-cartel-hay-metro-madrid-mas-importante-parece.html\" rel=\"nofollow noopener\" target=\"_blank\">Consejer\u00eda de Transportes e Infraestructuras madrile\u00f1a<\/a> ha publicado este viernes, informando de lo que har\u00e1 este domingo, 12 de octubre, por el desfile y el D\u00eda de la Hispanidad.<\/p>\n<p>\u00abLa Comunidad Madrid <b>refuerza el servicio de Metro de Madrid hasta un 56% con motivo del D\u00eda de la Hispanidad 2025<\/b>\u00ab, ha detallado el Gobierno de Ayuso, antes de explicar desde cuando se aumentar\u00e1 el paso de trenes.<\/p>\n<p>\u00abLas l\u00edneas 1, 2, 4, 5 y 10 aumentar\u00e1n su frecuencia desde las 9:00h <b>hasta que finalicen los actos programados para este 12 de octubre<\/b>\u00ab, ha contado el Ejecutivo madrile\u00f1o, en un tuit que suma decenas de reacciones en cuesti\u00f3n de horas.<\/p>\n<p>Una situaci\u00f3n en el transporte p\u00fablico de la Comunidad de Madrid que lleva varias semanas <a href=\"https:\/\/www.huffingtonpost.es\/virales\/oscar-puente-logro-medio-mes-telemadrid-habla-caos-metro-como-te-imaginas.html\" rel=\"nofollow noopener\" target=\"_blank\">compartiendo el ministro de Transportes y Movilidad Sostenible, \u00d3scar Puente, en la red social X<\/a>. \u00abDec\u00edamos ayer\u2026\u00bb, puso en un tuit este viernes, junto a una imagen de uno de los andenes de Metro de Madrid lleno de personas.<\/p>\n<p>Muchos se frotan los ojos, pero el tuit es real. Hay quien no comprende que se refuerce el servicio un domingo para acudir a los actos del 12 de octubre y no se haga entre semana, cuando se multiplican las im\u00e1genes de los vagones y los andenes llenos en muchas estaciones de la capital.<\/p>\n<p>\u00abReforzar entre semana, vamos como sardinas en una sauna\u00bb, \u00ab<b>Para ver la cabra: refuerzo. Para ir a trabajar: que se busquen la vida<\/b>\u00bb o \u00abpara esto s\u00ed, para ir a trabajar y a clase no\u00bb han sido algunas de las respuestas.<\/p>\n","protected":false},"excerpt":{"rendered":"El colapso que se produce a diario en la hora punta del Metro de Madrid se ha convertido&hellip;\n","protected":false},"author":2,"featured_media":169211,"comment_status":"","ping_status":"","sticky":false,"template":"","format":"standard","meta":{"footnotes":""},"categories":[5],"tags":[17,18,49346,49341,25,24,13,14,11,3515,19,20,9,10,15,16,23,12,21,22],"class_list":{"0":"post-169210","1":"post","2":"type-post","3":"status-publish","4":"format-standard","5":"has-post-thumbnail","7":"category-titulares","8":"tag-breaking-news","9":"tag-breakingnews","10":"tag-desfile-12-octubre","11":"tag-dia-de-la-hispanidad","12":"tag-es","13":"tag-espana","14":"tag-featured-news","15":"tag-featurednews","16":"tag-headlines","17":"tag-isabel-diaz-ayuso","18":"tag-latest-news","19":"tag-latestnews","20":"tag-news","21":"tag-noticias","22":"tag-noticias-destacadas","23":"tag-noticiasdestacadas","24":"tag-spain","25":"tag-titulares","26":"tag-ultimas-noticias","27":"tag-ultimasnoticias"},"share_on_mastodon":{"url":"","error":""},"_links":{"self":[{"href":"https:\/\/www.europesays.com\/es\/wp-json\/wp\/v2\/posts\/169210","targetHints":{"allow":["GET"]}}],"collection":[{"href":"https:\/\/www.europesays.com\/es\/wp-json\/wp\/v2\/posts"}],"about":[{"href":"https:\/\/www.europesays.com\/es\/wp-json\/wp\/v2\/types\/post"}],"author":[{"embeddable":true,"href":"https:\/\/www.europesays.com\/es\/wp-json\/wp\/v2\/users\/2"}],"replies":[{"embeddable":true,"href":"https:\/\/www.europesays.com\/es\/wp-json\/wp\/v2\/comments?post=169210"}],"version-history":[{"count":0,"href":"https:\/\/www.europesays.com\/es\/wp-json\/wp\/v2\/posts\/169210\/revisions"}],"wp:featuredmedia":[{"embeddable":true,"href":"https:\/\/www.europesays.com\/es\/wp-json\/wp\/v2\/media\/169211"}],"wp:attachment":[{"href":"https:\/\/www.europesays.com\/es\/wp-json\/wp\/v2\/media?parent=169210"}],"wp:term":[{"taxonomy":"category","embeddable":true,"href":"https:\/\/www.europesays.com\/es\/wp-json\/wp\/v2\/categories?post=169210"},{"taxonomy":"post_tag","embeddable":true,"href":"https:\/\/www.europesays.com\/es\/wp-json\/wp\/v2\/tags?post=169210"}],"curies":[{"name":"wp","href":"https:\/\/api.w.org\/{rel}","templated":true}]}}