{"id":169214,"date":"2025-10-11T08:37:08","date_gmt":"2025-10-11T08:37:08","guid":{"rendered":"https:\/\/www.europesays.com\/es\/169214\/"},"modified":"2025-10-11T08:37:08","modified_gmt":"2025-10-11T08:37:08","slug":"tomas-gonzalez-suena-el-toreo-en-la-misericordia-con-la-pesadilla-del-acero","status":"publish","type":"post","link":"https:\/\/www.europesays.com\/es\/169214\/","title":{"rendered":"Tom\u00e1s Gonz\u00e1lez sue\u00f1a el toreo en La Misericordia con la pesadilla del acero"},"content":{"rendered":"\n<p>El alcorisano, que debutaba en la plaza de toros de Zaragoza el pasado martes 7 de octubre, tore\u00f3 con gusto, templando la embestida del primer novillo de su lote, componiendo la figura y definiendo un estilo propio y puro del toreo, ante un novillo, el tercero de la tarde de la ganader\u00eda navarra de Pincha, que fue, en definitiva, el \u00fanico que se prest\u00f3 al lucimiento, en un oc\u00e9ano de mansedumbre que caracteriz\u00f3 a los restantes -el segundo igualmente con el hierro de Pincha, que completaron los otros cuatro del hierro titular de Hijos de Ignacio P\u00e9rez Tabernero-. Lo recibi\u00f3 con una larga cambiada para, a continuaci\u00f3n, con una rodilla en tierra lancear por ver\u00f3nicas, rematando el saludo de igual forma ya con la figura erguida. Estuvo asentado y firme durante la labor con la pa\u00f1osa, que inici\u00f3 de hinojos en el centro del ruedo ante la expectaci\u00f3n del p\u00fablico zaragozano, ofreciendo un buen concepto en una faena que trascendi\u00f3 al tendido y que mantuvo el inter\u00e9s del aficionado en todo momento. Convencido de los terrenos y distancias que requer\u00eda el novillo, sometiendo su embestida, sin tirones y desplaz\u00e1ndolo con suavidad y exquisita naturalidad, componiendo una figura vertical y suntuosa, definiendo de esta forma una personalidad propia, el novillero turolense sabore\u00f3 el toreo con tenacidad y gusto. Con la medida justa del tiempo, sin excederse, consigui\u00f3 extraer y dar sutil forma a su embestida y conmover al p\u00fablico. Destac\u00f3 especialmente con la mano izquierda en varios naturales pausados y reposados que transmitieron al tendido. La tardanza en caer del novillo lo dej\u00f3 en vuelta al ruedo. Nuevamente demostr\u00f3 disposici\u00f3n en el \u00faltimo de la tarde, hasta el extremo que se fue a recibirlo a portagayola, sin embargo, la soser\u00eda del utrero impidi\u00f3 rematar su actuaci\u00f3n, saludando una ovaci\u00f3n. Gonz\u00e1lez impresion\u00f3 en el albero ma\u00f1o dejando una percepci\u00f3n de buen toreo, erigi\u00e9ndose, de este modo, en la esperanza del toreo turolense. Los m\u00e9ritos alcanzados por el joven valor del toreo durante esta temporada, demandan su presencia en, al menos, las principales ferias la temporada pr\u00f3xima. Completaba la terna Cid de Mar\u00eda, que qued\u00f3 pr\u00e1cticamente in\u00e9dito en su primero por la condici\u00f3n de su oponente y sin terminar de redondear en el cuarto, y Pedro Andr\u00e9s, que estuvo dispuesto, pero limitado por su lote, ya que el primero se raj\u00f3 pronto y el quinto tampoco colabor\u00f3.<\/p>\n<p> Una semana de triunfo <\/p>\n<p>El pasado cuatro de octubre el alcorisano lidi\u00f3 en Darro (Granada) un encierro con novillos de Ignacio P\u00e9rez Tabernero, serios, y complicados en l\u00edneas generales, bueno el 4\u00b0 y peligroso el 5\u00ba. Tomas Gonz\u00e1lez cort\u00f3 una oreja ante un complejo primer novillo de su lote y dos orejas y rabo tras una faena de gran intensidad, basada en el pit\u00f3n izquierdo, dejando un toreo de mucha calidad ante un novillo que fue muy peligroso durante toda la lidia. Dej\u00f3 dos grandes estocadas para pasaportar a sus rivales.Cristian Gonz\u00e1lez, silencio en el primero y oreja en el segundo, y Jesus Cobo, novillero sin picadores que cort\u00f3 dos orejas en su \u00fanico novillo, completaron la terna.<\/p>\n<p>Un d\u00eda despu\u00e9s, en Mojados (Valladolid), el turolense lidi\u00f3 novillos de Torrestrella (1,2,3,4) y Alvaro N\u00fa\u00f1ez (5,6). Tom\u00e1s Gonz\u00e1lez fue ovacionado ante el muy complejo tercero de la tarde de Torrestrella, al que le sac\u00f3 todo el partido posible. Pase\u00f3 el alcorisano las dos orejas ante el cierraplaza, tras una faena extraordinaria, montera calada, de plena de inspiraci\u00f3n. El aragon\u00e9s tore\u00f3 muy relajado a un gran novillo de \u00c1lvaro N\u00fa\u00f1ez. Roc\u00edo Arrogante, rejoneadora, fue silenciada con los dos oponentes, recibiendo tres avisos. Pedro Andr\u00e9s pase\u00f3 las dos orejas de cada uno de sus contrincantes.<\/p>\n<p>Por delante le queda al joven novillero alcorisano una fecha de gran importancia. Ser\u00e1 este domingo, en Mejorada del Campo, donde el turolense se gan\u00f3, por derecho propio, el aparecer acartelado en la novillada de triunfadores. Romper\u00e1 pase\u00edllo el domingo, d\u00eda de la Hispanidad, el aragon\u00e9s junto a Mario Vilau y Daniel Moset, para lidiar un encierro de La Quinta. Gonz\u00e1lez ya compareci\u00f3 la pasada temporada en el festejo de triunfadores precisamente junto a Mario Vilau y a Victor Cerrato.<\/p>\n","protected":false},"excerpt":{"rendered":"El alcorisano, que debutaba en la plaza de toros de Zaragoza el pasado martes 7 de octubre, tore\u00f3&hellip;\n","protected":false},"author":2,"featured_media":169215,"comment_status":"","ping_status":"","sticky":false,"template":"","format":"standard","meta":{"footnotes":""},"categories":[277],"tags":[373,168,25,24,23,167,374],"class_list":{"0":"post-169214","1":"post","2":"type-post","3":"status-publish","4":"format-standard","5":"has-post-thumbnail","7":"category-toreo","8":"tag-bullfighting","9":"tag-deportes","10":"tag-es","11":"tag-espana","12":"tag-spain","13":"tag-sports","14":"tag-toreo"},"share_on_mastodon":{"url":"","error":""},"_links":{"self":[{"href":"https:\/\/www.europesays.com\/es\/wp-json\/wp\/v2\/posts\/169214","targetHints":{"allow":["GET"]}}],"collection":[{"href":"https:\/\/www.europesays.com\/es\/wp-json\/wp\/v2\/posts"}],"about":[{"href":"https:\/\/www.europesays.com\/es\/wp-json\/wp\/v2\/types\/post"}],"author":[{"embeddable":true,"href":"https:\/\/www.europesays.com\/es\/wp-json\/wp\/v2\/users\/2"}],"replies":[{"embeddable":true,"href":"https:\/\/www.europesays.com\/es\/wp-json\/wp\/v2\/comments?post=169214"}],"version-history":[{"count":0,"href":"https:\/\/www.europesays.com\/es\/wp-json\/wp\/v2\/posts\/169214\/revisions"}],"wp:featuredmedia":[{"embeddable":true,"href":"https:\/\/www.europesays.com\/es\/wp-json\/wp\/v2\/media\/169215"}],"wp:attachment":[{"href":"https:\/\/www.europesays.com\/es\/wp-json\/wp\/v2\/media?parent=169214"}],"wp:term":[{"taxonomy":"category","embeddable":true,"href":"https:\/\/www.europesays.com\/es\/wp-json\/wp\/v2\/categories?post=169214"},{"taxonomy":"post_tag","embeddable":true,"href":"https:\/\/www.europesays.com\/es\/wp-json\/wp\/v2\/tags?post=169214"}],"curies":[{"name":"wp","href":"https:\/\/api.w.org\/{rel}","templated":true}]}}